{"id":98228,"date":"2020-09-08T10:01:07","date_gmt":"2020-09-08T14:01:07","guid":{"rendered":"https:\/\/linitiative.ca\/International\/affaire-al-hoceima-greve-de-la-faim\/"},"modified":"2020-09-08T10:01:07","modified_gmt":"2020-09-08T14:01:07","slug":"affaire-al-hoceima-greve-de-la-faim","status":"publish","type":"post","link":"https:\/\/linitiative.ca\/International\/affaire-al-hoceima-greve-de-la-faim\/","title":{"rendered":"Affaire Al Hoce\u00efma: Gr\u00e8ve de la faim"},"content":{"rendered":"<div class=\"body\">\n<div class=\"field field-name-body field-type-text-with-summary field-label-hidden\">\n<div class=\"field-items\" readability=\"9\">\n<div class=\"field-item even\" property=\"content:encoded\" readability=\"13\">\n<p class=\"rtejustify\">L\u2019Observatoire des prisons du Maroc (OPM) a rendu visite le 4 septembre aux d\u00e9tenus des \u00e9v\u00e9nements du Rif. Ils sont emprisonn\u00e9s aux p\u00e9nitenciers de Ras Alma \u00e0 F\u00e8s, Nador et Guerssif. Nabil Ahemjik et Nasser Zefzafi sont en gr\u00e8ve de la faim depuis mi-ao\u00fbt 2020. L\u2019OPM demande \u00e0 l\u2019administration p\u00e9nitentiaire \u00abd\u2019ouvrir le dialogue \u00bb avec ses deux \u00abpensionnaires\u00bb. Objectif, \u00abtrouver un accord juste \u00e0 leurs r\u00e9clamations\u00bb. L\u2019OPM ne pr\u00e9cise pas lesquelles lorsqu\u2019il \u00e9voque la situation de \u00abces d\u00e9tenus politiques\u00bb condamn\u00e9s \u00e0 20 ans de prison ferme. L\u2019association exprime ses craintes sur les cons\u00e9quences physique et psychologique auxquelles sont expos\u00e9s les gr\u00e9vistes de la faim. Et ce, au m\u00eame titre que \u00ables retentissements politiques\u00bb de cette affaire sur le Maroc.<br \/><em>F.F.<\/em><\/p>\n<\/div>\n<\/div>\n<\/div>\n<\/div>\n<div class=\"eco-conseil\">\n<div class=\"view view-eco-conseil-16 view-id-eco_conseil_16 view-display-id-cookies view-dom-id-05c0d66e1f6ba06136fa629abf2ef278\">\n<div class=\"view-content\">\n<div id=\"views-bootstrap-grid-1\" class=\"views-bootstrap-grid-plugin-style\">\n<div class=\"row\">\n<div class=\" col-xs-12 col-lg-4\">\n<div class=\"row\">\n<div class=\"col col-xs-12 col-lg-12\">\n<div class=\"field-content\"><a href=\"\/article\/1066885-festivals-l-effet-devastateur-du-coronavirus\"><img loading=\"lazy\" decoding=\"async\" class=\"img-responsive\" typeof=\"foaf:Image\" src=\"https:\/\/www.leconomiste.com\/sites\/default\/files\/eco7\/public\/styles\/800x400\/public\/default_images\/default_une.jpg?itok=4jZlgnIZ\" width=\"660\" height=\"330\" alt=\"\"\/><\/a><\/div>\n<\/div>\n<div class=\" title_suite_2 col col-xs-12 col-lg-12\"> <a href=\"\/article\/1066885-festivals-l-effet-devastateur-du-coronavirus\"\/><span class=\"field-content\">Festivals: L&rsquo;effet d\u00e9vastateur du coronavirus<\/span><\/div>\n<\/div>\n<\/div>\n<div class=\" col-xs-12 col-lg-4\">\n<div class=\"row\">\n<div class=\"col col-xs-12 col-lg-12\">\n<div class=\"field-content\"><a href=\"\/article\/1066884-douane-l-application-diwnati-arrive\"><img loading=\"lazy\" decoding=\"async\" class=\"img-responsive\" typeof=\"foaf:Image\" src=\"https:\/\/www.leconomiste.com\/sites\/default\/files\/eco7\/public\/styles\/800x400\/public\/default_images\/default_une.jpg?itok=4jZlgnIZ\" width=\"660\" height=\"330\" alt=\"\"\/><\/a><\/div>\n<\/div>\n<div class=\" title_suite_2 col col-xs-12 col-lg-12\"> <a href=\"\/article\/1066884-douane-l-application-diwnati-arrive\"\/><span class=\"field-content\">Douane: L&rsquo;application <span class=\"__cf_email__\" data-cfemail=\"c783aeb087a9a6b3ae\">[email\u00a0protected]<\/span> arrive<\/span><\/div>\n<\/div>\n<\/div>\n<div class=\" col-xs-12 col-lg-4\">\n<div class=\"row\">\n<div class=\"col col-xs-12 col-lg-12\">\n<div class=\"field-content\"><a href=\"\/article\/1066883-deux-nouveaux-flagships-pour-huawei\"><img loading=\"lazy\" decoding=\"async\" class=\"img-responsive\" typeof=\"foaf:Image\" src=\"https:\/\/www.leconomiste.com\/sites\/default\/files\/eco7\/public\/styles\/800x400\/public\/default_images\/default_une.jpg?itok=4jZlgnIZ\" width=\"660\" height=\"330\" alt=\"\"\/><\/a><\/div>\n<\/div>\n<div class=\" title_suite_2 col col-xs-12 col-lg-12\"> <a href=\"\/article\/1066883-deux-nouveaux-flagships-pour-huawei\"\/><span class=\"field-content\">Deux nouveaux flagships pour Huawei<\/span><\/div>\n<\/div>\n<\/div>\n<\/div>\n<\/div>\n<\/div>\n<\/div>\n<\/div>\n<p>Auteur: hlafriqi<br \/>\n<a href=\"https:\/\/www.leconomiste.com\/article\/1066886-affaire-al-hoceima-greve-de-la-faim\">Cliquez ici pour lire l&rsquo;article depuis sa source.<\/a><\/p>\n","protected":false},"excerpt":{"rendered":"<p>L\u2019Observatoire des prisons du Maroc (OPM) a rendu visite le 4 septembre aux d\u00e9tenus des \u00e9v\u00e9nements du Rif. Ils sont emprisonn\u00e9s aux p\u00e9nitenciers de Ras Alma \u00e0 F\u00e8s, Nador et Guerssif. Nabil Ahemjik et Nasser Zefzafi sont en gr\u00e8ve de la faim depuis mi-ao\u00fbt 2020. L\u2019OPM demande \u00e0 l\u2019administration p\u00e9nitentiaire \u00abd\u2019ouvrir le dialogue \u00bb avec [&hellip;]<\/p>\n","protected":false},"author":1763,"featured_media":0,"comment_status":"closed","ping_status":"closed","sticky":false,"template":"","format":"standard","meta":{"fifu_image_url":"","fifu_image_alt":"","footnotes":""},"categories":[78,54],"tags":[],"class_list":["post-98228","post","type-post","status-publish","format-standard","hentry","category-economie","category-maroc"],"_links":{"self":[{"href":"https:\/\/linitiative.ca\/International\/wp-json\/wp\/v2\/posts\/98228","targetHints":{"allow":["GET"]}}],"collection":[{"href":"https:\/\/linitiative.ca\/International\/wp-json\/wp\/v2\/posts"}],"about":[{"href":"https:\/\/linitiative.ca\/International\/wp-json\/wp\/v2\/types\/post"}],"author":[{"embeddable":true,"href":"https:\/\/linitiative.ca\/International\/wp-json\/wp\/v2\/users\/1763"}],"replies":[{"embeddable":true,"href":"https:\/\/linitiative.ca\/International\/wp-json\/wp\/v2\/comments?post=98228"}],"version-history":[{"count":0,"href":"https:\/\/linitiative.ca\/International\/wp-json\/wp\/v2\/posts\/98228\/revisions"}],"wp:attachment":[{"href":"https:\/\/linitiative.ca\/International\/wp-json\/wp\/v2\/media?parent=98228"}],"wp:term":[{"taxonomy":"category","embeddable":true,"href":"https:\/\/linitiative.ca\/International\/wp-json\/wp\/v2\/categories?post=98228"},{"taxonomy":"post_tag","embeddable":true,"href":"https:\/\/linitiative.ca\/International\/wp-json\/wp\/v2\/tags?post=98228"}],"curies":[{"name":"wp","href":"https:\/\/api.w.org\/{rel}","templated":true}]}}