{"id":98247,"date":"2020-09-07T20:00:00","date_gmt":"2020-09-08T00:00:00","guid":{"rendered":"https:\/\/linitiative.ca\/International\/examen-du-bem-le-premier-ministre-donne-le-coup-denvoi-a-partir-de-blida\/"},"modified":"2020-09-07T20:00:00","modified_gmt":"2020-09-08T00:00:00","slug":"examen-du-bem-le-premier-ministre-donne-le-coup-denvoi-a-partir-de-blida","status":"publish","type":"post","link":"https:\/\/linitiative.ca\/International\/examen-du-bem-le-premier-ministre-donne-le-coup-denvoi-a-partir-de-blida\/","title":{"rendered":"Examen du BEM : Le Premier ministre  donne le coup d\u2019envoi  \u00e0 partir de Blida"},"content":{"rendered":"<p><strong>Le Premier ministre, Abdelaziz Djerad, a donn\u00e9, hier \u00e0 partir de Blida, le coup d\u2019envoi des \u00e9preuves du Brevet d\u2019enseignement moyen (BEM), pour l\u2019ann\u00e9e scolaire 2019\/2020.<\/strong><\/p>\n<p>M. Djerad a proc\u00e9d\u00e9 \u00e0 l\u2019ouverture des plis contenant les copies de l\u2019\u00e9preuve de langue arabe au centre d\u2019examen du lyc\u00e9e \u00abEl Fath\u00bb du chef-lieu de Blida, o\u00f9 il s\u2019est enquis des conditions d\u2019examen des candidats, qui se d\u00e9roulent, cette ann\u00e9e, dans une conjoncture sanitaire \u00abexceptionnelle\u00bb due \u00e0 la pand\u00e9mie du nouveau coronavirus.<br \/>Le Premier ministre a rappel\u00e9 que \u00abBlida a \u00e9t\u00e9 la premi\u00e8re wilaya touch\u00e9e par cette pand\u00e9mie, a laquelle l\u2019Etat a fait face avec toute la vigueur requise\u00bb, affirmant qu\u2019il \u00e9tait \u00abpersonnellement pr\u00e9sent sur le terrain, depuis le 30 mars\u00bb.<br \/>\u00abDieu merci la situation s\u2019est am\u00e9lior\u00e9e \u00e0 l\u2019\u00e9chelle nationale\u00bb, a-t-il ajout\u00e9, observant que \u00abm\u00eame si la wilaya continue \u00e0 enregistrer certains chiffres, il n\u2019en demeure pas moins qu\u2019il y a une grande am\u00e9lioration gr\u00e2ce \u00e0 la sensibilisation des citoyens, d\u2019une prise de conscience collective, et d\u2019une forte solidarit\u00e9 nationale avec la wilaya de Blida d\u00e8s le d\u00e9but. Et ce gr\u00e2ce \u00e9galement au travail de qualit\u00e9 accompli par les autorit\u00e9s publiques. Nous sommes arriv\u00e9s progressivement \u00e0 la ma\u00eetrise de la situation\u00bb, a soulign\u00e9 le Premier ministre.<br \/>Mais \u00abla vigilance reste de mise\u00bb, a-t-il poursuivi, soutenant\u00a0 \u00abnous avons accompli ce travail pour prot\u00e9ger nos enfants et nos \u00e9l\u00e8ves. Et nous sommes sur la bonne voie, jusqu\u2019\u00e0 ce que la vie reprenne son cours normal\u00bb, a-t-il assur\u00e9.<br \/>Pr\u00e8s de 2.100 candidats ayant obtenu une moyenne de moins de 10, et repartis sur 60 centres d\u2019examens, se sont pr\u00e9sent\u00e9s \u00e0 ces \u00e9preuves dans la wilaya de Blida.<br \/>A l\u2019\u00e9chelle nationale, le nombre de candidats aux \u00e9preuves du BEM est de plus de 669.379 \u00e9l\u00e8ves, r\u00e9partis sur 2.556 centres de d\u00e9roulement et supervis\u00e9s par 163.900 encadreurs, selon les chiffres fournis par le minist\u00e8re de l\u2019Education nationale.<br \/>Le nombre d\u2019\u00e9l\u00e8ves scolaris\u00e9s concern\u00e9s par cette session est de 645.798, dont 345.136 filles et 300.662 gar\u00e7ons, contre 23.581 candidats libres. Pour rappel, la d\u00e9cision de cette session \u00abfacultative\u00bb a \u00e9t\u00e9 prise par le Premier ministre suite \u00e0 sa consultation avec le pr\u00e9sident de la R\u00e9publique, en juin dernier concernant le Brevet de l\u2019enseignement moyen pour l\u2019ann\u00e9e scolaire 2019\/2020.<br \/>Suite \u00e0 quoi il a \u00e9mis des instructions stipulant que \u00abLe BEM est facultatif en ce sens o\u00f9, pour les \u00e9l\u00e8ves scolaris\u00e9s, il n\u2019est plus un dipl\u00f4me n\u00e9cessaire pour le passage en classe sup\u00e9rieure. Ce passage se faisant avec une moyenne de deux\u00a0 trimestres, avec une moyenne de 9 sur 20\u00bb.<br \/>Toutefois, \u00ables \u00e9l\u00e8ves n\u2019ayant pas atteint la moyenne de 9 sur 20 ont la possibilit\u00e9 de passer le dipl\u00f4me de BEM dont la note sera prise en compte pour leur passage en ann\u00e9e sup\u00e9rieure\u00bb, est-il pr\u00e9cis\u00e9.<br \/>Pour les candidats non scolaris\u00e9s, \u00able dipl\u00f4me du BEM leur est n\u00e9cessaire comme unique possibilit\u00e9 pour l\u2019acc\u00e8s \u00e0 toute formation professionnelle sup\u00e9rieure\u00bb.<br \/>Les \u00e9preuves du BEM se d\u00e9rouleront du 7 au 9 du mois en cours, et les r\u00e9sultats seront annonc\u00e9s \u00e0 la fin du m\u00eame mois.<\/p>\n<p>Auteur: elmoudjahid<br \/>\n<a href=\"http:\/\/www.elmoudjahid.com\/fr\/actualites\/159175\">Cliquez ici pour lire l&rsquo;article depuis sa source.<\/a><\/p>\n","protected":false},"excerpt":{"rendered":"<p>Le Premier ministre, Abdelaziz Djerad, a donn\u00e9, hier \u00e0 partir de Blida, le coup d\u2019envoi des \u00e9preuves du Brevet d\u2019enseignement moyen (BEM), pour l\u2019ann\u00e9e scolaire 2019\/2020. M. Djerad a proc\u00e9d\u00e9 \u00e0 l\u2019ouverture des plis contenant les copies de l\u2019\u00e9preuve de langue arabe au centre d\u2019examen du lyc\u00e9e \u00abEl Fath\u00bb du chef-lieu de Blida, o\u00f9 il [&hellip;]<\/p>\n","protected":false},"author":1744,"featured_media":0,"comment_status":"closed","ping_status":"closed","sticky":false,"template":"","format":"standard","meta":{"fifu_image_url":"","fifu_image_alt":"","footnotes":""},"categories":[73,53],"tags":[],"class_list":["post-98247","post","type-post","status-publish","format-standard","hentry","category-actualite","category-algerie"],"_links":{"self":[{"href":"https:\/\/linitiative.ca\/International\/wp-json\/wp\/v2\/posts\/98247","targetHints":{"allow":["GET"]}}],"collection":[{"href":"https:\/\/linitiative.ca\/International\/wp-json\/wp\/v2\/posts"}],"about":[{"href":"https:\/\/linitiative.ca\/International\/wp-json\/wp\/v2\/types\/post"}],"author":[{"embeddable":true,"href":"https:\/\/linitiative.ca\/International\/wp-json\/wp\/v2\/users\/1744"}],"replies":[{"embeddable":true,"href":"https:\/\/linitiative.ca\/International\/wp-json\/wp\/v2\/comments?post=98247"}],"version-history":[{"count":0,"href":"https:\/\/linitiative.ca\/International\/wp-json\/wp\/v2\/posts\/98247\/revisions"}],"wp:attachment":[{"href":"https:\/\/linitiative.ca\/International\/wp-json\/wp\/v2\/media?parent=98247"}],"wp:term":[{"taxonomy":"category","embeddable":true,"href":"https:\/\/linitiative.ca\/International\/wp-json\/wp\/v2\/categories?post=98247"},{"taxonomy":"post_tag","embeddable":true,"href":"https:\/\/linitiative.ca\/International\/wp-json\/wp\/v2\/tags?post=98247"}],"curies":[{"name":"wp","href":"https:\/\/api.w.org\/{rel}","templated":true}]}}