{"id":98248,"date":"2020-09-07T20:00:00","date_gmt":"2020-09-08T00:00:00","guid":{"rendered":"https:\/\/linitiative.ca\/International\/le-president-tebboune-recoit-lambassadeur-du-royaume-des-pays-bas-en-algerie\/"},"modified":"2020-09-07T20:00:00","modified_gmt":"2020-09-08T00:00:00","slug":"le-president-tebboune-recoit-lambassadeur-du-royaume-des-pays-bas-en-algerie","status":"publish","type":"post","link":"https:\/\/linitiative.ca\/International\/le-president-tebboune-recoit-lambassadeur-du-royaume-des-pays-bas-en-algerie\/","title":{"rendered":"Le Pr\u00e9sident Tebboune re\u00e7oit l\u2019ambassadeur du royaume des Pays-Bas en Alg\u00e9rie"},"content":{"rendered":"<p>Le Pr\u00e9sident de la R\u00e9publique, M. Abdelmadjid Tebboune, a re\u00e7u, hier apr\u00e8s-midi, M. Robert Van Embden, qui lui a rendu une visite d&rsquo;adieu au terme de sa mission en Alg\u00e9rie en sa qualit\u00e9 d&rsquo;ambassadeur du Royaume des Pays-Bas, a indiqu\u00e9 un communiqu\u00e9 de la Pr\u00e9sidence de la R\u00e9publique.<br \/>\u00abLe Pr\u00e9sident de la R\u00e9publique, M. Abdelmadjid Tebboune, a re\u00e7u, cet apr\u00e8s-midi, M. Robert Van Embden, qui lui a rendu une visite d&rsquo;adieu au terme<br \/>de sa mission en Alg\u00e9rie en sa qualit\u00e9 d&rsquo;ambassadeur du Royaume des Pays-Bas\u00bb, lit-on dans le communiqu\u00e9.<\/p>\n<p>Auteur: elmoudjahid<br \/>\n<a href=\"http:\/\/www.elmoudjahid.com\/fr\/actualites\/159176\">Cliquez ici pour lire l&rsquo;article depuis sa source.<\/a><\/p>\n","protected":false},"excerpt":{"rendered":"<p>Le Pr\u00e9sident de la R\u00e9publique, M. Abdelmadjid Tebboune, a re\u00e7u, hier apr\u00e8s-midi, M. Robert Van Embden, qui lui a rendu une visite d&rsquo;adieu au terme de sa mission en Alg\u00e9rie en sa qualit\u00e9 d&rsquo;ambassadeur du Royaume des Pays-Bas, a indiqu\u00e9 un communiqu\u00e9 de la Pr\u00e9sidence de la R\u00e9publique.\u00abLe Pr\u00e9sident de la R\u00e9publique, M. Abdelmadjid Tebboune, [&hellip;]<\/p>\n","protected":false},"author":1744,"featured_media":0,"comment_status":"closed","ping_status":"closed","sticky":false,"template":"","format":"standard","meta":{"fifu_image_url":"","fifu_image_alt":"","footnotes":""},"categories":[73,53],"tags":[],"class_list":["post-98248","post","type-post","status-publish","format-standard","hentry","category-actualite","category-algerie"],"_links":{"self":[{"href":"https:\/\/linitiative.ca\/International\/wp-json\/wp\/v2\/posts\/98248","targetHints":{"allow":["GET"]}}],"collection":[{"href":"https:\/\/linitiative.ca\/International\/wp-json\/wp\/v2\/posts"}],"about":[{"href":"https:\/\/linitiative.ca\/International\/wp-json\/wp\/v2\/types\/post"}],"author":[{"embeddable":true,"href":"https:\/\/linitiative.ca\/International\/wp-json\/wp\/v2\/users\/1744"}],"replies":[{"embeddable":true,"href":"https:\/\/linitiative.ca\/International\/wp-json\/wp\/v2\/comments?post=98248"}],"version-history":[{"count":0,"href":"https:\/\/linitiative.ca\/International\/wp-json\/wp\/v2\/posts\/98248\/revisions"}],"wp:attachment":[{"href":"https:\/\/linitiative.ca\/International\/wp-json\/wp\/v2\/media?parent=98248"}],"wp:term":[{"taxonomy":"category","embeddable":true,"href":"https:\/\/linitiative.ca\/International\/wp-json\/wp\/v2\/categories?post=98248"},{"taxonomy":"post_tag","embeddable":true,"href":"https:\/\/linitiative.ca\/International\/wp-json\/wp\/v2\/tags?post=98248"}],"curies":[{"name":"wp","href":"https:\/\/api.w.org\/{rel}","templated":true}]}}