{"id":98249,"date":"2020-09-08T08:00:27","date_gmt":"2020-09-08T12:00:27","guid":{"rendered":"https:\/\/linitiative.ca\/International\/109454-ligue-1-le-gardien-de-but-salhi-3eme-recrue-estivale-du-mca\/"},"modified":"2020-09-08T08:00:27","modified_gmt":"2020-09-08T12:00:27","slug":"109454-ligue-1-le-gardien-de-but-salhi-3eme-recrue-estivale-du-mca","status":"publish","type":"post","link":"https:\/\/linitiative.ca\/International\/109454-ligue-1-le-gardien-de-but-salhi-3eme-recrue-estivale-du-mca\/","title":{"rendered":"Ligue 1: le gardien de but Salhi, 3\u00e8me recrue estivale du MCA"},"content":{"rendered":"<div readability=\"38\">\n<p><strong>ALGER &#8211; La gardien de but international Abdelkader Salhi, libre de tout engagement, s&rsquo;est engag\u00e9 mardi, pour trois ans avec le MC Alger, a annonc\u00e9 le club vice-champion d&rsquo;Alg\u00e9rie de football sur sa page officielle Facebook.<\/strong><\/p>\n<\/div>\n<div readability=\"68\">\n<p>Salhi (27 ans), qui a r\u00e9sili\u00e9 son contrat avec la JS Kabylie au terme de la phase aller de la pr\u00e9c\u00e9dente saison, devient la troisi\u00e8me recrue estivale du \u00ab\u00a0Doyen\u00a0\u00bb apr\u00e8s le d\u00e9fenseur central Mouad Hadded (ex-JSM Skikda) et le milieu de terrain ivoirien Isla Daoudi Diomand\u00e9 (ex-ES S\u00e9tif).<\/p>\n<p>Par ailleurs, le MCA a enregistr\u00e9 le d\u00e9part des joueurs dont les contrats n&rsquo;ont pas \u00e9t\u00e9 renouvel\u00e9s, \u00e0 l&rsquo;image de l&rsquo;attaquant Hicham Nekkache et du milieu offensif Walid Derrardja, qui se sont engag\u00e9s pour deux saisons avec le MC Oran.<\/p>\n<p>Le d\u00e9fenseur Abderrahmane Hachoud et le meneur de jeu Abderrahmane Bourdim, \u00e9galement en fin de contrat, devraient prolonger leur bail, sauf revirement de derni\u00e8re minute.<\/p>\n<blockquote readability=\"13\">\n<p><em><strong>Outre la n\u00e9cessit\u00e9 de renforcer l&rsquo;effectif, la direction a promu quelques joueurs de la r\u00e9serve, d&rsquo;autant que l&rsquo;\u00e9quipe est appel\u00e9e \u00e0 jouer sur plusieurs fronts, notamment en Ligue des champions d&rsquo;Afrique, lors de la saison 2020-2021, co\u00efncidant avec le centi\u00e8me anniversaire de la cr\u00e9ation du club.<\/strong><\/em><\/p>\n<\/blockquote>\n<p>La p\u00e9riode des transferts d&rsquo;\u00e9t\u00e9 s&rsquo;est ouverte officiellement 5 ao\u00fbt dernier et s&rsquo;\u00e9talera jusqu&rsquo;au 27 octobre. Le coup d&rsquo;envoi de la saison 2020-2021 n&rsquo;a pas encore \u00e9t\u00e9 fix\u00e9.<\/p>\n<p>Le MCA, a boucl\u00e9 la saison 2019-2020, d\u00e9finitivement suspendue en raison de la pand\u00e9mie du coronavirus (Covid-19), \u00e0 la 2e place au classement final, \u00e9tabli par la Ligue de football professionnel (LFP), sur la base de la r\u00e8gle d&rsquo;indice de performance des points r\u00e9colt\u00e9s et des matches disput\u00e9s, d\u00e9cid\u00e9 par la F\u00e9d\u00e9ration alg\u00e9rienne (FAF).<\/p>\n<\/div>\n<p>Auteur:<br \/>\n<a href=\"http:\/\/www.aps.dz\/sport\/109454-ligue-1-le-gardien-de-but-salhi-3eme-recrue-estivale-du-mca?utm_source=feedburner&#038;utm_medium=feed&#038;utm_campaign=Feed%3A+aps-sport+%28APS+-+SPORT%29\">Cliquez ici pour lire l&rsquo;article depuis sa source.<\/a><\/p>\n","protected":false},"excerpt":{"rendered":"<p>ALGER &#8211; La gardien de but international Abdelkader Salhi, libre de tout engagement, s&rsquo;est engag\u00e9 mardi, pour trois ans avec le MC Alger, a annonc\u00e9 le club vice-champion d&rsquo;Alg\u00e9rie de football sur sa page officielle Facebook. Salhi (27 ans), qui a r\u00e9sili\u00e9 son contrat avec la JS Kabylie au terme de la phase aller de [&hellip;]<\/p>\n","protected":false},"author":1790,"featured_media":0,"comment_status":"closed","ping_status":"closed","sticky":false,"template":"","format":"standard","meta":{"fifu_image_url":"","fifu_image_alt":"","footnotes":""},"categories":[53,75],"tags":[],"class_list":["post-98249","post","type-post","status-publish","format-standard","hentry","category-algerie","category-sport"],"_links":{"self":[{"href":"https:\/\/linitiative.ca\/International\/wp-json\/wp\/v2\/posts\/98249","targetHints":{"allow":["GET"]}}],"collection":[{"href":"https:\/\/linitiative.ca\/International\/wp-json\/wp\/v2\/posts"}],"about":[{"href":"https:\/\/linitiative.ca\/International\/wp-json\/wp\/v2\/types\/post"}],"author":[{"embeddable":true,"href":"https:\/\/linitiative.ca\/International\/wp-json\/wp\/v2\/users\/1790"}],"replies":[{"embeddable":true,"href":"https:\/\/linitiative.ca\/International\/wp-json\/wp\/v2\/comments?post=98249"}],"version-history":[{"count":0,"href":"https:\/\/linitiative.ca\/International\/wp-json\/wp\/v2\/posts\/98249\/revisions"}],"wp:attachment":[{"href":"https:\/\/linitiative.ca\/International\/wp-json\/wp\/v2\/media?parent=98249"}],"wp:term":[{"taxonomy":"category","embeddable":true,"href":"https:\/\/linitiative.ca\/International\/wp-json\/wp\/v2\/categories?post=98249"},{"taxonomy":"post_tag","embeddable":true,"href":"https:\/\/linitiative.ca\/International\/wp-json\/wp\/v2\/tags?post=98249"}],"curies":[{"name":"wp","href":"https:\/\/api.w.org\/{rel}","templated":true}]}}