{"id":98250,"date":"2020-09-08T08:03:06","date_gmt":"2020-09-08T12:03:06","guid":{"rendered":"https:\/\/linitiative.ca\/International\/109455-ligue-1-meftah-usma-et-sebbah-mco-rejoignent-le-nahd\/"},"modified":"2020-09-08T08:03:06","modified_gmt":"2020-09-08T12:03:06","slug":"109455-ligue-1-meftah-usma-et-sebbah-mco-rejoignent-le-nahd","status":"publish","type":"post","link":"https:\/\/linitiative.ca\/International\/109455-ligue-1-meftah-usma-et-sebbah-mco-rejoignent-le-nahd\/","title":{"rendered":"Ligue 1: Meftah (USMA) et Sebbah (MCO) rejoignent le NAHD"},"content":{"rendered":"<div readability=\"37\">\n<p><strong>ALGER &#8211; Les d\u00e9fenseurs Mohamed Rabie Meftah (USM Alger) et Zine El-Abidine Sebbah (MC Oran), ont officialis\u00e9 lundi soir leur engagement avec le NA Husse\u00efn-Dey, pour un contrat de deux saisons chacun, a appris l&rsquo;APS aupr\u00e8s du club pensionnaire de la Ligue 1 alg\u00e9rienne de football.<\/strong><\/p>\n<\/div>\n<div readability=\"64.5\">\n<p>Meftah (35 ans), en fin de contrat avec l&rsquo;USM Alger, va conna\u00eetre le quatri\u00e8me club de sa carri\u00e8re apr\u00e8s la JS Kabylie (2005-2010), la JSM B\u00e9jaia (2010-2011), et l&rsquo;USM Alger (2011-2020), idem pour Sebbah (33 ans), qui avait d\u00e9j\u00e0 port\u00e9 les couleurs du MCO, \u00e0 deux reprises (2007-2013, 2016-2020), du CS Constantine (2013-2014) et de l&rsquo;ASM Oran (2014-2016).<\/p>\n<blockquote readability=\"12\">\n<p><em><strong>Le NAHD est consid\u00e9r\u00e9 comme l&rsquo;un des clubs les plus actifs du march\u00e9 des transferts. De jeunes joueurs, issus de diff\u00e9rents paliers, et des \u00e9l\u00e9ments d&rsquo;exp\u00e9rience, sont venus rejoindre les \u00ab\u00a0Sang et Or\u00a0\u00bb. Le NAHD a confi\u00e9 les r\u00eanes de la barre technique \u00e0 l&rsquo;entra\u00eeneur Nadir Leknaoui, qui s&rsquo;est engag\u00e9 pour un contrat d&rsquo;une saison renouvelable.<\/strong><\/em><\/p>\n<\/blockquote>\n<p>Rel\u00e9gable avant la suspension de la comp\u00e9tition, le NAHD a \u00e9t\u00e9 finalement maintenu parmi l&rsquo;\u00e9lite, apr\u00e8s l\u2019adoption par les membres de l\u2019assembl\u00e9e g\u00e9n\u00e9rale de la F\u00e9d\u00e9ration alg\u00e9rienne (FAF) du choix qui pr\u00e9voyait de d\u00e9signer les laur\u00e9ats et les promus, tout en annulant la rel\u00e9gation, au terme de la consultation \u00e9crite initi\u00e9e par l&rsquo;instance f\u00e9d\u00e9rale, pour donner suite \u00e0 l&rsquo;exercice 2019-2020, d\u00e9finitivement suspendu en raison de la pand\u00e9mie de coronavirus (Covid-19).<\/p>\n<p>Pour rappel, la p\u00e9riode des transferts d&rsquo;\u00e9t\u00e9 s&rsquo;est ouverte mercredi 5 ao\u00fbt et s&rsquo;\u00e9talera jusqu&rsquo;au 27 octobre. La date de la reprise des entra\u00eenements et le coup d&rsquo;envoi de la saison 2020-2021 n&rsquo;ont pas encore \u00e9t\u00e9 fix\u00e9s.<\/p>\n<\/div>\n<p>Auteur:<br \/>\n<a href=\"http:\/\/www.aps.dz\/sport\/109455-ligue-1-meftah-usma-et-sebbah-mco-rejoignent-le-nahd?utm_source=feedburner&#038;utm_medium=feed&#038;utm_campaign=Feed%3A+aps-sport+%28APS+-+SPORT%29\">Cliquez ici pour lire l&rsquo;article depuis sa source.<\/a><\/p>\n","protected":false},"excerpt":{"rendered":"<p>ALGER &#8211; Les d\u00e9fenseurs Mohamed Rabie Meftah (USM Alger) et Zine El-Abidine Sebbah (MC Oran), ont officialis\u00e9 lundi soir leur engagement avec le NA Husse\u00efn-Dey, pour un contrat de deux saisons chacun, a appris l&rsquo;APS aupr\u00e8s du club pensionnaire de la Ligue 1 alg\u00e9rienne de football. Meftah (35 ans), en fin de contrat avec l&rsquo;USM [&hellip;]<\/p>\n","protected":false},"author":1790,"featured_media":0,"comment_status":"closed","ping_status":"closed","sticky":false,"template":"","format":"standard","meta":{"fifu_image_url":"","fifu_image_alt":"","footnotes":""},"categories":[53,75],"tags":[],"class_list":["post-98250","post","type-post","status-publish","format-standard","hentry","category-algerie","category-sport"],"_links":{"self":[{"href":"https:\/\/linitiative.ca\/International\/wp-json\/wp\/v2\/posts\/98250","targetHints":{"allow":["GET"]}}],"collection":[{"href":"https:\/\/linitiative.ca\/International\/wp-json\/wp\/v2\/posts"}],"about":[{"href":"https:\/\/linitiative.ca\/International\/wp-json\/wp\/v2\/types\/post"}],"author":[{"embeddable":true,"href":"https:\/\/linitiative.ca\/International\/wp-json\/wp\/v2\/users\/1790"}],"replies":[{"embeddable":true,"href":"https:\/\/linitiative.ca\/International\/wp-json\/wp\/v2\/comments?post=98250"}],"version-history":[{"count":0,"href":"https:\/\/linitiative.ca\/International\/wp-json\/wp\/v2\/posts\/98250\/revisions"}],"wp:attachment":[{"href":"https:\/\/linitiative.ca\/International\/wp-json\/wp\/v2\/media?parent=98250"}],"wp:term":[{"taxonomy":"category","embeddable":true,"href":"https:\/\/linitiative.ca\/International\/wp-json\/wp\/v2\/categories?post=98250"},{"taxonomy":"post_tag","embeddable":true,"href":"https:\/\/linitiative.ca\/International\/wp-json\/wp\/v2\/tags?post=98250"}],"curies":[{"name":"wp","href":"https:\/\/api.w.org\/{rel}","templated":true}]}}