{"id":98251,"date":"2020-09-08T09:20:10","date_gmt":"2020-09-08T13:20:10","guid":{"rendered":"https:\/\/linitiative.ca\/International\/109458-coa-nous-veillerons-a-l-application-de-la-reglementation\/"},"modified":"2020-09-08T09:20:10","modified_gmt":"2020-09-08T13:20:10","slug":"109458-coa-nous-veillerons-a-l-application-de-la-reglementation","status":"publish","type":"post","link":"https:\/\/linitiative.ca\/International\/109458-coa-nous-veillerons-a-l-application-de-la-reglementation\/","title":{"rendered":"COA: \u00ab\u00a0nous veillerons \u00e0 l&rsquo;application de la r\u00e9glementation\u00a0\u00bb"},"content":{"rendered":"<div readability=\"38\">\n<p><strong>ALGER &#8211; Le pr\u00e9sident par int\u00e9rim du Comit\u00e9 olympique et sportif alg\u00e9rien (COA), Mohamed Meridja, a r\u00e9it\u00e9r\u00e9 l&rsquo;engagement et la d\u00e9termination de son instance \u00e0 appliquer la r\u00e9glementation en vigueur, en vue de l&rsquo;\u00e9lection du prochain pr\u00e9sident dont l&rsquo;assembl\u00e9e g\u00e9n\u00e9rale \u00e9lective (AGE) aura lieu samedi prochain au si\u00e8ge du COA \u00e0 Ben Aknoun (Alger).<\/strong><\/p>\n<\/div>\n<div readability=\"85.556541019956\">\n<p>\u00ab\u00a0En tant que pr\u00e9sident par int\u00e9rim du COA, je veille juste au respect de la loi et \u00e0 l&rsquo;application des r\u00e8glements, comme nous l&rsquo;avons fait dans l&rsquo;\u00e9tude des dossiers de candidature o\u00f9 personne n&rsquo;a \u00e9t\u00e9 l\u00e9s\u00e9 et tous les dispositifs juridiques ont \u00e9t\u00e9 appliqu\u00e9s \u00e0 la lettre.\u00a0\u00bb, a d\u00e9clar\u00e9 Meridja lors d&rsquo;une conf\u00e9rence de presse anim\u00e9e au si\u00e8ge du COA \u00e0 Alger.<\/p>\n<blockquote readability=\"9\">\n<p><em><strong>Le pr\u00e9sident par int\u00e9rim a insist\u00e9 \u00e0 cette occasion sur \u00ab\u00a0la n\u00e9cessit\u00e9 de mettre les sentiments et les rapports affectifs de c\u00f4t\u00e9 pour pouvoir faire du bon travail, sans parti pris ni complaisance, et tout cela dans l&rsquo;int\u00e9r\u00eat g\u00e9n\u00e9ral des athl\u00e8tes\u00a0\u00bb.<\/strong><\/em><\/p>\n<\/blockquote>\n<p>Cette rencontre avec la presse intervient au lendemain de la validation par le bureau ex\u00e9cutif du COA de quatre dossiers de candidature pour le poste de pr\u00e9sident et le rejet de la candidature de Raouf-Salim Bernaoui, ex-ministre de la Jeunesse et des Sport et pr\u00e9sident de la F\u00e9d\u00e9ration alg\u00e9rienne d\u2019escrime (FAE).<\/p>\n<p>Par ailleurs, les dossiers de candidature d&rsquo;Abderrahmane Hammad, m\u00e9daill\u00e9 de bronze aux JO-2000 de Sydney, de Soumia Fergani, ex-d\u00e9put\u00e9e \u00e0 l&rsquo;Assembl\u00e9e populaire nationale (APN) et premi\u00e8re arbitre internationale de football, de Sid-Ali Lebib, ex-ministre de la Jeunesse et des Sports et celle de Mabrouk Kerboua, ex-pr\u00e9sident de la F\u00e9d\u00e9ration alg\u00e9rienne de cyclisme (FAC), ont \u00e9t\u00e9 valid\u00e9s.<\/p>\n<hr\/>\n<h3>Lire aussi:\u00a0<a href=\"http:\/\/www.aps.dz\/sport\/109460-comite-olympique-et-sportif-algerien-meridja-dresse-le-bilan-des-quatre-derniers-mois-de-son-interim\">Comit\u00e9 olympique et sportif alg\u00e9rien : Meridja dresse le bilan des quatre derniers mois de son int\u00e9rim<\/a><\/h3>\n<hr\/>\n<blockquote readability=\"12\">\n<p><em><strong>\u00ab\u00a0Nous avons bien d\u00e9taill\u00e9 les motifs du rejet de la candidature de Raouf-Salim Bernaoui qui r\u00e9pondent uniquement \u00e0 des dispositifs purement juridiques dont l&rsquo;article 62 de la loi 13-05 du 13 juillet 2013, relative \u00e0 l\u2019organisation et le d\u00e9veloppement des activit\u00e9s physiques et sportive, les articles 33 et 35 des statuts de l&rsquo;instance ainsi que l&rsquo;ordonnance N.07-01 du 1er mars 2007, relative aux incompatibilit\u00e9s et obligations particuli\u00e8res attach\u00e9es \u00e0 certains emplois et fonctions.\u00a0\u00bb, a-t-il expliqu\u00e9.<\/strong><\/em><\/p>\n<\/blockquote>\n<p>Apr\u00e8s avoir rappel\u00e9 que le candidat Bernaoui a \u00e9t\u00e9 d\u00e9chu de sa qualit\u00e9 de membre de l&rsquo;assembl\u00e9e du COA depuis son remplacement au sein du Comit\u00e9 ex\u00e9cutif, pour le motif d&rsquo;absences r\u00e9p\u00e9t\u00e9es et en application des articles 33 et 35 des statuts de l&rsquo;instance, il a fait remarquer que le pr\u00e9sident de la F\u00e9d\u00e9ration alg\u00e9rien d&rsquo;escrime (FAE) peut formuler un recours aupr\u00e8s du Tribunal arbitral du sport (TAS) dans les 21 jours qui suivent la d\u00e9cision du rejet de son dossier, selon l&rsquo;article 40 des statuts de l&rsquo;instance olympique.<\/p>\n<p>\u00ab\u00a0Notre institution doit retrouver l&rsquo;unit\u00e9 et la fraternit\u00e9 qui ont fait sa force et sa renomm\u00e9e. Nous devons mobiliser et unir tous nos efforts pour servir le sport et les sportifs uniquement, en veillant \u00e0 la sauvegarde des valeurs olympiques.\u00a0\u00bb, a-t-il conclu.<\/p>\n<p>Il est \u00e0 rappeler qu&rsquo;apr\u00e8s la d\u00e9mission de Mustapha Berraf, ent\u00e9rin\u00e9e le 12 mai dernier par le bureau ex\u00e9cutif, la pr\u00e9sidence par int\u00e9rim du COA avait \u00e9t\u00e9 confi\u00e9e, en application des statuts de l&rsquo;instance, \u00e0 Mohamed Meridja, charg\u00e9 de la gestion des affaires courantes du COA et de pr\u00e9parer les prochaines Assembl\u00e9es g\u00e9n\u00e9rales.<\/p>\n<\/div>\n<p>Auteur:<br \/>\n<a href=\"http:\/\/www.aps.dz\/sport\/109458-coa-nous-veillerons-a-l-application-de-la-reglementation?utm_source=feedburner&#038;utm_medium=feed&#038;utm_campaign=Feed%3A+aps-sport+%28APS+-+SPORT%29\">Cliquez ici pour lire l&rsquo;article depuis sa source.<\/a><\/p>\n","protected":false},"excerpt":{"rendered":"<p>ALGER &#8211; Le pr\u00e9sident par int\u00e9rim du Comit\u00e9 olympique et sportif alg\u00e9rien (COA), Mohamed Meridja, a r\u00e9it\u00e9r\u00e9 l&rsquo;engagement et la d\u00e9termination de son instance \u00e0 appliquer la r\u00e9glementation en vigueur, en vue de l&rsquo;\u00e9lection du prochain pr\u00e9sident dont l&rsquo;assembl\u00e9e g\u00e9n\u00e9rale \u00e9lective (AGE) aura lieu samedi prochain au si\u00e8ge du COA \u00e0 Ben Aknoun (Alger). \u00ab\u00a0En [&hellip;]<\/p>\n","protected":false},"author":1790,"featured_media":0,"comment_status":"closed","ping_status":"closed","sticky":false,"template":"","format":"standard","meta":{"fifu_image_url":"","fifu_image_alt":"","footnotes":""},"categories":[53,75],"tags":[],"class_list":["post-98251","post","type-post","status-publish","format-standard","hentry","category-algerie","category-sport"],"_links":{"self":[{"href":"https:\/\/linitiative.ca\/International\/wp-json\/wp\/v2\/posts\/98251","targetHints":{"allow":["GET"]}}],"collection":[{"href":"https:\/\/linitiative.ca\/International\/wp-json\/wp\/v2\/posts"}],"about":[{"href":"https:\/\/linitiative.ca\/International\/wp-json\/wp\/v2\/types\/post"}],"author":[{"embeddable":true,"href":"https:\/\/linitiative.ca\/International\/wp-json\/wp\/v2\/users\/1790"}],"replies":[{"embeddable":true,"href":"https:\/\/linitiative.ca\/International\/wp-json\/wp\/v2\/comments?post=98251"}],"version-history":[{"count":0,"href":"https:\/\/linitiative.ca\/International\/wp-json\/wp\/v2\/posts\/98251\/revisions"}],"wp:attachment":[{"href":"https:\/\/linitiative.ca\/International\/wp-json\/wp\/v2\/media?parent=98251"}],"wp:term":[{"taxonomy":"category","embeddable":true,"href":"https:\/\/linitiative.ca\/International\/wp-json\/wp\/v2\/categories?post=98251"},{"taxonomy":"post_tag","embeddable":true,"href":"https:\/\/linitiative.ca\/International\/wp-json\/wp\/v2\/tags?post=98251"}],"curies":[{"name":"wp","href":"https:\/\/api.w.org\/{rel}","templated":true}]}}