{"id":98252,"date":"2020-09-08T09:44:00","date_gmt":"2020-09-08T13:44:00","guid":{"rendered":"https:\/\/linitiative.ca\/International\/109460-comite-olympique-et-sportif-algerien-meridja-dresse-le-bilan-des-quatre-derniers-mois-de-son-interim\/"},"modified":"2020-09-08T09:44:00","modified_gmt":"2020-09-08T13:44:00","slug":"109460-comite-olympique-et-sportif-algerien-meridja-dresse-le-bilan-des-quatre-derniers-mois-de-son-interim","status":"publish","type":"post","link":"https:\/\/linitiative.ca\/International\/109460-comite-olympique-et-sportif-algerien-meridja-dresse-le-bilan-des-quatre-derniers-mois-de-son-interim\/","title":{"rendered":"Comit\u00e9 olympique et sportif alg\u00e9rien : Meridja dresse le bilan des quatre derniers mois de son int\u00e9rim"},"content":{"rendered":"<div readability=\"37\">\n<p><strong>ALGER- Le pr\u00e9sident par int\u00e9rim du Comit\u00e9 olympique et sportif alg\u00e9rien (COA), Mohamed M\u00e9ridja, a dress\u00e9 mardi le bilan des activit\u00e9s durant les quatre derniers mois de son int\u00e9rim \u00e0 la t\u00eate de l&rsquo;instance olympique ainsi que les moyens mis au profit des athl\u00e8tes alg\u00e9riens en vue des Jeux olympiques 2020 repouss\u00e9s \u00e0 2021 \u00e0 Tokyo.<\/strong><\/p>\n<\/div>\n<div readability=\"78\">\n<p>\u00ab\u00a0J&rsquo;ai discut\u00e9 avec le ministre de la Jeunesse et des Sports qui est totalement pr\u00eat \u00e0 aider et accompagner les athl\u00e8tes dans leur processus de pr\u00e9paration en vue des JO-2021 \u00e0 Tokyo, en \u00e9troite collaboration avec les f\u00e9d\u00e9rations sportives qui ont travers\u00e9 une p\u00e9riode tr\u00e8s difficile apr\u00e8s l&rsquo;arr\u00eat des comp\u00e9titions en raison de la pand\u00e9mie de COVID-19.\u00a0\u00bb, a d\u00e9clar\u00e9 Meridja lors d&rsquo;une conf\u00e9rence de presse anim\u00e9e au si\u00e8ge du COA \u00e0 Alger.<\/p>\n<p>Le pr\u00e9sident par int\u00e9rim du COA a pass\u00e9 en revue les activit\u00e9s initi\u00e9es par l&rsquo;instance olympique durant les quatre derniers mois, mettant l&rsquo;accent sur les efforts entrepris en direction des athl\u00e8tes en pr\u00e9vision du rendez-vous de Tokyo.<\/p>\n<blockquote readability=\"8\">\n<p><em><strong>\u00ab\u00a0Le bureau ex\u00e9cutif a octroy\u00e9 106 bourses de pr\u00e9paration dans le cadre du programme de solidarit\u00e9 initi\u00e9 par le Comit\u00e9 international olympique (CIO). L&rsquo;instance internationale a envoy\u00e9 une commission d&rsquo;audit qui a \u00e9t\u00e9 tr\u00e8s satisfaite du travail accompli par le COA envers les athl\u00e8tes alg\u00e9riens.<\/strong><\/em><\/p>\n<\/blockquote>\n<p>Nous sommes pr\u00eats \u00e0 aller le plus loin possible pour aider nos athl\u00e8tes susceptibles de se qualifier aux Jeux olympiques 2021 ainsi que les Jeux m\u00e9diterran\u00e9ens 2022 d&rsquo;Oran\u00a0\u00bb, a pr\u00e9cis\u00e9 Meridja.<\/p>\n<p>Toujours pour le compte des activit\u00e9s de l&rsquo;instance olympique et dans le cadre de l&rsquo;accompagnement des athl\u00e8tes en cette p\u00e9riode marqu\u00e9e par la pand\u00e9mie de COVID-19, l&rsquo;intervenant a annonc\u00e9 l&rsquo;octroi de \u00ab\u00a03000 kits de test PCR d&rsquo;une valeur de pr\u00e8s d&rsquo;un (01) milliard de centimes au profit des athl\u00e8tes.\u00a0\u00bb.<\/p>\n<p>Il a \u00e9galement annonc\u00e9 la signature d&rsquo;un contrat de partenariat et de sponsoring avec l&rsquo;h\u00f4tel El-Djaza\u00efr dans le but de faire b\u00e9n\u00e9ficier toutes les f\u00e9d\u00e9rations sportives des prestations de cette entit\u00e9 h\u00f4teli\u00e8re ainsi que le renouvellement des contrats de sponsoring avec les diff\u00e9rents partenaires du COA.<\/p>\n<blockquote readability=\"8\">\n<p><em><strong>\u00ab\u00a0L&rsquo;instance olympique n&rsquo;a cess\u00e9 d&rsquo;aider les f\u00e9d\u00e9rations sportives dans l&rsquo;\u00e9laboration de leurs programmes et nous avons toujours r\u00e9pondu favorablement pour les accompagner. La reprise de la comp\u00e9tition sera tr\u00e8s difficile pour les athl\u00e8tes alg\u00e9riens.\u00a0\u00bb, a-t-il dit.<\/strong><\/em><\/p>\n<\/blockquote>\n<p>Apr\u00e8s la d\u00e9mission de Mustapha Berraf, ent\u00e9rin\u00e9e le 12 mai dernier par le bureau ex\u00e9cutif, la pr\u00e9sidence par int\u00e9rim du COA avait \u00e9t\u00e9 confi\u00e9e, en application des statuts de l&rsquo;instance, \u00e0 Mohamed Meridja, charg\u00e9 de la gestion des affaires courantes du COA et de pr\u00e9parer l&rsquo;assembl\u00e9e g\u00e9n\u00e9rale \u00e9lective (AGE) qui aura lieu samedi prochain au si\u00e8ge du COA \u00e0 Alger.<\/p>\n<p>Le prochain pr\u00e9sident \u00e9lu \u00e0 la t\u00eate du COA aura \u00e0 g\u00e9rer le reste du mandat olympique qui s&rsquo;\u00e9talera jusqu&rsquo;apr\u00e8s les Jeux Olympiques JO-2021 de Tokyo, avant l&rsquo;organisation d&rsquo;\u00e9lections g\u00e9n\u00e9rales pour \u00e9lire un nouveau pr\u00e9sident, selon les dispositions r\u00e9glementaires en vigueur.<\/p>\n<\/div>\n<p>Auteur:<br \/>\n<a href=\"http:\/\/www.aps.dz\/sport\/109460-comite-olympique-et-sportif-algerien-meridja-dresse-le-bilan-des-quatre-derniers-mois-de-son-interim?utm_source=feedburner&#038;utm_medium=feed&#038;utm_campaign=Feed%3A+aps-sport+%28APS+-+SPORT%29\">Cliquez ici pour lire l&rsquo;article depuis sa source.<\/a><\/p>\n","protected":false},"excerpt":{"rendered":"<p>ALGER- Le pr\u00e9sident par int\u00e9rim du Comit\u00e9 olympique et sportif alg\u00e9rien (COA), Mohamed M\u00e9ridja, a dress\u00e9 mardi le bilan des activit\u00e9s durant les quatre derniers mois de son int\u00e9rim \u00e0 la t\u00eate de l&rsquo;instance olympique ainsi que les moyens mis au profit des athl\u00e8tes alg\u00e9riens en vue des Jeux olympiques 2020 repouss\u00e9s \u00e0 2021 \u00e0 [&hellip;]<\/p>\n","protected":false},"author":1790,"featured_media":0,"comment_status":"closed","ping_status":"closed","sticky":false,"template":"","format":"standard","meta":{"fifu_image_url":"","fifu_image_alt":"","footnotes":""},"categories":[53,75],"tags":[],"class_list":["post-98252","post","type-post","status-publish","format-standard","hentry","category-algerie","category-sport"],"_links":{"self":[{"href":"https:\/\/linitiative.ca\/International\/wp-json\/wp\/v2\/posts\/98252","targetHints":{"allow":["GET"]}}],"collection":[{"href":"https:\/\/linitiative.ca\/International\/wp-json\/wp\/v2\/posts"}],"about":[{"href":"https:\/\/linitiative.ca\/International\/wp-json\/wp\/v2\/types\/post"}],"author":[{"embeddable":true,"href":"https:\/\/linitiative.ca\/International\/wp-json\/wp\/v2\/users\/1790"}],"replies":[{"embeddable":true,"href":"https:\/\/linitiative.ca\/International\/wp-json\/wp\/v2\/comments?post=98252"}],"version-history":[{"count":0,"href":"https:\/\/linitiative.ca\/International\/wp-json\/wp\/v2\/posts\/98252\/revisions"}],"wp:attachment":[{"href":"https:\/\/linitiative.ca\/International\/wp-json\/wp\/v2\/media?parent=98252"}],"wp:term":[{"taxonomy":"category","embeddable":true,"href":"https:\/\/linitiative.ca\/International\/wp-json\/wp\/v2\/categories?post=98252"},{"taxonomy":"post_tag","embeddable":true,"href":"https:\/\/linitiative.ca\/International\/wp-json\/wp\/v2\/tags?post=98252"}],"curies":[{"name":"wp","href":"https:\/\/api.w.org\/{rel}","templated":true}]}}