{"id":98254,"date":"2020-09-08T12:01:00","date_gmt":"2020-09-08T16:01:00","guid":{"rendered":"https:\/\/linitiative.ca\/International\/mila-un-enfant-de-8-ans-emporte-par-les-eaux-dun-oued\/"},"modified":"2020-09-08T12:01:00","modified_gmt":"2020-09-08T16:01:00","slug":"mila-un-enfant-de-8-ans-emporte-par-les-eaux-dun-oued","status":"publish","type":"post","link":"https:\/\/linitiative.ca\/International\/mila-un-enfant-de-8-ans-emporte-par-les-eaux-dun-oued\/","title":{"rendered":"MILA  : Un enfant de 8 ans emport\u00e9  par les eaux d\u2019un oued"},"content":{"rendered":"<p><br id=\"sep_para_1\" class=\"sep_para access\"\/><\/p>\n<div id=\"para_1\" class=\"para_38561191 resize\">\n<div class=\"texte access firstletter\">Un enfant de huit ans a \u00e9t\u00e9 emport\u00e9 par les eaux d\u2019un ruisseau \u00e0 Mila, suite \u00e0 des pluies diluviennes qui se sont abattues dans la nuit de lundi \u00e0 mardi sur plusieurs wilayas du pays. Selon des sources concordantes, le corps sans vie d\u2019un enfant de huit ans a \u00e9t\u00e9 rep\u00each\u00e9 par les \u00e9l\u00e9ments de la protection civile apr\u00e8s avoir \u00e9t\u00e9 emport\u00e9 par les eaux de l\u2019oued Oum Cherk au niveau de Mechtat Tassouit, a indiqu\u00e9 un communiqu\u00e9 de la cellule de communication de la Protection Civile. Les fortes pluies ont caus\u00e9 plusieurs incidents \u00e0 travers tout le territoire national. \u00c0 Alger, plusieurs routes ont \u00e9t\u00e9 ferm\u00e9es \u00e0 la circulation ce mardi matin, suite \u00e0 des inondations aux eaux de pluie, ce qui a fortement perturb\u00e9 le trafic routier, et provoqu\u00e9 des bouchons. Pour rappel, trois personnes avaient \u00e9t\u00e9 mortellement emport\u00e9es, en d\u00e9but du mois en cours, par les eaux des oueds \u00e0 T\u00e9bessa et Batna suite aux chutes de pluie enregistr\u00e9es dans l\u2019Est du pays.\u00a0<\/div>\n<\/div>\n<p>Auteur: Ismain<br \/>\n<a href=\"https:\/\/www.reflexiondz.net\/MILA-Un-enfant-de-8-ans-emporte-par-les-eaux-d-un-oued_a65152.html\">Cliquez ici pour lire l&rsquo;article depuis sa source.<\/a><\/p>\n","protected":false},"excerpt":{"rendered":"<p>Un enfant de huit ans a \u00e9t\u00e9 emport\u00e9 par les eaux d\u2019un ruisseau \u00e0 Mila, suite \u00e0 des pluies diluviennes qui se sont abattues dans la nuit de lundi \u00e0 mardi sur plusieurs wilayas du pays. Selon des sources concordantes, le corps sans vie d\u2019un enfant de huit ans a \u00e9t\u00e9 rep\u00each\u00e9 par les \u00e9l\u00e9ments [&hellip;]<\/p>\n","protected":false},"author":1740,"featured_media":0,"comment_status":"closed","ping_status":"closed","sticky":false,"template":"","format":"standard","meta":{"fifu_image_url":"","fifu_image_alt":"","footnotes":""},"categories":[53,76],"tags":[],"class_list":["post-98254","post","type-post","status-publish","format-standard","hentry","category-algerie","category-regions"],"_links":{"self":[{"href":"https:\/\/linitiative.ca\/International\/wp-json\/wp\/v2\/posts\/98254","targetHints":{"allow":["GET"]}}],"collection":[{"href":"https:\/\/linitiative.ca\/International\/wp-json\/wp\/v2\/posts"}],"about":[{"href":"https:\/\/linitiative.ca\/International\/wp-json\/wp\/v2\/types\/post"}],"author":[{"embeddable":true,"href":"https:\/\/linitiative.ca\/International\/wp-json\/wp\/v2\/users\/1740"}],"replies":[{"embeddable":true,"href":"https:\/\/linitiative.ca\/International\/wp-json\/wp\/v2\/comments?post=98254"}],"version-history":[{"count":0,"href":"https:\/\/linitiative.ca\/International\/wp-json\/wp\/v2\/posts\/98254\/revisions"}],"wp:attachment":[{"href":"https:\/\/linitiative.ca\/International\/wp-json\/wp\/v2\/media?parent=98254"}],"wp:term":[{"taxonomy":"category","embeddable":true,"href":"https:\/\/linitiative.ca\/International\/wp-json\/wp\/v2\/categories?post=98254"},{"taxonomy":"post_tag","embeddable":true,"href":"https:\/\/linitiative.ca\/International\/wp-json\/wp\/v2\/tags?post=98254"}],"curies":[{"name":"wp","href":"https:\/\/api.w.org\/{rel}","templated":true}]}}