{"id":98256,"date":"2020-09-08T12:01:00","date_gmt":"2020-09-08T16:01:00","guid":{"rendered":"https:\/\/linitiative.ca\/International\/apc-darzew-1000-da-de-taxe-locale-pour-le-transport-de-marchandises\/"},"modified":"2020-09-08T12:01:00","modified_gmt":"2020-09-08T16:01:00","slug":"apc-darzew-1000-da-de-taxe-locale-pour-le-transport-de-marchandises","status":"publish","type":"post","link":"https:\/\/linitiative.ca\/International\/apc-darzew-1000-da-de-taxe-locale-pour-le-transport-de-marchandises\/","title":{"rendered":"APC D\u2019ARZEW : 1000 DA de taxe locale pour le transport de marchandises"},"content":{"rendered":"<p><br id=\"sep_para_1\" class=\"sep_para access\"\/><\/p>\n<div id=\"para_1\" class=\"para_38561171 resize\">\n<div class=\"texte access firstletter\">L&rsquo;APC d&rsquo;Arzew est en train de\u00a0 renflouer ses caisses en appliquant un droit de passage pour les grandes entreprises dont les camions empruntent les routes de la commune.\u00a0 A cet effet, des n\u00e9gociations ont \u00e9t\u00e9\u00a0 lanc\u00e9es ces derniers jours avec des soci\u00e9t\u00e9s\u00a0 implant\u00e9es\u00a0 dans\u00a0 la zone industrielle notamment\u00a0 l&rsquo;entreprise portuaire d&rsquo;Arzew, Sonatrach et Renault Alg\u00e9rie pour l&rsquo;instauration de cette taxe, ce qui permettra d&rsquo;am\u00e9liorer les recettes de la commune et par l\u00e0 m\u00eame occasion le cadre de vie des citoyens, a-t-on appris de sources communales.\u00a0 Un accord a \u00e9t\u00e9 d\u00e9j\u00e0 conclu avec l&rsquo;entreprise Sorfert (complexe d&rsquo;ammoniac et d&rsquo;ur\u00e9e) et une taxe de 1.000 dinars sera appliqu\u00e9e pour les camions transportant les produits chimiques et ceux utilisant le r\u00e9seau routier communal, un apport consid\u00e9rable pour augmenter les ressources communales de sorte que cette op\u00e9ration va g\u00e9n\u00e9rer selon nos interlocuteurs quelque 8 milliards de centimes par an. Cet argent va servir \u00e0 la r\u00e9fection des routes et \u00e9galement \u00e0 l&rsquo;entretien de l&rsquo;environnement, indique-t-on. Outre ce projet, l&rsquo;APC d&rsquo;Arzew a install\u00e9 ces derniers mois, des commissions mixtes pour le recouvrement des loyers impay\u00e9s. Celles-ci regroupent les services du patrimoine et biens de la commune d&rsquo;Arzew, le service contentieux et \u00e9galement celui de l&rsquo;hygi\u00e8ne et des routes relevant de la m\u00eame collectivit\u00e9. Elles travaillent en \u00e9troite collaboration avec un huissier de justice et ont pour mission le recouvrement des loyers impay\u00e9s des locaux commerciaux et les logements, toutes formules confondues, relevant de la propri\u00e9t\u00e9 de la commune d&rsquo;Arzew, des cr\u00e9ances qui engendrent un manque \u00e0 gagner s&rsquo;\u00e9levant \u00e0 80 milliards de centimes. Ces loyers n&rsquo;ont pas \u00e9t\u00e9 vers\u00e9s depuis dix ans, ce qui a contraint les responsables \u00e0 prendre ces mesures et une vaste campagne sera lanc\u00e9e \u00e0 travers toute la ville. Selon nos interlocuteurs, ce manque \u00e0 gagner compromet le programme de d\u00e9veloppement de la commune qui a besoin plus que jamais d&rsquo;un budget \u00e9quilibr\u00e9 afin de faire face aux besoins d&rsquo;une population \u00e0 la d\u00e9mographie galopante et en qu\u00eate d&rsquo;un meilleur cadre de vie. A signaler que cette op\u00e9ration vient en application des directives du minist\u00e8re de l&rsquo;Int\u00e9rieur sommant les collectivit\u00e9s locales \u00e0 cr\u00e9er de la richesse et \u00e0 renflouer leurs caisses, indique-t-on. Parall\u00e8lement \u00e0 cela, une r\u00e9vision du montant des loyers d&rsquo;habitations et de villas, jug\u00e9s d\u00e9risoires sera \u00e9galement op\u00e9r\u00e9e, crise financi\u00e8re oblige. Il s&rsquo;agit d&rsquo;habitations lou\u00e9es le plus souvent \u00e0 des entreprises et dont les loyers n&rsquo;ont pas \u00e9t\u00e9 revus depuis 20 ans.\u00a0\u00a0\u00a0\u00a0\u00a0\u00a0\u00a0\u00a0<\/div>\n<\/div>\n<p>Auteur: Medjadji H.<br \/>\n<a href=\"https:\/\/www.reflexiondz.net\/APC-D-ARZEW-1000-DA-de-taxe-locale-pour-le-transport-de-marchandises_a65146.html\">Cliquez ici pour lire l&rsquo;article depuis sa source.<\/a><\/p>\n","protected":false},"excerpt":{"rendered":"<p>L&rsquo;APC d&rsquo;Arzew est en train de\u00a0 renflouer ses caisses en appliquant un droit de passage pour les grandes entreprises dont les camions empruntent les routes de la commune.\u00a0 A cet effet, des n\u00e9gociations ont \u00e9t\u00e9\u00a0 lanc\u00e9es ces derniers jours avec des soci\u00e9t\u00e9s\u00a0 implant\u00e9es\u00a0 dans\u00a0 la zone industrielle notamment\u00a0 l&rsquo;entreprise portuaire d&rsquo;Arzew, Sonatrach et Renault Alg\u00e9rie [&hellip;]<\/p>\n","protected":false},"author":1740,"featured_media":0,"comment_status":"closed","ping_status":"closed","sticky":false,"template":"","format":"standard","meta":{"fifu_image_url":"","fifu_image_alt":"","footnotes":""},"categories":[53,76],"tags":[],"class_list":["post-98256","post","type-post","status-publish","format-standard","hentry","category-algerie","category-regions"],"_links":{"self":[{"href":"https:\/\/linitiative.ca\/International\/wp-json\/wp\/v2\/posts\/98256","targetHints":{"allow":["GET"]}}],"collection":[{"href":"https:\/\/linitiative.ca\/International\/wp-json\/wp\/v2\/posts"}],"about":[{"href":"https:\/\/linitiative.ca\/International\/wp-json\/wp\/v2\/types\/post"}],"author":[{"embeddable":true,"href":"https:\/\/linitiative.ca\/International\/wp-json\/wp\/v2\/users\/1740"}],"replies":[{"embeddable":true,"href":"https:\/\/linitiative.ca\/International\/wp-json\/wp\/v2\/comments?post=98256"}],"version-history":[{"count":0,"href":"https:\/\/linitiative.ca\/International\/wp-json\/wp\/v2\/posts\/98256\/revisions"}],"wp:attachment":[{"href":"https:\/\/linitiative.ca\/International\/wp-json\/wp\/v2\/media?parent=98256"}],"wp:term":[{"taxonomy":"category","embeddable":true,"href":"https:\/\/linitiative.ca\/International\/wp-json\/wp\/v2\/categories?post=98256"},{"taxonomy":"post_tag","embeddable":true,"href":"https:\/\/linitiative.ca\/International\/wp-json\/wp\/v2\/tags?post=98256"}],"curies":[{"name":"wp","href":"https:\/\/api.w.org\/{rel}","templated":true}]}}