{"id":98261,"date":"2020-09-08T07:00:00","date_gmt":"2020-09-08T11:00:00","guid":{"rendered":"https:\/\/linitiative.ca\/International\/le-sud-est-tunisien-quelle-transition-et-quel-devenir\/"},"modified":"2020-09-08T07:00:00","modified_gmt":"2020-09-08T11:00:00","slug":"le-sud-est-tunisien-quelle-transition-et-quel-devenir","status":"publish","type":"post","link":"https:\/\/linitiative.ca\/International\/le-sud-est-tunisien-quelle-transition-et-quel-devenir\/","title":{"rendered":"Le Sud-Est tunisien : quelle transition et quel devenir ?"},"content":{"rendered":"<p>A c\u00f4t\u00e9 de la Libye et de l\u2019Alg\u00e9rie, mais aussi de la M\u00e9diterran\u00e9e, li\u00e9 \u00e0 l\u2019international par la migration, les transferts des migrants et l\u2019\u00e9conomie des fronti\u00e8res, mais aussi le tourisme et l\u2019exportation des dattes, des phosphates et des produits \u00e9nerg\u00e9tiques, le Sud-Est tunisien est bien sp\u00e9cifique \u00e0 plus d\u2019un \u00e9gard. L\u2019aspect s\u00e9curitaire en plus, en pleine transition et sur fond de crise libyenne. Quelle est la nouvelle configuration socio-anthropologique de sa soci\u00e9t\u00e9 (facteurs claniques et tribaux, etc.) ? La raret\u00e9 des ressources plombe-t-elle tout d\u00e9veloppement ? Et comment assurer un vrai d\u00e9veloppement durable ? Autant de questions qui ont fait l\u2019objet d\u2019un traitement approfondi par des chercheurs multidisciplinaires, r\u00e9unis en colloque \u00e0 l\u2019Acad\u00e9mie Be\u00eft al-Hikma et l\u2019Institut des r\u00e9gions arides en 2018. Les travaux viennent d\u2019\u00eatre r\u00e9unis dans un ouvrage sous la direction du Pr Mongi Bourgou, membre de l\u2019Acad\u00e9mie et ancien directeur de l\u2019Ecole normale sup\u00e9rieure.<\/p>\n<p class=\"MsoNormal c2\"><strong><a href=\"https:\/\/www.leaders.com.tn\/le_mensuel_abonnez_vous\" target=\"_blank\" rel=\"noopener noreferrer\"><img loading=\"lazy\" decoding=\"async\" src=\"\/uploads\/FCK_files\/Bondou(11).jpg\" alt=\"\" width=\"500\" vspace=\"5\" hspace=\"5\" height=\"128\" align=\"middle\"\/><\/a><\/strong><\/p>\n<p>Auteur:<br \/>\n<a href=\"https:\/\/www.leaders.com.tn\/article\/30543-le-sud-est-tunisien-quelle-transition-et-quel-devenir\">Cliquez ici pour lire l&rsquo;article depuis sa source.<\/a><\/p>\n","protected":false},"excerpt":{"rendered":"<p>A c\u00f4t\u00e9 de la Libye et de l\u2019Alg\u00e9rie, mais aussi de la M\u00e9diterran\u00e9e, li\u00e9 \u00e0 l\u2019international par la migration, les transferts des migrants et l\u2019\u00e9conomie des fronti\u00e8res, mais aussi le tourisme et l\u2019exportation des dattes, des phosphates et des produits \u00e9nerg\u00e9tiques, le Sud-Est tunisien est bien sp\u00e9cifique \u00e0 plus d\u2019un \u00e9gard. L\u2019aspect s\u00e9curitaire en plus, [&hellip;]<\/p>\n","protected":false},"author":1772,"featured_media":98262,"comment_status":"closed","ping_status":"closed","sticky":false,"template":"","format":"standard","meta":{"fifu_image_url":"","fifu_image_alt":"","footnotes":""},"categories":[73,55],"tags":[],"class_list":["post-98261","post","type-post","status-publish","format-standard","has-post-thumbnail","hentry","category-actualite","category-tunisie"],"_links":{"self":[{"href":"https:\/\/linitiative.ca\/International\/wp-json\/wp\/v2\/posts\/98261","targetHints":{"allow":["GET"]}}],"collection":[{"href":"https:\/\/linitiative.ca\/International\/wp-json\/wp\/v2\/posts"}],"about":[{"href":"https:\/\/linitiative.ca\/International\/wp-json\/wp\/v2\/types\/post"}],"author":[{"embeddable":true,"href":"https:\/\/linitiative.ca\/International\/wp-json\/wp\/v2\/users\/1772"}],"replies":[{"embeddable":true,"href":"https:\/\/linitiative.ca\/International\/wp-json\/wp\/v2\/comments?post=98261"}],"version-history":[{"count":0,"href":"https:\/\/linitiative.ca\/International\/wp-json\/wp\/v2\/posts\/98261\/revisions"}],"wp:featuredmedia":[{"embeddable":true,"href":"https:\/\/linitiative.ca\/International\/wp-json\/"}],"wp:attachment":[{"href":"https:\/\/linitiative.ca\/International\/wp-json\/wp\/v2\/media?parent=98261"}],"wp:term":[{"taxonomy":"category","embeddable":true,"href":"https:\/\/linitiative.ca\/International\/wp-json\/wp\/v2\/categories?post=98261"},{"taxonomy":"post_tag","embeddable":true,"href":"https:\/\/linitiative.ca\/International\/wp-json\/wp\/v2\/tags?post=98261"}],"curies":[{"name":"wp","href":"https:\/\/api.w.org\/{rel}","templated":true}]}}