{"id":98267,"date":"2020-09-08T06:00:00","date_gmt":"2020-09-08T10:00:00","guid":{"rendered":"https:\/\/linitiative.ca\/International\/vers-un-nouveau-report-de-la-rentree-des-classes\/"},"modified":"2020-09-08T06:00:00","modified_gmt":"2020-09-08T10:00:00","slug":"vers-un-nouveau-report-de-la-rentree-des-classes","status":"publish","type":"post","link":"https:\/\/linitiative.ca\/International\/vers-un-nouveau-report-de-la-rentree-des-classes\/","title":{"rendered":"Vers un nouveau report de la rentr\u00e9e des classes"},"content":{"rendered":"<p>Le gouvernement ne veut visiblement pas prendre trop de risques concernant la rentr\u00e9e des classes en vue de la prochaine ann\u00e9e scolaire. En effet, la prochaine rentr\u00e9e scolaire n\u2019aurait pas lieu le 4 octobre prochain, comme initialement fix\u00e9e par le minist\u00e8re de l\u2019\u00c9ducation nationale, le 15 juin dernier.<br \/>M. Kebci &#8211; Alger (Le Soir) &#8211; C\u2019est ce que le Premier ministre a laiss\u00e9 entendre, hier lundi, \u00e0 Blida. S\u2019exprimant en marge de la c\u00e9r\u00e9monie du coup d\u2019envoi des \u00e9preuves de l\u2019examen du BEM (brevet de l\u2019enseignement moyen), Abdelaziz Djerad a affirm\u00e9 que la date de la prochaine reprise des cours, en vue de la prochaine ann\u00e9e scolaire, est loin d\u2019\u00eatre d\u00e9finitive, conditionn\u00e9e qu\u2019elle est par l\u2019\u00e9volution de la situation sanitaire du pays du fait de la pand\u00e9mie du coronavirus.<br \/>M\u00eame si les bilans quotidiens de ces derniers jours, concernant les nouveaux cas de contamination, sont en nette baisse, passant du seuil des 700 cas fr\u00f4l\u00e9s \u00e0 un moment \u00e0 moins de 300 cas ces derniers jours, la prudence est de mise au sein du gouvernement au sujet de la rentr\u00e9e des classes.<br \/>\u00abNous ne devons pas nous aventurer avec la sant\u00e9 de nos enfants et la prochaine rentr\u00e9e sera tr\u00e8s organis\u00e9e. Nous avons d\u00e9j\u00e0 commenc\u00e9 par l\u2019examen du brevet de l\u2019enseignement moyen dont l\u2019organisation a \u00e9t\u00e9 parfaite en mati\u00e8re de protocole sanitaire, lequel a \u00e9t\u00e9 bien accueilli par l\u2019ensemble des travailleurs du secteur ainsi que par les parents d\u2019\u00e9l\u00e8ves\u00bb, a dit, en effet, le Premier ministre. Ce qui explique toutes les pr\u00e9cautions prises par les pouvoirs publics de crainte, certainement, d\u2019une recrudescence des cas de contamination, comme celle enregistr\u00e9e quelque temps seulement apr\u00e8s la c\u00e9l\u00e9bration de la f\u00eate de l\u2019A\u00efd el-Fitr.<br \/>Une reprise que bien de partenaires sociaux appr\u00e9hendent du fait des contraintes que sugg\u00e8re le protocole sanitaire, en sus du nombre de lacunes qui l\u2019\u00e9maillent \u00e0 cause de la crise sanitaire qui perdure depuis la mi-mars \u00e9coul\u00e9e. Des handicaps dont celui li\u00e9 au transport suspendu entre les wilayas depuis des semaines. Il y a \u00e9galement les normes de s\u00e9curit\u00e9 et l\u2019impossibilit\u00e9 pour certains de porter le masque de protection pendant 8 heures de travail, ou encore l\u2019absence d\u2019op\u00e9rations de d\u00e9sinfection dans plusieurs \u00e9tablissements et surtout l\u2019absence d\u2019un budget sp\u00e9cial pour l\u2019achat du mat\u00e9riel de d\u00e9sinfection cit\u00e9 dans le protocole sanitaire, comme relev\u00e9 par le Conseil des enseignants des lyc\u00e9es d\u2019Alg\u00e9rie (Cela).<br \/>Aussi, on estime parmi les syndicats du secteur que les gestes barri\u00e8res contre le coronavirus ne peuvent \u00eatre respect\u00e9s pour plusieurs raisons dont, essentiellement, le probl\u00e8me de la surcharge des classes.<br \/>M. K.<\/p>\n<p>Auteur:<br \/>\n<a href=\"https:\/\/www.lesoirdalgerie.com\/actualites\/vers-un-nouveau-report-de-la-rentree-des-classes-47876\">Cliquez ici pour lire l&rsquo;article depuis sa source.<\/a><\/p>\n","protected":false},"excerpt":{"rendered":"<p>Le gouvernement ne veut visiblement pas prendre trop de risques concernant la rentr\u00e9e des classes en vue de la prochaine ann\u00e9e scolaire. En effet, la prochaine rentr\u00e9e scolaire n\u2019aurait pas lieu le 4 octobre prochain, comme initialement fix\u00e9e par le minist\u00e8re de l\u2019\u00c9ducation nationale, le 15 juin dernier.M. Kebci &#8211; Alger (Le Soir) &#8211; C\u2019est [&hellip;]<\/p>\n","protected":false},"author":1741,"featured_media":0,"comment_status":"closed","ping_status":"closed","sticky":false,"template":"","format":"standard","meta":{"fifu_image_url":"","fifu_image_alt":"","footnotes":""},"categories":[73,53],"tags":[],"class_list":["post-98267","post","type-post","status-publish","format-standard","hentry","category-actualite","category-algerie"],"_links":{"self":[{"href":"https:\/\/linitiative.ca\/International\/wp-json\/wp\/v2\/posts\/98267","targetHints":{"allow":["GET"]}}],"collection":[{"href":"https:\/\/linitiative.ca\/International\/wp-json\/wp\/v2\/posts"}],"about":[{"href":"https:\/\/linitiative.ca\/International\/wp-json\/wp\/v2\/types\/post"}],"author":[{"embeddable":true,"href":"https:\/\/linitiative.ca\/International\/wp-json\/wp\/v2\/users\/1741"}],"replies":[{"embeddable":true,"href":"https:\/\/linitiative.ca\/International\/wp-json\/wp\/v2\/comments?post=98267"}],"version-history":[{"count":0,"href":"https:\/\/linitiative.ca\/International\/wp-json\/wp\/v2\/posts\/98267\/revisions"}],"wp:attachment":[{"href":"https:\/\/linitiative.ca\/International\/wp-json\/wp\/v2\/media?parent=98267"}],"wp:term":[{"taxonomy":"category","embeddable":true,"href":"https:\/\/linitiative.ca\/International\/wp-json\/wp\/v2\/categories?post=98267"},{"taxonomy":"post_tag","embeddable":true,"href":"https:\/\/linitiative.ca\/International\/wp-json\/wp\/v2\/tags?post=98267"}],"curies":[{"name":"wp","href":"https:\/\/api.w.org\/{rel}","templated":true}]}}