{"id":98269,"date":"2020-09-08T06:00:00","date_gmt":"2020-09-08T10:00:00","guid":{"rendered":"https:\/\/linitiative.ca\/International\/la-galere-pour-les-femmes-qui-travaillent\/"},"modified":"2020-09-08T06:00:00","modified_gmt":"2020-09-08T10:00:00","slug":"la-galere-pour-les-femmes-qui-travaillent","status":"publish","type":"post","link":"https:\/\/linitiative.ca\/International\/la-galere-pour-les-femmes-qui-travaillent\/","title":{"rendered":"La gal\u00e8re pour les femmes qui travaillent"},"content":{"rendered":"<p>La r\u00e9duction de la moiti\u00e9 des capacit\u00e9s d\u2019accueil des cr\u00e8ches et garderies n\u2019a pas \u00e9t\u00e9 sans impact sur la reprise de la vie active des parents. Alors que ces structures pr\u00e9scolaires baignent dans le flou absolu pour le choix des enfants \u00e0 garder, les parents, eux aussi, sont dans l\u2019incompr\u00e9hension.<br \/>Rym Nasri &#8211; Alger (Le Soir) &#8211; La rentr\u00e9e sociale et la reprise de la vie professionnelle ont mis beaucoup de parents dans l\u2019embarras. La lev\u00e9e du cong\u00e9 exceptionnel r\u00e9mun\u00e9r\u00e9 accord\u00e9 aux femmes enceintes et celles ayant des enfants \u00e2g\u00e9s de moins de 14 ans depuis quelque deux semaines, et la reprise du travail par les femmes n\u2019ont pas \u00e9t\u00e9 faciles pour la plupart d\u2019entre elles. Face aux cr\u00e8ches et garderies qui demeurent ferm\u00e9es, reprendre le travail avec des jeunes enfants, s\u2019av\u00e8re compliqu\u00e9. Qui s\u2019occupera des enfants de ces femmes travailleuses ?<br \/>Une situation qui a pouss\u00e9 les pouvoirs publics \u00e0 autoriser la r\u00e9ouverture de ces \u00e9tablissements de la petite enfance. Une reprise conditionn\u00e9e dans un premier temps, par l\u2019accueil de seulement 50% des enfants inscrits avec le respect d\u2019un protocole sanitaire rigoureux, afin de r\u00e9duire le risque de contamination au virus du Covid-19. La moiti\u00e9 des enfants qui fr\u00e9quentent habituellement les cr\u00e8ches et garderies ne seront pas donc retenus. Une restriction qui p\u00e9nalise d\u2019ailleurs de nombreux parents qui ne trouveront pas o\u00f9 placer leurs enfants en bas \u00e2ge.<br \/>\u00abJ\u2019ai inscrit ma fille de trois ans \u00e0 la cr\u00e8che en juillet dernier, afin de r\u00e9server la place. Mais j\u2019ignore \u00e0 ce jour, si elle sera admise ou pas puisque le nombre d\u2019enfants \u00e0 accueillir a \u00e9t\u00e9 r\u00e9duit de moiti\u00e9 pour chaque cr\u00e8che\u00bb, raconte Sihem, employ\u00e9e dans une entreprise priv\u00e9e. Apr\u00e8s cinq mois de t\u00e9l\u00e9travail, Karim et sa femme ont repris le travail au bureau depuis quelques jours. Parents d\u2019une fille scolaris\u00e9e et d\u2019un gar\u00e7on de quatre ans, eux aussi, ont d\u00e9j\u00e0 inscrit leur fils \u00e0 la cr\u00e8che de leur quartier.<br \/>\u00ab\u00c0 la mi-ao\u00fbt, l\u2019administration de la cr\u00e8che nous a contact\u00e9s pour r\u00e9inscrire mon fils et r\u00e9gler les frais qui ont d\u2019ailleurs augment\u00e9. Ils nous ont expliqu\u00e9 que seuls 50 des enfants seront admis \u00e0 la cr\u00e8che, mais nous ne savons pas sur quels crit\u00e8res ont \u00e9t\u00e9 choisis les enfants inscrits\u00bb, s\u2019interroge ce p\u00e8re de famille. Les g\u00e9rants des cr\u00e8ches et garderies, quant \u00e0 eux, baignent dans un flou absolu. Ils ne savent plus comment proc\u00e9der pour choisir les enfants \u00e0 accueillir. Alors que certains \u00e9tablissements envisagent d\u2019opter pour un tirage au sort des inscrits, d\u2019autres ont eu le g\u00e9nie de proposer aux parents de garder leurs enfants un jour sur deux.<br \/>\u00abCertaines cr\u00e8ches ont propos\u00e9 de garder les enfants un jour sur deux pour pouvoir accueillir tous les enfants inscrits. De cette fa\u00e7on, une moiti\u00e9 des inscrits iront \u00e0 la cr\u00e8che un jour et l\u2019autre moiti\u00e9 le lendemain, ainsi de suite. Mais ce n\u2019est pas une solution. Et les mamans, comment vont-elles faire ? Elles aussi vont travailler un jour sur deux, le jour o\u00f9 leurs enfants seront gard\u00e9s ? C\u2019est insens\u00e9 !\u00bb, s\u2019indigne Manel.<br \/>Pour retourner au travail, cette m\u00e8re de deux jeunes enfants est oblig\u00e9e de les faire garder par sa m\u00e8re. \u00abMa m\u00e8re est une femme \u00e2g\u00e9e et ne peut vraiment s\u2019en occuper, mais je n\u2019ai pas d\u2019autres solutions\u00bb, t\u00e9moigne-t-elle.<br \/>Comme Manel, elles sont nombreuses \u00e0 faire appel \u00e0 des membres de leurs familles, aux grands-m\u00e8res ou aux tantes, pour faire garder leurs enfants pas encore en \u00e2ge d\u2019aller \u00e0 l\u2019\u00e9cole. D\u2019autres femmes actives optent pour des nourrices non agr\u00e9\u00e9es, souvent des voisines, femmes au foyer.<br \/>Ry. N.<\/p>\n<p>Auteur:<br \/>\n<a href=\"https:\/\/www.lesoirdalgerie.com\/actualites\/la-galere-pour-les-femmes-qui-travaillent-47874\">Cliquez ici pour lire l&rsquo;article depuis sa source.<\/a><\/p>\n","protected":false},"excerpt":{"rendered":"<p>La r\u00e9duction de la moiti\u00e9 des capacit\u00e9s d\u2019accueil des cr\u00e8ches et garderies n\u2019a pas \u00e9t\u00e9 sans impact sur la reprise de la vie active des parents. Alors que ces structures pr\u00e9scolaires baignent dans le flou absolu pour le choix des enfants \u00e0 garder, les parents, eux aussi, sont dans l\u2019incompr\u00e9hension.Rym Nasri &#8211; Alger (Le Soir) [&hellip;]<\/p>\n","protected":false},"author":1741,"featured_media":0,"comment_status":"closed","ping_status":"closed","sticky":false,"template":"","format":"standard","meta":{"fifu_image_url":"","fifu_image_alt":"","footnotes":""},"categories":[73,53],"tags":[],"class_list":["post-98269","post","type-post","status-publish","format-standard","hentry","category-actualite","category-algerie"],"_links":{"self":[{"href":"https:\/\/linitiative.ca\/International\/wp-json\/wp\/v2\/posts\/98269","targetHints":{"allow":["GET"]}}],"collection":[{"href":"https:\/\/linitiative.ca\/International\/wp-json\/wp\/v2\/posts"}],"about":[{"href":"https:\/\/linitiative.ca\/International\/wp-json\/wp\/v2\/types\/post"}],"author":[{"embeddable":true,"href":"https:\/\/linitiative.ca\/International\/wp-json\/wp\/v2\/users\/1741"}],"replies":[{"embeddable":true,"href":"https:\/\/linitiative.ca\/International\/wp-json\/wp\/v2\/comments?post=98269"}],"version-history":[{"count":0,"href":"https:\/\/linitiative.ca\/International\/wp-json\/wp\/v2\/posts\/98269\/revisions"}],"wp:attachment":[{"href":"https:\/\/linitiative.ca\/International\/wp-json\/wp\/v2\/media?parent=98269"}],"wp:term":[{"taxonomy":"category","embeddable":true,"href":"https:\/\/linitiative.ca\/International\/wp-json\/wp\/v2\/categories?post=98269"},{"taxonomy":"post_tag","embeddable":true,"href":"https:\/\/linitiative.ca\/International\/wp-json\/wp\/v2\/tags?post=98269"}],"curies":[{"name":"wp","href":"https:\/\/api.w.org\/{rel}","templated":true}]}}