{"id":98271,"date":"2020-09-08T06:00:00","date_gmt":"2020-09-08T10:00:00","guid":{"rendered":"https:\/\/linitiative.ca\/International\/reprise-du-travail-a-partir-du-15-septembre\/"},"modified":"2020-09-08T06:00:00","modified_gmt":"2020-09-08T10:00:00","slug":"reprise-du-travail-a-partir-du-15-septembre","status":"publish","type":"post","link":"https:\/\/linitiative.ca\/International\/reprise-du-travail-a-partir-du-15-septembre\/","title":{"rendered":"Reprise du travail \u00e0 partir du 15 septembre"},"content":{"rendered":"<p>Le ministre de l\u2019Industrie, Ferhat A\u00eft Ali Braham, a confirm\u00e9 l\u2019ex\u00e9cution du planning pour une reprise du travail au complexe sid\u00e9rurgique El Hadjar \u00e0 partir du 15 septembre comme annonc\u00e9 r\u00e9cemment par son P-dg lors d\u2019une conf\u00e9rence de presse anim\u00e9e au si\u00e8ge de cette importante unit\u00e9 \u00e9conomique. Il a indiqu\u00e9 que sa visite lui permettra d\u2019avoir une id\u00e9e plus pr\u00e9cise des probl\u00e8mes du complexe afin d\u2019apporter des solutions objectives permettant sa relance sur des bases solides.<br \/>\u00abDans un pass\u00e9 r\u00e9cent, certains consid\u00e9raient le complexe comme un probl\u00e8me et non une solution \u00e9conomique. Pour eux, il n\u2019est plus ce symbole de la souverainet\u00e9 nationale du pays. Il est devenu un fardeau pour le Tr\u00e9sor public. Alors qu\u2019avec ses capacit\u00e9s, ses moyens et \u00e9quipements actuels et futurs, apr\u00e8s la relance du nouveau plan, on mise beaucoup sur cette entit\u00e9 industrielle\u00bb, a-t-il soulign\u00e9.<br \/>Le planing de reprise dont il est question concerne le Haut Fourneau n\u00b02, c\u0153ur de la zone chaude, \u00e0 l\u2019arr\u00eat depuis le mois de mars 2020 par mesure de pr\u00e9vention contre la propagation de la pand\u00e9mie. Il sera fonctionnel \u00e0 partir de la date sus-indiqu\u00e9e, ce qui se r\u00e9percutera sur l\u2019ensemble des installations de production dont le laminage des produits plats et des produits longs en plus des t\u00f4les d\u2019acier aux multiples usages industriels. Le ministre a pr\u00e9cis\u00e9 que les responsables de Sider El Hadjar pr\u00e9voient une production de 600 000 tonnes pour l\u2019ann\u00e9e en cours. Le ministre a, par ailleurs, promis de revenir au complexe le 12 ou 13 septembre courant pour la consolidation de cette reprise.<br \/>\u00c0 une question sur les nouvelles mesures incitatives pr\u00e9vues dans la loi de finances 2021, le ministre pr\u00e9cisera que celles-ci auront des r\u00e9percussions positives sur les fili\u00e8res industrielles notamment pour plus d\u2019ind\u00e9pendance et de fiabilit\u00e9.<br \/>Le premier responsable du secteur industriel national a entam\u00e9, hier lundi, une visite de travail de deux jours \u00e0 Annaba. Visite durant laquelle, il \u00e9tait accompagn\u00e9 du wali de Annaba, Djamel Eddine Berrimi et d\u2019une d\u00e9l\u00e9gation de son d\u00e9partement minist\u00e9riel, ainsi que du P-dg du Groupe Imetal Bouslama Tarik.<br \/>Apr\u00e8s avoir visit\u00e9 les unit\u00e9s de production du complexe sid\u00e9rurgique, le repr\u00e9sentant du gouvernement a tenu une r\u00e9union de travail avec les cadres dirigeants de cette unit\u00e9 \u00e9conomique. Lors de cette rencontre, Il devait avoir un aper\u00e7u sur le plan de d\u00e9veloppement, lanc\u00e9 en 2015 dans sa 1re phase. Achev\u00e9e en 2017, celle-ci a \u00e9t\u00e9 suivie en mars 2018 par la 2e phase.<br \/>Ce plan de d\u00e9veloppement qu\u2019il a qualifi\u00e9 de strat\u00e9gique, une fois r\u00e9alis\u00e9, vise, selon ses initiateurs, la r\u00e9habilitation des laminoirs \u00e0 chaud et \u00e0 froid ; des machines des aci\u00e9ries \u00e0 brames (ACO1)et \u00e0 billettes (ACO2), la s\u00e9curisation des installations ; assurer un niveau de vente d\u2019un million de tonnes\/an \u00e0 l\u2019horizon 2023 ; prioriser en terme d\u2019investissements les lignes de production des produits plats et am\u00e9lioration de leur qualit\u00e9 ; r\u00e9duire les co\u00fbts de production, entre autres perspectives projet\u00e9es par les responsables du complexe.<br \/>Le deuxi\u00e8me jour de son p\u00e9riple, il le consacrera aux deux unit\u00e9s industrielles d\u2019importance : Ferrovial, sp\u00e9cialis\u00e9e dans la production de mat\u00e9riel ferroviaire et Cital une unit\u00e9 de montage des tramways.<br \/>A. Bouacha<\/p>\n<p>Auteur:<br \/>\n<a href=\"https:\/\/www.lesoirdalgerie.com\/actualites\/reprise-du-travail-a-partir-du-15-septembre-47872\">Cliquez ici pour lire l&rsquo;article depuis sa source.<\/a><\/p>\n","protected":false},"excerpt":{"rendered":"<p>Le ministre de l\u2019Industrie, Ferhat A\u00eft Ali Braham, a confirm\u00e9 l\u2019ex\u00e9cution du planning pour une reprise du travail au complexe sid\u00e9rurgique El Hadjar \u00e0 partir du 15 septembre comme annonc\u00e9 r\u00e9cemment par son P-dg lors d\u2019une conf\u00e9rence de presse anim\u00e9e au si\u00e8ge de cette importante unit\u00e9 \u00e9conomique. Il a indiqu\u00e9 que sa visite lui permettra [&hellip;]<\/p>\n","protected":false},"author":1741,"featured_media":0,"comment_status":"closed","ping_status":"closed","sticky":false,"template":"","format":"standard","meta":{"fifu_image_url":"","fifu_image_alt":"","footnotes":""},"categories":[73,53],"tags":[],"class_list":["post-98271","post","type-post","status-publish","format-standard","hentry","category-actualite","category-algerie"],"_links":{"self":[{"href":"https:\/\/linitiative.ca\/International\/wp-json\/wp\/v2\/posts\/98271","targetHints":{"allow":["GET"]}}],"collection":[{"href":"https:\/\/linitiative.ca\/International\/wp-json\/wp\/v2\/posts"}],"about":[{"href":"https:\/\/linitiative.ca\/International\/wp-json\/wp\/v2\/types\/post"}],"author":[{"embeddable":true,"href":"https:\/\/linitiative.ca\/International\/wp-json\/wp\/v2\/users\/1741"}],"replies":[{"embeddable":true,"href":"https:\/\/linitiative.ca\/International\/wp-json\/wp\/v2\/comments?post=98271"}],"version-history":[{"count":0,"href":"https:\/\/linitiative.ca\/International\/wp-json\/wp\/v2\/posts\/98271\/revisions"}],"wp:attachment":[{"href":"https:\/\/linitiative.ca\/International\/wp-json\/wp\/v2\/media?parent=98271"}],"wp:term":[{"taxonomy":"category","embeddable":true,"href":"https:\/\/linitiative.ca\/International\/wp-json\/wp\/v2\/categories?post=98271"},{"taxonomy":"post_tag","embeddable":true,"href":"https:\/\/linitiative.ca\/International\/wp-json\/wp\/v2\/tags?post=98271"}],"curies":[{"name":"wp","href":"https:\/\/api.w.org\/{rel}","templated":true}]}}