{"id":98283,"date":"2020-09-08T15:03:26","date_gmt":"2020-09-08T19:03:26","guid":{"rendered":"https:\/\/linitiative.ca\/International\/aide-de-50-dinars-aux-eleves-necessiteux-une-rentree-humiliante\/"},"modified":"2020-09-08T15:03:26","modified_gmt":"2020-09-08T19:03:26","slug":"aide-de-50-dinars-aux-eleves-necessiteux-une-rentree-humiliante","status":"publish","type":"post","link":"https:\/\/linitiative.ca\/International\/aide-de-50-dinars-aux-eleves-necessiteux-une-rentree-humiliante\/","title":{"rendered":"\u00ab Aide \u00bb de 50 dinars aux \u00e9l\u00e8ves n\u00e9cessiteux, une rentr\u00e9e humiliante"},"content":{"rendered":"<div class=\"post-cont-in left relative\">\n<p>Le ministre des Affaires sociales, Mohamed Trabelsi a tenu, \u00e0 la fin de la semaine derni\u00e8re, une r\u00e9union avec les cadres du minist\u00e8re pour une revue de la pr\u00e9paration de la rentr\u00e9e scolaire.<\/p>\n<div class=\"code-block code-block-1 c4\"><ins class=\"adsbygoogle c3\" data-ad-layout=\"in-article\" data-ad-format=\"fluid\" data-ad-client=\"ca-pub-2102118777505746\" data-ad-slot=\"7301775417\"\/> <\/div>\n<p>La r\u00e9union a \u00e9t\u00e9 consacr\u00e9e \u00e0 la contribution du minist\u00e8re \u00e0 la pr\u00e9vention contre le <a href=\"https:\/\/www.tunisienumerique.com\/tunisie-actualite\/coronavirus\/\" title=\"Covid-19\" target=\"_top\" class=\"auto-link\" rel=\"noopener noreferrer\">Covid-19<\/a> et \u00e0 la revue des aides sociales qui seront distribu\u00e9es, \u00e0 l\u2019occasion de la rentr\u00e9e, aux familles n\u00e9cessiteuses.<\/p>\n<p>Le minist\u00e8re a d\u00e9clar\u00e9 qu\u2019il a \u00e9t\u00e9 d\u00e9cid\u00e9 cette ann\u00e9e et pour la premi\u00e8re fois, qu\u2019une somme de 50 dinars (16 euros) sera octroy\u00e9e \u00e0 chaque \u00e9l\u00e8ve ou apprenant inscrit en cycle de formation professionnelle et qu\u2019un montant de 120 dinars (37 euros) sera attribu\u00e9 \u00e0 chaque \u00e9tudiant.<\/p>\n<p>En tout et pour tout, une enveloppe de 32 millions de dinars a \u00e9t\u00e9 mobilis\u00e9e pour ces aides dont 15 millions de dinars allou\u00e9s par le minist\u00e8re des Affaires sociales. Le reste du montant sera d\u00e9bloqu\u00e9 dans le cadre de la coop\u00e9ration internationale avec l\u2019UNICEF et la Banque allemande de d\u00e9veloppement toujours, selon le minist\u00e8re des affaires sociales.<\/p>\n<p>Le nombre des familles n\u00e9cessiteuses en Tunisie est tr\u00e8s important, celles-ci repr\u00e9sentent pratiquement le tiers des familles du pays.<\/p>\n<p>Toutefois, l\u2019allocation de tr\u00e8s petites sommes d\u2019argent aux familles n\u00e9cessiteuses par les autorit\u00e9s est devenue banale malgr\u00e9 que ces m\u00eames autorit\u00e9s disent qu\u2019elles sont conscientes que le montant de l\u2019aide est faible compte tenu de la faiblesse des moyens de l\u2019\u00c9tat qui ne permettent pas plus que cela.<\/p>\n<p>Il est \u00e0 noter qu\u2019un nombre important des familles dans le besoin ne fait pas partie des programmes d\u2019aide et de secours.<\/p>\n<p>L\u2019allocation des aides \u00e0 cette cat\u00e9gorie de n\u00e9cessiteux ob\u00e9it \u00e0 des textes r\u00e8glementaires qui remontent \u00e0 plus de vingt ans, notamment la circulaire du ministre d\u2019\u00c9tat charg\u00e9 de l\u2019Int\u00e9rieur et du ministre des Affaires sociales N\u00b0 21 du 20 ao\u00fbt 1987 relative au programme national d\u2019aide aux familles n\u00e9cessiteuses et la circulaire du ministre des Affaires sociales N\u00b0 05 du 15 mai 1988 concernant le Programme national pour l\u2019aide des familles n\u00e9cessiteuses.<\/p>\n<p>Au-del\u00e0 des conditions pr\u00e9caires des familles n\u00e9cessiteuses aggrav\u00e9es par la crise du COVID-19, certains observateurs estiment qu\u2019une aide aussi d\u00e9risoire allou\u00e9e aux plus d\u00e9munis ne peut en aucun cas att\u00e9nuer leur d\u00e9tresse mais renforce plut\u00f4t les sentiments d\u2019exclusion et d\u2019humiliation v\u00e9cus par ces familles dont les conditions de vie sont d\u00e9j\u00e0 mises \u00e0 mal par la crise.<\/p>\n<div class=\"swp_social_panel swp_horizontal_panel swp_flat_fresh swp_default_full_color swp_individual_full_color swp_other_full_color scale-100 scale-\" data-min-width=\"1100\" data-float-color=\"#ffffff\" data-float=\"bottom\" data-float-mobile=\"bottom\" data-transition=\"slide\">\n<div class=\"nc_tweetContainer swp_share_button total_shares total_sharesalt\"><span class=\"swp_count\">12 <span class=\"swp_label\">Partages<\/span><\/span><\/div>\n<\/div>\n<p><strong>Que se passe-t-il en Tunisie?<\/strong><br \/>Nous expliquons sur notre <a href=\"https:\/\/www.youtube.com\/channel\/UCRzypVq0B_yBad5eGrwBx0Q?sub_confirmation=1\" target=\"_blank\" rel=\"noopener noreferrer\">cha\u00eene YouTube<\/a> . <a href=\"https:\/\/www.youtube.com\/channel\/UCRzypVq0B_yBad5eGrwBx0Q?sub_confirmation=1\" target=\"_blank\" rel=\"noopener noreferrer\">Abonnez-vous!<\/a><\/p>\n<div class=\"mvp-org-wrap mvp-org-logo\" itemprop=\"publisher\" itemscope=\"\" itemtype=\"https:\/\/schema.org\/Organization\"><img decoding=\"async\" src=\"https:\/\/www.tunisienumerique.com\/wp-content\/uploads\/2017\/02\/logo_tunisie_numerique.png\"\/><\/div>\n<div class=\"post-tags\"><span class=\"post-tags-header\">Sujets Connexes:<\/span><\/div>\n<div id=\"article-ad\"><ins class=\"adsbygoogle c5\" data-ad-client=\"ca-pub-2102118777505746\" data-ad-slot=\"6513972734\" data-ad-format=\"auto\" data-full-width-responsive=\"true\"\/> <\/div>\n<\/div>\n<div id=\"post-sidebar-wrap\"><ins class=\"adsbygoogle c5\" data-ad-client=\"ca-pub-2102118777505746\" data-ad-slot=\"6168283410\" data-ad-format=\"auto\" data-full-width-responsive=\"true\"\/> <\/div>\n<p>Auteur: Mohamed Ben Abderrazek<br \/>\n<a href=\"https:\/\/www.tunisienumerique.com\/aide-de-50-dinars-aux-eleves-necessiteux-une-rentree-humiliante\/\">Cliquez ici pour lire l&rsquo;article depuis sa source.<\/a><\/p>\n","protected":false},"excerpt":{"rendered":"<p>Le ministre des Affaires sociales, Mohamed Trabelsi a tenu, \u00e0 la fin de la semaine derni\u00e8re, une r\u00e9union avec les cadres du minist\u00e8re pour une revue de la pr\u00e9paration de la rentr\u00e9e scolaire. La r\u00e9union a \u00e9t\u00e9 consacr\u00e9e \u00e0 la contribution du minist\u00e8re \u00e0 la pr\u00e9vention contre le Covid-19 et \u00e0 la revue des aides [&hellip;]<\/p>\n","protected":false},"author":1789,"featured_media":98284,"comment_status":"closed","ping_status":"closed","sticky":false,"template":"","format":"standard","meta":{"fifu_image_url":"","fifu_image_alt":"","footnotes":""},"categories":[73,55],"tags":[],"class_list":["post-98283","post","type-post","status-publish","format-standard","has-post-thumbnail","hentry","category-actualite","category-tunisie"],"_links":{"self":[{"href":"https:\/\/linitiative.ca\/International\/wp-json\/wp\/v2\/posts\/98283","targetHints":{"allow":["GET"]}}],"collection":[{"href":"https:\/\/linitiative.ca\/International\/wp-json\/wp\/v2\/posts"}],"about":[{"href":"https:\/\/linitiative.ca\/International\/wp-json\/wp\/v2\/types\/post"}],"author":[{"embeddable":true,"href":"https:\/\/linitiative.ca\/International\/wp-json\/wp\/v2\/users\/1789"}],"replies":[{"embeddable":true,"href":"https:\/\/linitiative.ca\/International\/wp-json\/wp\/v2\/comments?post=98283"}],"version-history":[{"count":0,"href":"https:\/\/linitiative.ca\/International\/wp-json\/wp\/v2\/posts\/98283\/revisions"}],"wp:featuredmedia":[{"embeddable":true,"href":"https:\/\/linitiative.ca\/International\/wp-json\/"}],"wp:attachment":[{"href":"https:\/\/linitiative.ca\/International\/wp-json\/wp\/v2\/media?parent=98283"}],"wp:term":[{"taxonomy":"category","embeddable":true,"href":"https:\/\/linitiative.ca\/International\/wp-json\/wp\/v2\/categories?post=98283"},{"taxonomy":"post_tag","embeddable":true,"href":"https:\/\/linitiative.ca\/International\/wp-json\/wp\/v2\/tags?post=98283"}],"curies":[{"name":"wp","href":"https:\/\/api.w.org\/{rel}","templated":true}]}}