{"id":98285,"date":"2020-09-08T16:43:17","date_gmt":"2020-09-08T20:43:17","guid":{"rendered":"https:\/\/linitiative.ca\/International\/esperance-de-tunis-le-jeune-zied-berrima-prolonge-son-contrat\/"},"modified":"2020-09-08T16:43:17","modified_gmt":"2020-09-08T20:43:17","slug":"esperance-de-tunis-le-jeune-zied-berrima-prolonge-son-contrat","status":"publish","type":"post","link":"https:\/\/linitiative.ca\/International\/esperance-de-tunis-le-jeune-zied-berrima-prolonge-son-contrat\/","title":{"rendered":"Esp\u00e9rance de Tunis : le jeune Zied Berrima prolonge son contrat"},"content":{"rendered":"<div class=\"post-cont-in left relative\">\n<p dir=\"ltr\">L\u2019Esp\u00e9rance Sportive de Tunis vient d\u2019annoncer la prolongation du contrat de sa p\u00e9pite Zied Berrima.<\/p>\n<div class=\"code-block code-block-1 c4\"><ins class=\"adsbygoogle c3\" data-ad-layout=\"in-article\" data-ad-format=\"fluid\" data-ad-client=\"ca-pub-2102118777505746\" data-ad-slot=\"7301775417\"\/> <\/div>\n<p dir=\"ltr\">Apr\u00e8s avoir prolong\u00e9 El Houni, Derbali et Ya\u00e2koubi, les Sang et or n\u2019ont pas pris de risques avec Berrima qui signera un contrat le liant au club de Bab Souika jusqu\u2019en 2023.<\/p>\n<div class=\"swp_social_panel swp_horizontal_panel swp_flat_fresh swp_default_full_color swp_individual_full_color swp_other_full_color scale-100 scale-\" data-min-width=\"1100\" data-float-color=\"#ffffff\" data-float=\"bottom\" data-float-mobile=\"bottom\" data-transition=\"slide\">\n<div class=\"nc_tweetContainer swp_share_button total_shares total_sharesalt\"><span class=\"swp_count\">0 <span class=\"swp_label\">Partages<\/span><\/span><\/div>\n<\/div>\n<p><strong>Que se passe-t-il en Tunisie?<\/strong><br \/>Nous expliquons sur notre <a href=\"https:\/\/www.youtube.com\/channel\/UCRzypVq0B_yBad5eGrwBx0Q?sub_confirmation=1\" target=\"_blank\" rel=\"noopener noreferrer\">cha\u00eene YouTube<\/a> . <a href=\"https:\/\/www.youtube.com\/channel\/UCRzypVq0B_yBad5eGrwBx0Q?sub_confirmation=1\" target=\"_blank\" rel=\"noopener noreferrer\">Abonnez-vous!<\/a><\/p>\n<div class=\"mvp-org-wrap mvp-org-logo\" itemprop=\"publisher\" itemscope=\"\" itemtype=\"https:\/\/schema.org\/Organization\"><img decoding=\"async\" src=\"https:\/\/www.tunisienumerique.com\/wp-content\/uploads\/2017\/02\/logo_tunisie_numerique.png\"\/><\/div>\n<div class=\"mvp-related-posts left relative\">\n<h4 class=\"post-header\"><span class=\"post-header\">Lire aussi<\/span><\/h4>\n<\/div>\n<div id=\"article-ad\"><ins class=\"adsbygoogle c5\" data-ad-client=\"ca-pub-2102118777505746\" data-ad-slot=\"6513972734\" data-ad-format=\"auto\" data-full-width-responsive=\"true\"\/> <\/div>\n<\/div>\n<div id=\"post-sidebar-wrap\"><ins class=\"adsbygoogle c5\" data-ad-client=\"ca-pub-2102118777505746\" data-ad-slot=\"6168283410\" data-ad-format=\"auto\" data-full-width-responsive=\"true\"\/> <\/div>\n<p>Auteur:<br \/>\n<a href=\"https:\/\/www.tunisienumerique.com\/esperance-de-tunis-le-jeune-zied-berrima-prolonge-son-contrat\/\">Cliquez ici pour lire l&rsquo;article depuis sa source.<\/a><\/p>\n","protected":false},"excerpt":{"rendered":"<p>L\u2019Esp\u00e9rance Sportive de Tunis vient d\u2019annoncer la prolongation du contrat de sa p\u00e9pite Zied Berrima. Apr\u00e8s avoir prolong\u00e9 El Houni, Derbali et Ya\u00e2koubi, les Sang et or n\u2019ont pas pris de risques avec Berrima qui signera un contrat le liant au club de Bab Souika jusqu\u2019en 2023. 0 Partages Que se passe-t-il en Tunisie?Nous expliquons [&hellip;]<\/p>\n","protected":false},"author":1789,"featured_media":98286,"comment_status":"closed","ping_status":"closed","sticky":false,"template":"","format":"standard","meta":{"fifu_image_url":"","fifu_image_alt":"","footnotes":""},"categories":[73,55],"tags":[],"class_list":["post-98285","post","type-post","status-publish","format-standard","has-post-thumbnail","hentry","category-actualite","category-tunisie"],"_links":{"self":[{"href":"https:\/\/linitiative.ca\/International\/wp-json\/wp\/v2\/posts\/98285","targetHints":{"allow":["GET"]}}],"collection":[{"href":"https:\/\/linitiative.ca\/International\/wp-json\/wp\/v2\/posts"}],"about":[{"href":"https:\/\/linitiative.ca\/International\/wp-json\/wp\/v2\/types\/post"}],"author":[{"embeddable":true,"href":"https:\/\/linitiative.ca\/International\/wp-json\/wp\/v2\/users\/1789"}],"replies":[{"embeddable":true,"href":"https:\/\/linitiative.ca\/International\/wp-json\/wp\/v2\/comments?post=98285"}],"version-history":[{"count":0,"href":"https:\/\/linitiative.ca\/International\/wp-json\/wp\/v2\/posts\/98285\/revisions"}],"wp:featuredmedia":[{"embeddable":true,"href":"https:\/\/linitiative.ca\/International\/wp-json\/"}],"wp:attachment":[{"href":"https:\/\/linitiative.ca\/International\/wp-json\/wp\/v2\/media?parent=98285"}],"wp:term":[{"taxonomy":"category","embeddable":true,"href":"https:\/\/linitiative.ca\/International\/wp-json\/wp\/v2\/categories?post=98285"},{"taxonomy":"post_tag","embeddable":true,"href":"https:\/\/linitiative.ca\/International\/wp-json\/wp\/v2\/tags?post=98285"}],"curies":[{"name":"wp","href":"https:\/\/api.w.org\/{rel}","templated":true}]}}