{"id":98287,"date":"2020-09-08T14:55:22","date_gmt":"2020-09-08T18:55:22","guid":{"rendered":"https:\/\/linitiative.ca\/International\/ultimatum-de-la-cedeao\/"},"modified":"2020-09-08T14:55:22","modified_gmt":"2020-09-08T18:55:22","slug":"ultimatum-de-la-cedeao","status":"publish","type":"post","link":"https:\/\/linitiative.ca\/International\/ultimatum-de-la-cedeao\/","title":{"rendered":"ULTIMATUM DE LA CEDEAO"},"content":{"rendered":"<div class=\"stream-item stream-item-above-post-content\">\n<p><noscript><\/p>\n<p><a href=\"\/\/www3.smartadserver.com\/ac?jump=1&amp;nwid=2136&amp;siteid=240610&amp;pgname=rg&amp;fmtid=49046&amp;visit=m&amp;tmstp=[timestamp]&amp;out=nonrich\" target=\"_blank\" rel=\"noopener noreferrer\"><img decoding=\"async\" src=\"http:\/\/www3.smartadserver.com\/ac?out=nonrich&amp;nwid=2136&amp;siteid=240610&amp;pgname=rg&amp;fmtid=49046&amp;visit=m&amp;tmstp=[timestamp]\" border=\"0\" alt=\"\"\/><\/a><\/p>\n<p><\/noscript><\/div>\n<p class=\"c3\"><em>Entre la Communaut\u00e9 \u00e9conomique des Etats de l\u2019Afrique de l\u2019Ouest (CEDEAO) et la junte militaire qui a d\u00e9pos\u00e9 le pr\u00e9sident Ibrahim Boubacar K\u00e9\u00efta (IBK), le 18 ao\u00fbt dernier, au Mali, l\u2019heure semble au \u00ab\u00a0je t\u2019aime moi non plus\u00a0\u00bb, par rapport \u00e0 la Transition. En effet, r\u00e9unis en sommet ordinaire, le cinquante-septi\u00e8me du genre, \u00e0 Niamey, au Niger, le 7 septembre dernier, les t\u00eates couronn\u00e9es de l\u2019institution sous-r\u00e9gionale, qui devaient se pencher, entre autres, sur la situation \u00e9conomique, politique et s\u00e9curitaire sous- r\u00e9gionale, \u00a0ne se sont pas montr\u00e9es, concernant le dossier malien aussi \u00e0 l\u2019ordre du jour, dispos\u00e9s \u00e0 desserrer l\u2019\u00e9tau des sanctions autour des putschistes de Bamako, malgr\u00e9 les gestes de bonne volont\u00e9 que ces derniers ont su montrer jusque-l\u00e0. Au nombre de ces gestes, l\u2019\u00e9vacuation sanitaire du pr\u00e9sident d\u00e9chu autoris\u00e9 \u00e0 aller se soigner \u00e0 l\u2019ext\u00e9rieur du pays, plus pr\u00e9cis\u00e9ment aux Emirats arabes unis, mais aussi l\u2019ouverture de larges concertations nationales dont le premier round a eu lieu le week-end dernier dans la capitale malienne, en attendant un autre pr\u00e9vu cette fin de semaine pour aller un peu plus en profondeur dans les discussions devant dessiner plus nettement les contours de la transition \u00e0 mettre en place.<\/em><\/p>\n<p class=\"c3\"><em>\u00a0<\/em><\/p>\n<p class=\"c4\"><strong><em>La CEDEAO ne l\u00e2che pas prise au Mali<\/em><\/strong><\/p>\n<p class=\"c3\"><em>\u00a0<\/em><\/p>\n<p class=\"c3\"><em>Ces concertations regroupent l\u2019ensemble des acteurs de la vie politique, \u00e0 l\u2019exception de la Coordination des mouvements de l\u2019Azawad (CMA) qui a choisi de rester en marge pour des raisons personnelles.\u00a0\u00a0<\/em> <em>Le moins que l\u2019on puisse dire, c\u2019est que la CEDEAO ne l\u00e2che pas prise au Mali o\u00f9 la situation sociopolitique reste toujours l\u2019une des pr\u00e9occupations majeures du moment. Et au sommet de Niamey, non seulement elle a maintenu les sanctions contre les putschistes, mais aussi elle est all\u00e9e plus loin en leur donnant un ultimatum jusqu\u2019au 15 septembre, pour passer la main aux civils. Que fera maintenant la junte malienne ? Va-t-elle plier l\u2019\u00e9chine ? Ou va-t-elle se laisser ailler \u00e0 un bras de fer avec la CEDEAO et ce, avec tous les risques que cela peut engendrer ? On attend de voir. En tout cas, tout porte donc \u00e0 croire que la strat\u00e9gie de la CEDEAO est de maintenir la pression, et de continuer \u00e0 observer.\u00a0<\/em> <em>Mais si les gestes de bonne volont\u00e9 de la junte militaire et le changement de ton de la CEDEAO devenu entre temps plus conciliant, apr\u00e8s les premi\u00e8res heures de crispation suite au renversement du pr\u00e9sident IBK, pouvaient laisser esp\u00e9rer un \u00e9change de bons proc\u00e9d\u00e9s avec l\u2019institution sous\u2013r\u00e9gionale en termes d\u2019all\u00e8gement des sanctions, cette fermet\u00e9 des chefs d\u2019Etat de la CEDEAO ne manquera certainement pas de surprendre du c\u00f4t\u00e9 de Bamako. Mais \u00e0 y regarder de pr\u00e8s, cela n\u2019est gu\u00e8re surprenant. Car, trois semaines apr\u00e8s leur prise du pouvoir et leurs premi\u00e8res d\u00e9clarations, les militaires maliens peinent encore \u00e0 traduire\u00a0 en actes, leur volont\u00e9 annonc\u00e9e de ne pas confisquer le pouvoir. C\u2019est pourquoi, ces petits gestes de bonne volont\u00e9 de Assimi Go\u00efta et ses camarades d\u2019une part, et la fermet\u00e9 affich\u00e9e de la CEDEAO qui rechigne \u00e0 des all\u00e8gements de sanctions, m\u00eame \u00e0 doses hom\u00e9opathiques, apparaissent comme un test de confiance, particuli\u00e8rement de la part de l\u2019institution sous-r\u00e9gionale qui semble vouloir \u00a0jauger la bonne foi des militaires maliens avant de se d\u00e9cider \u00e0 leur donner ou pas son onction.<\/em><\/p>\n<p class=\"c3\"><em>\u00a0<\/em><\/p>\n<p class=\"c4\"><strong><em>Niamey n\u2019est qu\u2019une \u00e9tape dans ce qui appara\u00eet comme une partie d\u2019\u00e9checs\u00a0 entre la junte au Mali et l\u2019institution sous-r\u00e9gionale<\/em><\/strong><\/p>\n<p class=\"c3\"><em>\u00a0<\/em><\/p>\n<p class=\"c3\"><em>\u00a0<\/em><\/p>\n<p class=\"c3\"><em>C\u2019est dire si le fond du probl\u00e8me demeure, \u00e0 savoir, l\u2019exigence, par la CEDEAO, de la mise en place, le plus rapidement possible, \u00a0d\u2019une transition civile d\u2019une dur\u00e9e maximale d\u2019un an, au moment o\u00f9, m\u00eame sans le dire, la junte ne semble pas dispos\u00e9e \u00e0 jouer les spectateurs durant cette p\u00e9riode transitoire post-IBK. C\u2019est dire si c\u2019est un jeu du chat et de la souris qui risque de montrer tr\u00e8s rapidement ses limites, si les contours de la transition au Mali devaient tarder \u00e0 se dessiner clairement. Car, tout porte \u00e0 croire que c\u2019est sur le terrain de la dur\u00e9e de la transition et des principaux acteurs devant la conduire,\u00a0 que la CEDEAO attend de pied ferme les putschistes de Bamako pour d\u00e9cider de la conduite \u00e0 tenir dans le sens d\u2019une lev\u00e9e totale de l\u2019embargo ou d\u2019un durcissement des sanctions visant \u00e0 les faire plier. En tout cas, \u00e0 la lumi\u00e8re du discours inaugural de son pr\u00e9sident en exercice, Mahamadou Issoufou du Niger, l\u2019on est port\u00e9 \u00e0 croire que le r\u00e9tablissement rapide des institutions de la R\u00e9publique, reste l\u2019a\u00een\u00e9 des soucis de la CEDEAO dans le dossier malien. C\u2019est dire si Niamey n\u2019est qu\u2019une \u00e9tape dans ce qui appara\u00eet comme une partie d\u2019\u00e9checs\u00a0 entre la junte au Mali et l\u2019institution sous-r\u00e9gionale visiblement d\u00e9cid\u00e9e \u00e0 se faire respecter. Autant dire que \u00a0les tombeurs de IBK doivent montrer bien plus que ces premiers signes de bonne volont\u00e9, s\u2019ils veulent avoir la confiance de l\u2019institution sous-r\u00e9gionale. C\u2019est pourquoi les concertations nationales \u00e0 venir en fin de semaine entre acteurs maliens et cens\u00e9es poser les jalons des contours de la transition \u00e0 travers, entre autres, la d\u00e9finition de ses organes, sa dur\u00e9e, la r\u00e9partition des postes entre ses acteurs, rev\u00eatent, d\u2019ores et d\u00e9j\u00e0, une importance capitale. En tout \u00e9tat de cause, en renvoyant la balle \u00e0 la junte en lui demandant \u00ab\u00a0d\u2019aider la CEDEAO \u00e0 aider le Mali\u00a0\u00bb, l\u2019institution sous-r\u00e9gionale semble vouloir mettre une couche de pression sans y para\u00eetre, en lui faisant porter en filigrane la responsabilit\u00e9 des sanctions qui p\u00e8sent sur le pays. Que va faire maintenant la junte\u00a0? On attend de voir.<\/em><\/p>\n<p class=\"c3\"><em>\u00a0<\/em><\/p>\n<p class=\"c4\"><strong><em>\u00a0\u00ab\u00a0Le Pays\u00a0\u00bb<\/em><\/strong><\/p>\n<p class=\"c4\"><strong><em>\u00a0<\/em><\/strong><\/p>\n<p class=\"c3\"><em>\u00a0<\/em><\/p>\n<p>Auteur: Le Pays<br \/>\n<a href=\"http:\/\/lepays.bf\/ultimatum-de-la-cedeao\/\">Cliquez ici pour lire l&rsquo;article depuis sa source.<\/a><\/p>\n","protected":false},"excerpt":{"rendered":"<p>Entre la Communaut\u00e9 \u00e9conomique des Etats de l\u2019Afrique de l\u2019Ouest (CEDEAO) et la junte militaire qui a d\u00e9pos\u00e9 le pr\u00e9sident Ibrahim Boubacar K\u00e9\u00efta (IBK), le 18 ao\u00fbt dernier, au Mali, l\u2019heure semble au \u00ab\u00a0je t\u2019aime moi non plus\u00a0\u00bb, par rapport \u00e0 la Transition. En effet, r\u00e9unis en sommet ordinaire, le cinquante-septi\u00e8me du genre, \u00e0 Niamey, [&hellip;]<\/p>\n","protected":false},"author":1813,"featured_media":0,"comment_status":"closed","ping_status":"closed","sticky":false,"template":"","format":"standard","meta":{"fifu_image_url":"","fifu_image_alt":"","footnotes":""},"categories":[73,81],"tags":[],"class_list":["post-98287","post","type-post","status-publish","format-standard","hentry","category-actualite","category-burkina-faso"],"_links":{"self":[{"href":"https:\/\/linitiative.ca\/International\/wp-json\/wp\/v2\/posts\/98287","targetHints":{"allow":["GET"]}}],"collection":[{"href":"https:\/\/linitiative.ca\/International\/wp-json\/wp\/v2\/posts"}],"about":[{"href":"https:\/\/linitiative.ca\/International\/wp-json\/wp\/v2\/types\/post"}],"author":[{"embeddable":true,"href":"https:\/\/linitiative.ca\/International\/wp-json\/wp\/v2\/users\/1813"}],"replies":[{"embeddable":true,"href":"https:\/\/linitiative.ca\/International\/wp-json\/wp\/v2\/comments?post=98287"}],"version-history":[{"count":0,"href":"https:\/\/linitiative.ca\/International\/wp-json\/wp\/v2\/posts\/98287\/revisions"}],"wp:attachment":[{"href":"https:\/\/linitiative.ca\/International\/wp-json\/wp\/v2\/media?parent=98287"}],"wp:term":[{"taxonomy":"category","embeddable":true,"href":"https:\/\/linitiative.ca\/International\/wp-json\/wp\/v2\/categories?post=98287"},{"taxonomy":"post_tag","embeddable":true,"href":"https:\/\/linitiative.ca\/International\/wp-json\/wp\/v2\/tags?post=98287"}],"curies":[{"name":"wp","href":"https:\/\/api.w.org\/{rel}","templated":true}]}}