{"id":98288,"date":"2020-09-08T15:01:14","date_gmt":"2020-09-08T19:01:14","guid":{"rendered":"https:\/\/linitiative.ca\/International\/un-djihadiste-malien-devant-la-cpi\/"},"modified":"2020-09-08T15:01:14","modified_gmt":"2020-09-08T19:01:14","slug":"un-djihadiste-malien-devant-la-cpi","status":"publish","type":"post","link":"https:\/\/linitiative.ca\/International\/un-djihadiste-malien-devant-la-cpi\/","title":{"rendered":"UN DJIHADISTE MALIEN DEVANT LA CPI"},"content":{"rendered":"<div class=\"stream-item stream-item-above-post-content\">\n<p><noscript><\/p>\n<p><a href=\"\/\/www3.smartadserver.com\/ac?jump=1&amp;nwid=2136&amp;siteid=240610&amp;pgname=rg&amp;fmtid=49046&amp;visit=m&amp;tmstp=[timestamp]&amp;out=nonrich\" target=\"_blank\" rel=\"noopener noreferrer\"><img decoding=\"async\" src=\"http:\/\/www3.smartadserver.com\/ac?out=nonrich&amp;nwid=2136&amp;siteid=240610&amp;pgname=rg&amp;fmtid=49046&amp;visit=m&amp;tmstp=[timestamp]\" border=\"0\" alt=\"\"\/><\/a><\/p>\n<p><\/noscript><\/div>\n<p class=\"c3\"><em>Remis en avril 2018 par les autorit\u00e9s maliennes \u00e0 la Cour p\u00e9nale internationale (CPI), Abdoul Aziz Ag Mohamed Ag Mahmoud alias Al Hassan, du nom de ce tristement c\u00e9l\u00e8bre commissaire de la police islamique de Tombouctou sous l\u2019\u00e8re djihadiste d\u2019Ansar dine, en 2012, a comparu de nouveau, le 8 septembre \u00a0dernier, devant la Justice internationale pour r\u00e9pondre de crimes de guerre et crimes contre l\u2019humanit\u00e9, viols et esclavage sexuel commis dans le contexte de mariages forc\u00e9s et destruction de mausol\u00e9es. Ce proc\u00e8s fait suite \u00e0 un autre qui avait abouti \u00e0 la condamnation, en 2016, d\u2019un autre djihadiste malien, Ahmad Al Faqi Al Mahdi, \u00e0 9 ans de prison pour avoir pris part, en 2012, \u00e0 la d\u00e9molition de mausol\u00e9es prot\u00e9g\u00e9s \u00e0 Tombouctou, un site inscrit par l\u2019Organisation des Nations unies pour l\u2019\u00e9ducation, la science et la culture (UNESCO), au patrimoine mondial de l\u2019humanit\u00e9. En cela, ce jugement est d\u00e9j\u00e0 porteur d\u2019espoirs et cela avant m\u00eame que le verdict ne soit connu.<\/em><\/p>\n<p class=\"c4\"><strong><em>C\u2019est toute la communaut\u00e9 humaine qui retrouve des raisons d\u2019esp\u00e9rer<\/em><\/strong><\/p>\n<p class=\"c3\"><em>De ce point de vue, l\u2019on peut dire que l\u2019ouverture du proc\u00e8s s\u2019est m\u00eame faite trop attendre pour cet ing\u00e9nieur du mal qui, selon de nombreux t\u00e9moignages, a jou\u00e9 un r\u00f4le de premier plan dans le calvaire subi par les habitants de la \u00ab ville aux 333 saints \u00bb. L\u2019on garde tous, en effet, en m\u00e9moire les sc\u00e8nes moyen\u00e2geuses de l\u2019application de la charia avec son lot de ch\u00e2timents et de mutilations corporels sur fond de lapidations \u00e0 mort. Tout aussi vivaces sont les images des tombeaux des saints de la ville s\u2019effondrant les uns apr\u00e8s les autres sous les coups de houes et de burins des miliciens fanatis\u00e9s d\u2019Ansar Dine. Mais aussi tardive qu\u2019elle soit, cette comparution d\u2019un des bourreaux de la population de la ville de Tombouctou en 2012, est \u00e0 acclamer. Et pour cause.\u00a0D\u2019abord, elle vient mettre du baume au c\u0153ur des victimes et des parents des victimes qui, en plus d\u2019avoir assist\u00e9 impuissants \u00e0 leur propre martyre ou au supplice d\u2019un des leurs, continuent de tra\u00eener ou de g\u00e9rer les s\u00e9quelles physiques, psychiques, sociales et \u00e9conomiques de cette barbarie qui s\u2019\u00e9tait abattue sur le Nord-Mali. Elle est aussi un signe d\u2019espoir pour la Nation malienne tout enti\u00e8re dont la situation socio-politique et \u00e9conomique marqu\u00e9e aujourd\u2019hui par une pr\u00e9carit\u00e9 sans pr\u00e9c\u00e9dent, reste largement tributaire de l\u2019ordre surann\u00e9 que les groupes djihadistes tentent d\u2019imposer au Mali depuis l\u2019\u00e9ph\u00e9m\u00e8re succ\u00e8s du Mouvement pour le djihad en Afrique de l\u2019Ouest (MUJAO) et de Ansar dine en 2012. Au-del\u00e0 du Mali, c\u2019est toute la communaut\u00e9 humaine meurtrie par les agissements des djihadistes au Mali, qui retrouve des raisons d\u2019esp\u00e9rer face \u00e0 un monde malmen\u00e9 par les marchands de la haine. Mais ce qu\u2019il faut saluer le plus \u00e0 travers ce proc\u00e8s, c\u2019est surtout sa valeur p\u00e9dagogique. Il constitue, en effet, un signal fort et un avertissement sans frais pour tous les adeptes des id\u00e9ologies extr\u00e9mistes qui continuent, au Mali ou sous d\u2019autres cieux, de r\u00e9pandre la terreur ou \u00e0 se repa\u00eetre du sang d\u2019innocentes personnes. Iyad Al Ghali, Amadou Kouffa et tous les autres chefs des Katiba djihadistes dans le Sahel, devraient comprendre, \u00e0 travers ce proc\u00e8s, que s\u2019ils \u00e9chappent \u00e0 l\u2019enfer de la mort par les balles des mitrailleuses ou des bombes, ils devront r\u00e9pondre un jour de leurs actes devant la Justice des hommes avant celle de Dieu.<\/em><\/p>\n<p class=\"c4\"><strong><em>Les Maliens doivent comprendre que le plus grave danger serait d\u2019aller vers une radicalisation des positions<\/em><\/strong><\/p>\n<p class=\"c3\"><em>Toutefois, aussi euphorique que puisse \u00eatre l\u2019ouverture de ce proc\u00e8s \u00e0 La Haye pour les partisans de la Justice, comme on aime \u00e0 le dire, \u00ab l\u2019arbre ne doit pas cacher la for\u00eat \u00bb. Car, ils sont encore nombreux les djihadistes auteurs de nombreuses tortures et autres exactions sur les populations \u00e0 \u00e9chapper encore aux mailles des filets de la Justice, continuant ainsi leur \u0153uvre mal\u00e9fique \u00e0 travers la plan\u00e8te, notamment en ses points les plus fragiles sur le plan s\u00e9curitaire. Il serait donc plus b\u00e9n\u00e9fique pour les populations qu\u2019\u00e0 d\u00e9faut d\u2019alpaguer ces criminels et de les tra\u00eener devant les tribunaux internationaux, la solidarit\u00e9 internationale se fasse plus agissante pour les emp\u00eacher de r\u00e9pandre leur r\u00e8gne de la terreur comme on le voit en ce moment dans les pays du Sahel. Du reste, ce proc\u00e8s qui s\u2019est ouvert \u00e0 La Haye, aurait pu avoir un \u00e9cho plus retentissant si c\u2019\u00e9tait la Justice malienne qui l\u2019avait conduit apr\u00e8s qu\u2019Abdoul Aziz Ag Mohamed Ag Mahmoud eut \u00e9t\u00e9 arr\u00eat\u00e9 par les forces de d\u00e9fense et de s\u00e9curit\u00e9 du Mali.\u00a0Cela dit, l\u2019ouverture du proc\u00e8s du commissaire de la police islamique de Tombouctou devant la CPI, intervient en pleine crise socio-politique au Mali. L\u2019on ne peut s\u2019emp\u00eacher donc de se poser la question suivante : quel impact ce proc\u00e8s peut-il avoir sur les \u00e9v\u00e9nements qui se d\u00e9roulent au pays de Ibrahim Boubacar K\u00e9ita (IBK) quand on sait que l\u2019un des ressorts de la crise est la situation s\u00e9curitaire ? Difficile de r\u00e9pondre pour l\u2019instant \u00e0 cette question mais ce proc\u00e8s vient rappeler \u00e0 tous ceux qui demandent la d\u00e9mission du pr\u00e9sident IBK que, contrairement \u00e0 ce qu\u2019ils disent, il y a des r\u00e9sultats sur le front de la lutte contre l\u2019ins\u00e9curit\u00e9. En effet, quand on ajoute au nombre des djihadistes dans les ge\u00f4les, celui de ceux envoy\u00e9s ad patres par l\u2019arm\u00e9e malienne, les troupes du G5 et la force Barkhane, l\u2019on ne peut nier le fait que les lignes bougent tout de m\u00eame. A contrario, l\u2019on peut opposer au camp du pouvoir que la situation serait nettement meilleure si la gouvernance d\u2019IBK \u00e9tait vertueuse. Mais quel que soit le c\u00f4t\u00e9 o\u00f9 l\u2019on se situe, les Maliens doivent comprendre que le plus grave danger serait d\u2019aller vers une radicalisation des positions. Et c\u2019est peu dire. Car, la solution pour tirer le pays du bourbier, est sous l\u2019arbre \u00e0 palabres.<\/em><\/p>\n<p class=\"c4\"><strong><em>\u00ab\u00a0Le Pays\u00a0\u00bb<\/em><\/strong><\/p>\n<p class=\"c3\"><em>\u00a0<\/em><\/p>\n<p>Auteur: Le Pays<br \/>\n<a href=\"http:\/\/lepays.bf\/un-djihadiste-malien-devant-la-cpi-2\/\">Cliquez ici pour lire l&rsquo;article depuis sa source.<\/a><\/p>\n","protected":false},"excerpt":{"rendered":"<p>Remis en avril 2018 par les autorit\u00e9s maliennes \u00e0 la Cour p\u00e9nale internationale (CPI), Abdoul Aziz Ag Mohamed Ag Mahmoud alias Al Hassan, du nom de ce tristement c\u00e9l\u00e8bre commissaire de la police islamique de Tombouctou sous l\u2019\u00e8re djihadiste d\u2019Ansar dine, en 2012, a comparu de nouveau, le 8 septembre \u00a0dernier, devant la Justice internationale [&hellip;]<\/p>\n","protected":false},"author":1813,"featured_media":0,"comment_status":"closed","ping_status":"closed","sticky":false,"template":"","format":"standard","meta":{"fifu_image_url":"","fifu_image_alt":"","footnotes":""},"categories":[73,81],"tags":[],"class_list":["post-98288","post","type-post","status-publish","format-standard","hentry","category-actualite","category-burkina-faso"],"_links":{"self":[{"href":"https:\/\/linitiative.ca\/International\/wp-json\/wp\/v2\/posts\/98288","targetHints":{"allow":["GET"]}}],"collection":[{"href":"https:\/\/linitiative.ca\/International\/wp-json\/wp\/v2\/posts"}],"about":[{"href":"https:\/\/linitiative.ca\/International\/wp-json\/wp\/v2\/types\/post"}],"author":[{"embeddable":true,"href":"https:\/\/linitiative.ca\/International\/wp-json\/wp\/v2\/users\/1813"}],"replies":[{"embeddable":true,"href":"https:\/\/linitiative.ca\/International\/wp-json\/wp\/v2\/comments?post=98288"}],"version-history":[{"count":0,"href":"https:\/\/linitiative.ca\/International\/wp-json\/wp\/v2\/posts\/98288\/revisions"}],"wp:attachment":[{"href":"https:\/\/linitiative.ca\/International\/wp-json\/wp\/v2\/media?parent=98288"}],"wp:term":[{"taxonomy":"category","embeddable":true,"href":"https:\/\/linitiative.ca\/International\/wp-json\/wp\/v2\/categories?post=98288"},{"taxonomy":"post_tag","embeddable":true,"href":"https:\/\/linitiative.ca\/International\/wp-json\/wp\/v2\/tags?post=98288"}],"curies":[{"name":"wp","href":"https:\/\/api.w.org\/{rel}","templated":true}]}}