{"id":98298,"date":"2020-09-08T10:41:09","date_gmt":"2020-09-08T14:41:09","guid":{"rendered":"https:\/\/linitiative.ca\/International\/cameroun-des-experts-a-lecole-de-la-passation-des-marches-publics-en-ligne\/"},"modified":"2020-09-08T10:41:09","modified_gmt":"2020-09-08T14:41:09","slug":"cameroun-des-experts-a-lecole-de-la-passation-des-marches-publics-en-ligne","status":"publish","type":"post","link":"https:\/\/linitiative.ca\/International\/cameroun-des-experts-a-lecole-de-la-passation-des-marches-publics-en-ligne\/","title":{"rendered":"Cameroun : des experts \u00e0 l\u2019\u00e9cole de la passation des march\u00e9s publics en ligne"},"content":{"rendered":"<div readability=\"32\">\n<p>Publi\u00e9 le 08.09.2020 \u00e0 15h41 par Emile Zola Nd\u00e9 Tchoussi<\/p>\n<\/div>\n<div readability=\"77\">\n<h2 class=\"c6\"><strong>Un atelier de renforcement des capacit\u00e9s techniques des coaches internes et membres des \u00e9quipes charg\u00e9es de la mise en \u0153uvre des Initiatives \u00e0 r\u00e9sultat rapides (IRR) pour la passation des march\u00e9s publics en ligne s\u2019est ouvert ce mardi 8 septembre 2010 par le ministre Ibrahim Talba Malla.<\/strong><\/h2>\n<p class=\"c7\">En\u00a0ouvrant ce s\u00e9minaire de renforcement des capacit\u00e9s techniques des coaches de son d\u00e9partement minist\u00e9riel, le ministre d\u00e9l\u00e9gu\u00e9 \u00e0 la pr\u00e9sidence charg\u00e9 des March\u00e9s publics (Minmap) <strong>Ibrahim Talba Malla\u00a0<\/strong>\u00a0a, dans le cadre\u00a0\u00a0de la<strong>\u00a0\u00a0passation des march\u00e9s publics<\/strong> en ligne, dress\u00e9 un bilan probant de l\u2019exercice en cours.<\/p>\n<p class=\"c7\">A titre illustratif, selon le ministre, pour l\u2019exercice 2019, 5434 projets ont \u00e9t\u00e9 programm\u00e9s en ligne, avec la possibilit\u00e9 de consulter et t\u00e9l\u00e9charger les plans de passation des march\u00e9s publics des diff\u00e9rents ma\u00eetres d\u2019ouvrages d\u00e9l\u00e9gu\u00e9s.\u00a0\u00a0De plus, 197 avis d\u2019appel d\u2019offre ont \u00e9t\u00e9 publi\u00e9s sur la plateforme et huit march\u00e9s attribu\u00e9s en ligne. Pour l\u2019exercice 2020\u00a0\u00a0en cours, 6210 projets ont \u00e9t\u00e9 programm\u00e9s en ligne pour 130 avis d\u2019appel d\u2019offre publics et 16 march\u00e9s attribu\u00e9s en ligne.<\/p>\n<p class=\"c7\">De l\u2019avis du patron des march\u00e9s publics au Cameroun, ces r\u00e9sultats\u00a0\u00a0ont \u00e9t\u00e9 abstenus gr\u00e2ce \u00e0 un accompagnement de proximit\u00e9\u00a0\u00a0des acteurs par les \u00e9quipes techniques du <strong>Minmap<\/strong>. Toutefois, plusieurs facteurs entravent la bonne ex\u00e9cution de cette activit\u00e9 parmi les pesanteurs on peut citer\u00a0: l\u2019absence ou l\u2019insuffisance de la logistique n\u00e9cessaire \u00e0 l\u2019exploitation du syst\u00e8me chez certains maitres d\u2019ouvrages et la r\u00e9sistance au changement.<\/p>\n<p class=\"c7\">Pour booster le taux de passation des march\u00e9s publics en ligne, le gouvernement camerounais a obtenu de l\u2019Association internationale pour le d\u00e9veloppement (<strong>FIDA<\/strong>) un financement dans le cadre de l\u2019am\u00e9lioration de la qualit\u00e9\u00a0\u00a0de la d\u00e9pense publique et le renforcement du syst\u00e8me statique et se propose d\u2019utiliser une partie pour financer la deuxi\u00e8me vague des Initiatives \u00e0 r\u00e9sultats rapides sur la passation en ligne des march\u00e9s publics \u00e0 travers le projet d\u2019am\u00e9lioration de l\u2019efficacit\u00e9 de la d\u00e9pense publique et du syst\u00e8me statique.<\/p>\n<p class=\"c7\">En effet le lendemain de la cr\u00e9ation du minist\u00e8re des March\u00e9s publics le 9 d\u00e9cembre 2011, la Cor\u00e9e du Sud s\u2019\u00e9tait propos\u00e9e d\u2019accompagner le gouvernement camerounais dans la mise en \u0153uvre d\u2019un syst\u00e8me de passation des march\u00e9s publics par voie \u00e9lectronique, commun\u00e9ment appel\u00e9 \u00ab\u00a0<em>E-procurement<\/em>\u00a0\u00bb.<\/p>\n<p class=\"c7\">\u00a0Cet engagement s\u2019est mat\u00e9rialis\u00e9 par la signature le juillet 2013, d\u2019un m\u00e9morandum d\u2019entente entre le minist\u00e8re des March\u00e9s publics, repr\u00e9sentant la partie camerounaise et l\u2019Agence cor\u00e9enne de Coop\u00e9ration internationale \u00ab<strong>\u00a0KOICA\u00a0<\/strong>\u00bb. Ce protocole avez \u00e9t\u00e9 suivi de la signature le 1<sup>er<\/sup>\u00a0juillet 2014, d\u2019un accord de don pour le financement de la premi\u00e8re phase de cet ambitieux projet avec l\u2019implication du minist\u00e8re de l\u2019Economie et de l\u2019am\u00e9nagement du territoire.<\/p>\n<\/div>\n<p>Auteur: Christian DJIMADEU<br \/>\n<a href=\"https:\/\/www.journalducameroun.com\/cameroun-des-experts-a-lecole-de-la-passation-des-marches-publics-en-ligne-cameroun\/\">Cliquez ici pour lire l&rsquo;article depuis sa source.<\/a><\/p>\n","protected":false},"excerpt":{"rendered":"<p>Publi\u00e9 le 08.09.2020 \u00e0 15h41 par Emile Zola Nd\u00e9 Tchoussi Un atelier de renforcement des capacit\u00e9s techniques des coaches internes et membres des \u00e9quipes charg\u00e9es de la mise en \u0153uvre des Initiatives \u00e0 r\u00e9sultat rapides (IRR) pour la passation des march\u00e9s publics en ligne s\u2019est ouvert ce mardi 8 septembre 2010 par le ministre Ibrahim [&hellip;]<\/p>\n","protected":false},"author":1965,"featured_media":0,"comment_status":"closed","ping_status":"closed","sticky":false,"template":"","format":"standard","meta":{"fifu_image_url":"","fifu_image_alt":"","footnotes":""},"categories":[73,82],"tags":[],"class_list":["post-98298","post","type-post","status-publish","format-standard","hentry","category-actualite","category-cameroun"],"_links":{"self":[{"href":"https:\/\/linitiative.ca\/International\/wp-json\/wp\/v2\/posts\/98298","targetHints":{"allow":["GET"]}}],"collection":[{"href":"https:\/\/linitiative.ca\/International\/wp-json\/wp\/v2\/posts"}],"about":[{"href":"https:\/\/linitiative.ca\/International\/wp-json\/wp\/v2\/types\/post"}],"author":[{"embeddable":true,"href":"https:\/\/linitiative.ca\/International\/wp-json\/wp\/v2\/users\/1965"}],"replies":[{"embeddable":true,"href":"https:\/\/linitiative.ca\/International\/wp-json\/wp\/v2\/comments?post=98298"}],"version-history":[{"count":0,"href":"https:\/\/linitiative.ca\/International\/wp-json\/wp\/v2\/posts\/98298\/revisions"}],"wp:attachment":[{"href":"https:\/\/linitiative.ca\/International\/wp-json\/wp\/v2\/media?parent=98298"}],"wp:term":[{"taxonomy":"category","embeddable":true,"href":"https:\/\/linitiative.ca\/International\/wp-json\/wp\/v2\/categories?post=98298"},{"taxonomy":"post_tag","embeddable":true,"href":"https:\/\/linitiative.ca\/International\/wp-json\/wp\/v2\/tags?post=98298"}],"curies":[{"name":"wp","href":"https:\/\/api.w.org\/{rel}","templated":true}]}}