{"id":98302,"date":"2020-09-08T15:18:06","date_gmt":"2020-09-08T19:18:06","guid":{"rendered":"https:\/\/linitiative.ca\/International\/le-nigeria-invite-a-rouvrir-ses-frontieres\/"},"modified":"2020-09-08T15:18:06","modified_gmt":"2020-09-08T19:18:06","slug":"le-nigeria-invite-a-rouvrir-ses-frontieres","status":"publish","type":"post","link":"https:\/\/linitiative.ca\/International\/le-nigeria-invite-a-rouvrir-ses-frontieres\/","title":{"rendered":"Le Nigeria invit\u00e9 \u00e0 rouvrir ses fronti\u00e8res"},"content":{"rendered":"<div readability=\"32\">\n<p>Publi\u00e9 le 08.09.2020 \u00e0 20h18 par APA News<\/p>\n<\/div>\n<div readability=\"99\">\n<p>Le Groupe du sommet \u00e9conomique nig\u00e9rian (NESG) a exhort\u00e9 le gouvernement nig\u00e9rian \u00e0 acc\u00e9l\u00e9rer les actions d\u2019ouverture de ses fronti\u00e8res qui ont \u00e9t\u00e9 ferm\u00e9es, compte tenu de son impact n\u00e9gatif sur le commerce et l\u2019emploi.Dans un communiqu\u00e9 publi\u00e9 mardi \u00e0 Abuja et intitul\u00e9 \u00ab Questions d\u2019urgence \u00bb, le NESG a fait remarquer que le r\u00f4le du Nigeria au sein de la CEDEAO ne devaiit pas se limiter \u00e0 la s\u00e9curit\u00e9 et \u00e0 la diplomatie, \u00ab mais doit \u00e9galement exploiter efficacement les opportunit\u00e9s commerciales au sein de la sous-r\u00e9gion. Nous appelons \u00e9galement le gouvernement \u00e0 ratifier l\u2019Accord de libre-\u00e9change continental africain, la ZLECA, afin que nous puissions acc\u00e9der au statut de membre \u00e0 part enti\u00e8re et prendre la place qui nous revient dans les cycles de n\u00e9gociation ult\u00e9rieurs \u00bb.<\/p>\n<p>\u00ab Nous restons fermement convaincus qu\u2019avec les infrastructures n\u00e9cessaires, l\u2019\u00e9conomie et le peuple nig\u00e9rians, avec notre capacit\u00e9 d\u2019innovation, notre travail acharn\u00e9 et notre cr\u00e9ativit\u00e9, seront l\u2019un des plus grands b\u00e9n\u00e9ficiaires du libre-\u00e9change africain et ouest-africain. Cela permettra \u00e9galement une concurrence loyale, des institutions comp\u00e9tentes, l\u2019efficacit\u00e9 et la transparence de nos processus \u00bb, a estim\u00e9 le Groupe.<\/p>\n<p>Il a par ailleurs not\u00e9 avec une vive pr\u00e9occupation le niveau croissant de pauvret\u00e9, de ch\u00f4mage et de sous-emploi au Nigeria, qui est pr\u00e9dominant parmi les jeunes et a \u00e9t\u00e9 exacerb\u00e9 par l\u2019impact de la COVID-19 et la chute des prix des produits de base\u00a0; il a exhort\u00e9 \u00e0 ce que tout en s\u2019effor\u00e7ant de cr\u00e9er \u00e0 court terme des emplois partout au pays est louable, l\u2019on redouble d\u2019efforts pour am\u00e9liorer les comp\u00e9tences, r\u00e9organiser et r\u00e9viser notre programme scolaire.<\/p>\n<p>Le Groupe a d\u00e9plor\u00e9 la faim croissante parmi la population nig\u00e9riane, malgr\u00e9 les allocations budg\u00e9taires et les \u00e9normes sommes d\u2019argent d\u00e9caiss\u00e9es par la Banque centrale du Nigeria (CBN) dans le cadre du programme Anchor Borrowers.<\/p>\n<p>Il a indiqu\u00e9 que depuis la cr\u00e9ation de cette administration, l\u2019agriculture et la n\u00e9cessit\u00e9 de garantir une faim z\u00e9ro pour les Nig\u00e9rians ont fait l\u2019objet d\u2019une attention consid\u00e9rable et not\u00e9 \u00ab\u00a0qu\u2019un \u00e9norme \u00e9cart subsiste dans la satisfaction des besoins alimentaires \u00bb.<\/p>\n<p>\u00ab\u00a0De toute \u00e9vidence, les probl\u00e8mes, en plus de l\u2019argent, n\u00e9cessitent donc une refonte compl\u00e8te de la gestion et du soutien du secteur agricole et de tous les secteurs connexes \u2013 en vue d\u2019obtenir plus de valeur pour nos investissements\u00a0\u00bb, a-t-il poursuivi.<\/p>\n<p>Le NESG a \u00e9galement exprim\u00e9 sa pr\u00e9occupation concernant le niveau \u00e9lev\u00e9 d\u2019ins\u00e9curit\u00e9 \u00e0 travers le pays et son impact sur l\u2019environnement des affaires et les flux d\u2019investissements, ce qui a contribu\u00e9 massivement \u00e0 la crise alimentaire actuelle, au ch\u00f4mage, \u00e0 la pauvret\u00e9, \u00e0 l\u2019augmentation des affrontements communautaires, \u00e0 la mont\u00e9e des effusions de sang et \u00e0 l\u2019absence de paix et tranquillit\u00e9 dans le pays.<\/p>\n<p>Sur la question des emprunts, le NESG a not\u00e9 que le Nigeria avait recours \u00e0 l\u2019emprunt (national ou international) et \u00e0 l\u2019assouplissement quantitatif des autorit\u00e9s mon\u00e9taires pour financer l\u2019important d\u00e9ficit, qui a maintenant \u00e9t\u00e9 aggrav\u00e9 par l\u2019impact de la pand\u00e9mie de Covid-19.<\/p>\n<p>Le NESG est un groupe de r\u00e9flexion et de d\u00e9fense des politiques dirig\u00e9 par le secteur priv\u00e9, qui promeut une croissance durable et le d\u00e9veloppement de l\u2019\u00e9conomie nig\u00e9riane.<\/p>\n<\/div>\n<p>Auteur: APA News<br \/>\n<a href=\"https:\/\/www.journalducameroun.com\/le-nigeria-invite-a-rouvrir-ses-frontieres\/\">Cliquez ici pour lire l&rsquo;article depuis sa source.<\/a><\/p>\n","protected":false},"excerpt":{"rendered":"<p>Publi\u00e9 le 08.09.2020 \u00e0 20h18 par APA News Le Groupe du sommet \u00e9conomique nig\u00e9rian (NESG) a exhort\u00e9 le gouvernement nig\u00e9rian \u00e0 acc\u00e9l\u00e9rer les actions d\u2019ouverture de ses fronti\u00e8res qui ont \u00e9t\u00e9 ferm\u00e9es, compte tenu de son impact n\u00e9gatif sur le commerce et l\u2019emploi.Dans un communiqu\u00e9 publi\u00e9 mardi \u00e0 Abuja et intitul\u00e9 \u00ab Questions d\u2019urgence \u00bb, [&hellip;]<\/p>\n","protected":false},"author":1965,"featured_media":0,"comment_status":"closed","ping_status":"closed","sticky":false,"template":"","format":"standard","meta":{"fifu_image_url":"","fifu_image_alt":"","footnotes":""},"categories":[73,82],"tags":[],"class_list":["post-98302","post","type-post","status-publish","format-standard","hentry","category-actualite","category-cameroun"],"_links":{"self":[{"href":"https:\/\/linitiative.ca\/International\/wp-json\/wp\/v2\/posts\/98302","targetHints":{"allow":["GET"]}}],"collection":[{"href":"https:\/\/linitiative.ca\/International\/wp-json\/wp\/v2\/posts"}],"about":[{"href":"https:\/\/linitiative.ca\/International\/wp-json\/wp\/v2\/types\/post"}],"author":[{"embeddable":true,"href":"https:\/\/linitiative.ca\/International\/wp-json\/wp\/v2\/users\/1965"}],"replies":[{"embeddable":true,"href":"https:\/\/linitiative.ca\/International\/wp-json\/wp\/v2\/comments?post=98302"}],"version-history":[{"count":0,"href":"https:\/\/linitiative.ca\/International\/wp-json\/wp\/v2\/posts\/98302\/revisions"}],"wp:attachment":[{"href":"https:\/\/linitiative.ca\/International\/wp-json\/wp\/v2\/media?parent=98302"}],"wp:term":[{"taxonomy":"category","embeddable":true,"href":"https:\/\/linitiative.ca\/International\/wp-json\/wp\/v2\/categories?post=98302"},{"taxonomy":"post_tag","embeddable":true,"href":"https:\/\/linitiative.ca\/International\/wp-json\/wp\/v2\/tags?post=98302"}],"curies":[{"name":"wp","href":"https:\/\/api.w.org\/{rel}","templated":true}]}}