{"id":98308,"date":"2020-09-09T09:00:16","date_gmt":"2020-09-09T13:00:16","guid":{"rendered":"https:\/\/linitiative.ca\/International\/tourisme-une-saison-estivale-mitigee-au-nord\/"},"modified":"2020-09-09T09:00:16","modified_gmt":"2020-09-09T13:00:16","slug":"tourisme-une-saison-estivale-mitigee-au-nord","status":"publish","type":"post","link":"https:\/\/linitiative.ca\/International\/tourisme-une-saison-estivale-mitigee-au-nord\/","title":{"rendered":"Tourisme : Une saison estivale mitig\u00e9e au Nord"},"content":{"rendered":"<p><img decoding=\"async\" class=\"post_layout_5_img\" src=\"http:\/\/aujourdhui.ma\/wp-content\/uploads\/2020\/03\/Tanger-1.jpg\" alt=\"Tourisme : Une saison estivale mitig&#xE9;e au Nord\"\/><\/p>\n<p><span class=\"c5\"><strong>Les principales destinations de choix ont connu une perte de la majorit\u00e9 de visiteurs fid\u00e8les en septembre<\/strong><\/span><span id=\"more-354988\"\/><\/p>\n<p>Contrairement aux pr\u00e9c\u00e9dentes saisons estivales, la plupart des zones c\u00f4ti\u00e8res du Nord n\u2019ont pas pu renouer cette ann\u00e9e avec leur grande effervescence d\u2019\u00e9t\u00e9 en raison de la crise sanitaire li\u00e9e \u00e0 la Covid-19. Malgr\u00e9 leur maintien dans la zone I (selon les crit\u00e8res fix\u00e9s par les autorit\u00e9s sanitaires) et des packages des plus attractifs, les principales destinations de choix de la r\u00e9gion comme T\u00e9touan, M\u2019diq, Jebha ou Al Hoceima commencent d\u00e9j\u00e0 \u00e0 se vider des estivants, et ce \u00e0 quelques jours de la fin de la p\u00e9riode estivale.<\/p>\n<p>Alors qu\u2019elles connaissaient en temps normal l\u2019affluence d\u2019un autre type de visiteurs fid\u00e8les au mois de septembre. La perte de ce type de client\u00e8le constitue un coup dur pour les unit\u00e9s d\u2019h\u00e9bergement touristique, les appartements ou maisons meubl\u00e9s pour location et les autres commerces d\u00e9pendant de la saison estivale.<\/p>\n<p><strong>Des zones tr\u00e8s affect\u00e9es par la fermeture des plages<\/strong><\/p>\n<p>Avec un lourd bilan de cas de contamination au quotidien, la pr\u00e9fecture de Tanger-Asilah est maintenue en zone II avec l\u2019interdiction de la r\u00e9ouverture de ses belles plages en plein \u00e9t\u00e9 et le renforcement des restrictions de d\u00e9placement des personnes en dehors ou \u00e0 destination de l\u2019ensemble du territoire pr\u00e9fectoral. Ainsi et depuis la lev\u00e9e du confinement, les professionnels ont eu du mal \u00e0 reprendre normalement leur activit\u00e9, voire de sauver une partie de leur saison estivale. R\u00e9put\u00e9e comme destination estivale de pr\u00e9dilection pour les c\u00e9l\u00e9brit\u00e9s et les chefs d\u2019Etat, Tanger a vu, cette ann\u00e9e, ses fid\u00e8les visiteurs d\u00e9serter vers d\u2019autres zones c\u00f4ti\u00e8res au Maroc ou \u00e0 l\u2019\u00e9tranger.<br \/>A l\u2019instar des autres \u00e9tablissements touristiques, les h\u00f4tels de la ville du d\u00e9troit continuent de faire les frais de la fermeture des plages et du durcissement des restrictions de d\u00e9placement, impos\u00e9es \u00e0 l\u2019entr\u00e9e et \u00e0 la sortie de la ville. Ils ont affich\u00e9 leurs plus bas taux d\u2019occupation, ne pouvant m\u00eame pas pour la plupart des cas atteindre ceux enregistr\u00e9s g\u00e9n\u00e9ralement pendant la saison hivernale.<\/p>\n<p>Ce qui a amen\u00e9 plusieurs h\u00f4teliers \u00e0 fermer leurs unit\u00e9s en attendant des jours meilleurs. Bien qu\u2019ils n\u2019aient pas pu r\u00e9aliser leurs plus grands chiffres d\u2019affaires comparativement avec les pr\u00e9c\u00e9dentes saisons estivales, les \u00e9tablissements d\u2019h\u00e9bergement touristique de la zone I, particuli\u00e8rement ceux de M\u2019diq, Fnideq et la c\u00f4te t\u00e9touanaise, ont \u00e9t\u00e9 les plus sollicit\u00e9s avec des taux (proches ou \u00e9gaux \u00e0 ceux autoris\u00e9s par les autorit\u00e9s) surpassant les attentes des professionnels.<br \/>Tandis que les h\u00f4tels des autres destinations de cette zone I, qui se trouvent un peu loin de la c\u00f4te comme ceux situ\u00e9s au centre-ville de T\u00e9touan, ont eu des difficult\u00e9s \u00e0 remplir leurs chambres ne pouvant atteindre parfois et comme au d\u00e9but ou \u00e0 ces derniers jours de l\u2019\u00e9t\u00e9 10 \u00e0 20% de leur capacit\u00e9 d\u2019accueil.<\/p>\n<p><strong>L\u2019activit\u00e9 quasiment \u00e0 l\u2019arr\u00eat dans la zone II<\/strong><\/p>\n<p>En plus des unit\u00e9s d\u2019h\u00e9bergement touristique, les caf\u00e9s, les restaurants, les bazars, les agences de voyages, et les autres commerces d\u00e9pendant de la saison estivale sont quasiment \u00e0 arr\u00eat dans la pr\u00e9fecture de Tanger-Asilah. Et ce malgr\u00e9 la mise en place par la majorit\u00e9 d\u2019entre eux de tarifs abordables pour leur client\u00e8le. A l\u2019exception de certains caf\u00e9s-restaurants de la c\u00f4te de Tanger ou celle de sa voisine Asilah, la plupart trouvent beaucoup de difficult\u00e9s \u00e0 remplir la moiti\u00e9 de leur capacit\u00e9 d\u2019accueil.<\/p>\n<p>Consid\u00e9r\u00e9s parmi les secteurs les plus dynamiques dans la ville du d\u00e9troit en \u00e9t\u00e9, les petits ou grands taxis, dont ceux assurant la liaison interurbaine, ont vu cette ann\u00e9e leur activit\u00e9 diminuer avec le manque de visiteurs de la destination tang\u00e9roise. Avec les 50% des places autoris\u00e9es, les professionnels se disent conna\u00eetre une tr\u00e8s forte baisse de leurs chiffres d\u2019affaires par rapport aux pr\u00e9c\u00e9dentes saisons estivales.<\/p>\n<p>Auteur: Najat Fa\u00efssal<br \/>\n<a href=\"https:\/\/aujourdhui.ma\/economie\/tourisme-une-saison-estivale-mitigee-au-nord\">Cliquez ici pour lire l&rsquo;article depuis sa source.<\/a><\/p>\n","protected":false},"excerpt":{"rendered":"<p>Les principales destinations de choix ont connu une perte de la majorit\u00e9 de visiteurs fid\u00e8les en septembre Contrairement aux pr\u00e9c\u00e9dentes saisons estivales, la plupart des zones c\u00f4ti\u00e8res du Nord n\u2019ont pas pu renouer cette ann\u00e9e avec leur grande effervescence d\u2019\u00e9t\u00e9 en raison de la crise sanitaire li\u00e9e \u00e0 la Covid-19. Malgr\u00e9 leur maintien dans la [&hellip;]<\/p>\n","protected":false},"author":1759,"featured_media":98309,"comment_status":"closed","ping_status":"closed","sticky":false,"template":"","format":"standard","meta":{"fifu_image_url":"","fifu_image_alt":"","footnotes":""},"categories":[73,54],"tags":[],"class_list":["post-98308","post","type-post","status-publish","format-standard","has-post-thumbnail","hentry","category-actualite","category-maroc"],"_links":{"self":[{"href":"https:\/\/linitiative.ca\/International\/wp-json\/wp\/v2\/posts\/98308","targetHints":{"allow":["GET"]}}],"collection":[{"href":"https:\/\/linitiative.ca\/International\/wp-json\/wp\/v2\/posts"}],"about":[{"href":"https:\/\/linitiative.ca\/International\/wp-json\/wp\/v2\/types\/post"}],"author":[{"embeddable":true,"href":"https:\/\/linitiative.ca\/International\/wp-json\/wp\/v2\/users\/1759"}],"replies":[{"embeddable":true,"href":"https:\/\/linitiative.ca\/International\/wp-json\/wp\/v2\/comments?post=98308"}],"version-history":[{"count":0,"href":"https:\/\/linitiative.ca\/International\/wp-json\/wp\/v2\/posts\/98308\/revisions"}],"wp:featuredmedia":[{"embeddable":true,"href":"https:\/\/linitiative.ca\/International\/wp-json\/"}],"wp:attachment":[{"href":"https:\/\/linitiative.ca\/International\/wp-json\/wp\/v2\/media?parent=98308"}],"wp:term":[{"taxonomy":"category","embeddable":true,"href":"https:\/\/linitiative.ca\/International\/wp-json\/wp\/v2\/categories?post=98308"},{"taxonomy":"post_tag","embeddable":true,"href":"https:\/\/linitiative.ca\/International\/wp-json\/wp\/v2\/tags?post=98308"}],"curies":[{"name":"wp","href":"https:\/\/api.w.org\/{rel}","templated":true}]}}