{"id":98310,"date":"2020-09-09T09:01:00","date_gmt":"2020-09-09T13:01:00","guid":{"rendered":"https:\/\/linitiative.ca\/International\/en-pleine-pandemie-de-covid-19-le-programme-global-caring-month-de-ford-lance-actes-de-gentillesse-et-subventions-de-gratitude\/"},"modified":"2020-09-09T09:01:00","modified_gmt":"2020-09-09T13:01:00","slug":"en-pleine-pandemie-de-covid-19-le-programme-global-caring-month-de-ford-lance-actes-de-gentillesse-et-subventions-de-gratitude","status":"publish","type":"post","link":"https:\/\/linitiative.ca\/International\/en-pleine-pandemie-de-covid-19-le-programme-global-caring-month-de-ford-lance-actes-de-gentillesse-et-subventions-de-gratitude\/","title":{"rendered":"En pleine pand\u00e9mie de Covid-19 : Le programme Global Caring Month de Ford lance \u00abActes de gentillesse\u00bb et \u00abSubventions de gratitude\u00bb"},"content":{"rendered":"<p><img decoding=\"async\" class=\"post_layout_5_img\" src=\"http:\/\/aujourdhui.ma\/wp-content\/uploads\/2020\/09\/Le-programme-Global-Caring-Month-de-Ford-lance-\u00abActes-de-gentillesse\u00bb-et-\u00abSubventions-de-gratitude\u00bb.jpg\" alt=\"En pleine pand&#xE9;mie de Covid-19 : Le programme Global Caring Month de Ford lance &#xAB;Actes de gentillesse&#xBB; et &#xAB;Subventions de gratitude&#xBB;\"\/><\/p>\n<p><strong>Le programme Global Caring Month de Ford encourage les \u00abActes de gentillesse\u00bb et invite les employ\u00e9s \u00e0 reconna\u00eetre le travail d\u2019associations engag\u00e9es durant la pand\u00e9mie de Covid-19.<\/strong><span id=\"more-354972\"\/><\/p>\n<p>Le Ford Volunteer Corps s\u2019est r\u00e9orient\u00e9 pour fournir aux employ\u00e9s de nouveaux moyens de faire des contributions en toute s\u00e9curit\u00e9 dans le cadre du Global Caring Month. Ces contributions ont lieu chaque ann\u00e9e en septembre pendant lequel Ford Motor Company concentre ses efforts sur le service communautaire.<br \/>Deux nouvelles initiatives, Actes de gentillesse et Subventions de gratitude, ont \u00e9t\u00e9 con\u00e7ues pour faire participer les employ\u00e9s et les organisations \u00e0 but non lucratif ou non gouvernementales au renforcement des communaut\u00e9s et \u00e0 l\u2019am\u00e9lioration de la vie des gens autour du monde en pleine pand\u00e9mie.<br \/>Selon Todd Nissen, directeur du Corps des b\u00e9n\u00e9voles de Ford, \u00abnos initiatives du Global Caring Month sont con\u00e7ues pour donner aux employ\u00e9s des moyens utiles pour faire une diff\u00e9rence dans la vie des gens et soutenir les communaut\u00e9s dans le besoin pendant cette p\u00e9riode sans pr\u00e9c\u00e9dent\u00bb.<br \/>G\u00e9n\u00e9ralement, des milliers de b\u00e9n\u00e9voles Ford, sur six continents, se d\u00e9ploient dans les communaut\u00e9s afin de participer \u00e0 des \u0153uvres sociales sur le terrain pendant le Global Caring Month. Cette ann\u00e9e, pour rester sain et en s\u00e9curit\u00e9, les employ\u00e9s de Ford concentreront leurs efforts sur les deux activit\u00e9s.<\/p>\n<p><strong><span class=\"c5\">Subventions de gratitude<\/span><\/strong><br \/>Les employ\u00e9s peuvent d\u00e9signer une organisation \u00e0 but non lucratif ou non gouvernementale pour une subvention de gratitude en reconnaissance du travail important qu\u2019elle accomplit pour r\u00e9pondre \u00e0 la Covid -19. Le Ford Volunteer Corps accordera des subventions allant jusqu\u2019\u00e0 5000 $ \u00e0 certaines organisations d\u00e9sign\u00e9es par les employ\u00e9s, pour aider \u00e0 soutenir ou \u00e0 \u00e9largir les efforts d\u2019un groupe dans le service de sa communaut\u00e9 et pour r\u00e9pondre aux besoins li\u00e9s \u00e0 la pand\u00e9mie.<\/p>\n<p><strong><span class=\"c5\">Actes de gentillesse<\/span><\/strong><br \/>Le Ford Volunteer Corps encourage les employ\u00e9s \u00e0 aider leurs amis, voisins ou familles qui sont dans le besoin en accomplissant un acte de gentillesse \u2013 petit ou grand. Qu\u2019il s\u2019agisse de t\u00e9l\u00e9phoner aux personnes qui vivent seules pour s\u2019assurer que tout va bien, de faire des dons de sang, de faire du b\u00e9n\u00e9volat virtuellement ou d\u2019accomplir d\u2019autres actes, les employ\u00e9s doivent soumettre une photo d\u2019eux-m\u00eames en train de faire un acte de gentillesse.<\/p>\n<p><a href=\"https:\/\/aujourdhui.ma\/wp-content\/uploads\/2020\/09\/Le-programme-Global-Caring-Month-de-Ford-lance-%C2%ABActes-de-gentillesse%C2%BB-et-%C2%ABSubventions-de-gratitude%C2%BB-2.jpg\"><img loading=\"lazy\" decoding=\"async\" class=\"size-medium wp-image-354974 alignleft\" src=\"http:\/\/aujourdhui.ma\/wp-content\/uploads\/2020\/09\/Le-programme-Global-Caring-Month-de-Ford-lance-\u00abActes-de-gentillesse\u00bb-et-\u00abSubventions-de-gratitude\u00bb-2-300x153.jpg\" alt=\"\" width=\"300\" height=\"153\" srcset=\"\/\/aujourdhui.ma\/wp-content\/uploads\/2020\/09\/Le-programme-Global-Caring-Month-de-Ford-lance-&#xAB;Actes-de-gentillesse&#xBB;-et-&#xAB;Subventions-de-gratitude&#xBB;-2-300x153.jpg 300w, \/\/aujourdhui.ma\/wp-content\/uploads\/2020\/09\/Le-programme-Global-Caring-Month-de-Ford-lance-&#xAB;Actes-de-gentillesse&#xBB;-et-&#xAB;Subventions-de-gratitude&#xBB;-2-274x140.jpg 274w, \/\/aujourdhui.ma\/wp-content\/uploads\/2020\/09\/Le-programme-Global-Caring-Month-de-Ford-lance-&#xAB;Actes-de-gentillesse&#xBB;-et-&#xAB;Subventions-de-gratitude&#xBB;-2.jpg 746w, \/\/aujourdhui.ma\/wp-content\/uploads\/2020\/09\/Le-programme-Global-Caring-Month-de-Ford-lance-&#xAB;Actes-de-gentillesse&#xBB;-et-&#xAB;Subventions-de-gratitude&#xBB;-2-165x84.jpg 165w, \/\/aujourdhui.ma\/wp-content\/uploads\/2020\/09\/Le-programme-Global-Caring-Month-de-Ford-lance-&#xAB;Actes-de-gentillesse&#xBB;-et-&#xAB;Subventions-de-gratitude&#xBB;-2-702x358.jpg 702w\" sizes=\"auto, (max-width: 300px) 100vw, 300px\"\/><\/a>Bien que la Covid-19 ait pr\u00e9sent\u00e9 des obstacles au travail b\u00e9n\u00e9vole en personne, elle a \u00e9galement inspir\u00e9 de nouvelles approches cr\u00e9atives pour servir les autres \u2013 non seulement pendant le Global Caring Month mais au cours des cinq derniers mois depuis le d\u00e9but de la pand\u00e9mie.<br \/>Cr\u00e9\u00e9 pour r\u00e9pondre \u00e0 la demande des employ\u00e9s de Ford qui voulaient savoir comment ils pouvaient aider, le Jumelage des dons pour Covid-19 programme a soutenu les efforts de secours de 47 organisations communautaires dans 20 pays et 14 Etats am\u00e9ricains. D\u00e9passant son objectif d\u2019un million de dollars, le programme a recueilli plus de 633.000 $ en contributions individuelles qui ont \u00e9t\u00e9 jumel\u00e9es \u00e0 500.000$ de Ford Motor Company Fund \u2013 la branche philanthropique de l\u2019entreprise \u2013 et ainsi qu\u2019\u00e0 des contributions personnelles du pr\u00e9sident ex\u00e9cutif, Bill Ford.<\/p>\n<p>De plus, Ford Fund a cr\u00e9\u00e9 Read and Record, un projet de volontariat virtuel qui invitait les b\u00e9n\u00e9voles Ford \u00e0 lire des livres pour enfants dans leur propre langue et que les familles pouvaient \u00e9couter lorsque les \u00e9coles ont ferm\u00e9 leurs portes et se sont dirig\u00e9es vers l\u2019enseignement \u00e0 distance \u00e0 la fin de l\u2019ann\u00e9e scolaire 2019-20.<\/p>\n<p>Auteur: ALM<br \/>\n<a href=\"https:\/\/aujourdhui.ma\/automobile\/en-pleine-pandemie-de-covid-19-le-programme-global-caring-month-de-ford-lance-actes-de-gentillesse-et-subventions-de-gratitude\">Cliquez ici pour lire l&rsquo;article depuis sa source.<\/a><\/p>\n","protected":false},"excerpt":{"rendered":"<p>Le programme Global Caring Month de Ford encourage les \u00abActes de gentillesse\u00bb et invite les employ\u00e9s \u00e0 reconna\u00eetre le travail d\u2019associations engag\u00e9es durant la pand\u00e9mie de Covid-19. Le Ford Volunteer Corps s\u2019est r\u00e9orient\u00e9 pour fournir aux employ\u00e9s de nouveaux moyens de faire des contributions en toute s\u00e9curit\u00e9 dans le cadre du Global Caring Month. Ces [&hellip;]<\/p>\n","protected":false},"author":1759,"featured_media":98311,"comment_status":"closed","ping_status":"closed","sticky":false,"template":"","format":"standard","meta":{"fifu_image_url":"","fifu_image_alt":"","footnotes":""},"categories":[73,54],"tags":[],"class_list":["post-98310","post","type-post","status-publish","format-standard","has-post-thumbnail","hentry","category-actualite","category-maroc"],"_links":{"self":[{"href":"https:\/\/linitiative.ca\/International\/wp-json\/wp\/v2\/posts\/98310","targetHints":{"allow":["GET"]}}],"collection":[{"href":"https:\/\/linitiative.ca\/International\/wp-json\/wp\/v2\/posts"}],"about":[{"href":"https:\/\/linitiative.ca\/International\/wp-json\/wp\/v2\/types\/post"}],"author":[{"embeddable":true,"href":"https:\/\/linitiative.ca\/International\/wp-json\/wp\/v2\/users\/1759"}],"replies":[{"embeddable":true,"href":"https:\/\/linitiative.ca\/International\/wp-json\/wp\/v2\/comments?post=98310"}],"version-history":[{"count":0,"href":"https:\/\/linitiative.ca\/International\/wp-json\/wp\/v2\/posts\/98310\/revisions"}],"wp:featuredmedia":[{"embeddable":true,"href":"https:\/\/linitiative.ca\/International\/wp-json\/"}],"wp:attachment":[{"href":"https:\/\/linitiative.ca\/International\/wp-json\/wp\/v2\/media?parent=98310"}],"wp:term":[{"taxonomy":"category","embeddable":true,"href":"https:\/\/linitiative.ca\/International\/wp-json\/wp\/v2\/categories?post=98310"},{"taxonomy":"post_tag","embeddable":true,"href":"https:\/\/linitiative.ca\/International\/wp-json\/wp\/v2\/tags?post=98310"}],"curies":[{"name":"wp","href":"https:\/\/api.w.org\/{rel}","templated":true}]}}