{"id":98314,"date":"2020-09-09T10:30:44","date_gmt":"2020-09-09T14:30:44","guid":{"rendered":"https:\/\/linitiative.ca\/International\/voitures-neuves-les-ventes-grimpent-de-pres-de-13\/"},"modified":"2020-09-09T10:30:44","modified_gmt":"2020-09-09T14:30:44","slug":"voitures-neuves-les-ventes-grimpent-de-pres-de-13","status":"publish","type":"post","link":"https:\/\/linitiative.ca\/International\/voitures-neuves-les-ventes-grimpent-de-pres-de-13\/","title":{"rendered":"Voitures neuves : Les ventes grimpent  de pr\u00e8s de 13%"},"content":{"rendered":"<p><img decoding=\"async\" class=\"post_layout_5_img\" src=\"http:\/\/aujourdhui.ma\/wp-content\/uploads\/2018\/03\/Vente-auto-voitures-neuves.jpg\" alt=\"Voitures neuves : Les ventes grimpent de pr&#xE8;s de 13%\"\/><\/p>\n<p><strong>Un souffle d\u2019air frais sur le march\u00e9 de l\u2019automobile en ao\u00fbt 2020<\/strong><span id=\"more-354976\"\/><\/p>\n<p>Le march\u00e9 des voitures neuves au Maroc renoue progressivement avec la croissance. Le mois d\u2019ao\u00fbt semble confirmer la tendance haussi\u00e8re qui s\u2019est install\u00e9e depuis le mois de juillet. Au huiti\u00e8me mois de l\u2019ann\u00e9e, la courbe des ventes affiche une hausse de 12,82%, selon les derni\u00e8res statistiques de l\u2019Association des importateurs de v\u00e9hicules au Maroc (AIVAM).<br \/>Les signes de reprise apparaissent aussi \u00e0 travers le nombre de ventes r\u00e9alis\u00e9es durant ce m\u00eame mois. Ainsi, 11.543 unit\u00e9s ont \u00e9t\u00e9 \u00e9coul\u00e9es sur cette p\u00e9riode contre 10.231 voitures vendues au mois d\u2019ao\u00fbt 2019. Se r\u00e9f\u00e9rant aux donn\u00e9es de l\u2019Aivam, 1.350 immatriculations ont \u00e9t\u00e9 enregistr\u00e9es pour les v\u00e9hicules utilitaires l\u00e9gers (VUL) au huiti\u00e8me mois de l\u2019ann\u00e9e contre 1.088 VUL \u00e0 la m\u00eame p\u00e9riode de l\u2019ann\u00e9e derni\u00e8re, soit en croissance de 24,08%.<\/p>\n<p>Du c\u00f4t\u00e9 des v\u00e9hicules particuliers (VP), on compte 10.193 ventes comptabilis\u00e9es au mois d\u2019ao\u00fbt 2020 contre 9.143 voitures \u00e9coul\u00e9es au mois d\u2019ao\u00fbt de l\u2019ann\u00e9e pass\u00e9e, enregistrant ainsi une am\u00e9lioration de 11,48%. Sur les huit premiers mois de l\u2019ann\u00e9e 2020, le march\u00e9 est par contre en recul de 31,07% avec un total des ventes atteignant 71.694 voitures vendues, loin derri\u00e8re les 104.016 unit\u00e9s \u00e9coul\u00e9es durant les huit premiers mois de l\u2019ann\u00e9e 2019.<br \/>Cette baisse touche aussi bien les voitures utilitaires l\u00e9gers (VUL) que les v\u00e9hicules particuliers (VP), r\u00e9alisant successivement -17,78% et -32,61%. Ainsi, 8.844 VUL ont \u00e9t\u00e9 vendues \u00e0 fin ao\u00fbt 2020 contre 10.757 \u00e0 fin ao\u00fbt 2019. Pour ce qui est des v\u00e9hicules particuliers, on notera 62.850 immatriculations enregistr\u00e9es sur les huit premiers mois de l\u2019ann\u00e9e 2020 contre 93.259 ventes comptabilis\u00e9es durant la m\u00eame p\u00e9riode en 2019.<\/p>\n<p><span class=\"c5\"><strong>Classement Top 5 : Dacia en pole position<\/strong><\/span><br \/>Sans surprise, \u00e0 la premi\u00e8re place du podium des ventes on retrouve Dacia qui maintient sa position avec une part de march\u00e9 (PDM) de 29,56%. La marque a vendu 3.013 v\u00e9hicules particuliers au mois d\u2019ao\u00fbt 2020 contre 3.019 durant la m\u00eame p\u00e9riode de l\u2019ann\u00e9e pass\u00e9e. Elle affiche une quasi-stagnation de ses ventes (-0,2%). La deuxi\u00e8me position reste inchang\u00e9e : celle-ci est occup\u00e9e par la marque Renault qui a r\u00e9alis\u00e9 1.015 ventes (VP) au huiti\u00e8me mois de l\u2019ann\u00e9e 2020 contre 1.245 \u00e0 la m\u00eame p\u00e9riode de l\u2019ann\u00e9e 2019, enregistrant ainsi un recul de 18,54%. Renault d\u00e9tient une part de march\u00e9 de 9,96%. La troisi\u00e8me marche du podium revient quant \u00e0 elle \u00e0 la marque cor\u00e9enne Hyundai qui a am\u00e9lior\u00e9 ses ventes au mois d\u2019ao\u00fbt 2020 atteignant une croissance de 42,62% compar\u00e9 au mois d\u2019ao\u00fbt 2019. Hyundai a \u00e9coul\u00e9 850 unit\u00e9s au huiti\u00e8me mois de l\u2019ann\u00e9e 2020 contre 596 \u00e0 la m\u00eame p\u00e9riode de l\u2019ann\u00e9e pr\u00e9c\u00e9dente.<\/p>\n<p>La marque a une part de march\u00e9 de 8,34%. Opel a pour sa part d\u00e9croch\u00e9 la quatri\u00e8me place en enregistrant 575 ventes VP au mois d\u2019ao\u00fbt 2020 contre 287 immatriculations comptabilis\u00e9es \u00e0 la m\u00eame p\u00e9riode de l\u2019ann\u00e9e pass\u00e9e.<br \/>A ce effet, elle affiche une croissance \u00e0 trois chiffres durant le 8\u00e8me mois de l\u2019ann\u00e9e en cours (100,35%). Sa part de march\u00e9 est de 5,64%. La derni\u00e8re place du top 5 est occup\u00e9e par Fiat. Celle-ci a vendu 523 VP au mois d\u2019ao\u00fbt 2020 contre 365 \u00e0 la m\u00eame p\u00e9riode une ann\u00e9e auparavant. Fiat d\u00e9tient une part de march\u00e9 de 5,13% et affiche une hausse de 43,29% de ses ventes VP au huiti\u00e8me mois de 2020 compar\u00e9 au mois d\u2019ao\u00fbt de l\u2019ann\u00e9e derni\u00e8re.<\/p>\n<p><strong><span class=\"c5\">Luxe : Land Rover arrive en force<\/span><\/strong><br \/>Le trio de t\u00eate est occup\u00e9 respectivement par les firmes : Mercedes, BMW et Land Rover. A la premi\u00e8re place du podium, on retrouve la marque allemande Mercedes qui a vendu 215 VP au mois d\u2019ao\u00fbt 2020 contre 167 immatriculations enregistr\u00e9es au mois d\u2019ao\u00fbt 2019, grimpant ainsi de 28,74%. Mercedes d\u00e9tient une part de march\u00e9 de 2,11%. Elle est suivie en deuxi\u00e8me place de sa cons\u0153ur allemande BMW avec 192 ventes au huiti\u00e8me mois de l\u2019ann\u00e9e 2020 contre 146 VP au m\u00eame mois de l\u2019ann\u00e9e pass\u00e9e.<\/p>\n<p>La marque enregistre une augmentation de 31,51% de ses ventes et d\u00e9tient une part de march\u00e9 de 1,88%. La troisi\u00e8me place est occup\u00e9e par Land Rover qui a \u00e9coul\u00e9 155 v\u00e9hicules particuliers au mois d\u2019ao\u00fbt 2020 contre 94 VP \u00e0 la m\u00eame p\u00e9riode de l\u2019ann\u00e9e pr\u00e9c\u00e9dente. De ce fait, elle enregistre une croissance de 64,89%.<\/p>\n<p>Notons \u00e0 ce titre que la marque Land Rover a une part de march\u00e9 de 1,52%.<\/p>\n<p>Auteur: Ouchagour Leila<br \/>\n<a href=\"https:\/\/aujourdhui.ma\/automobile\/voitures-neuves-les-ventes-grimpent-de-pres-de-13\">Cliquez ici pour lire l&rsquo;article depuis sa source.<\/a><\/p>\n","protected":false},"excerpt":{"rendered":"<p>Un souffle d\u2019air frais sur le march\u00e9 de l\u2019automobile en ao\u00fbt 2020 Le march\u00e9 des voitures neuves au Maroc renoue progressivement avec la croissance. Le mois d\u2019ao\u00fbt semble confirmer la tendance haussi\u00e8re qui s\u2019est install\u00e9e depuis le mois de juillet. Au huiti\u00e8me mois de l\u2019ann\u00e9e, la courbe des ventes affiche une hausse de 12,82%, selon [&hellip;]<\/p>\n","protected":false},"author":1759,"featured_media":98315,"comment_status":"closed","ping_status":"closed","sticky":false,"template":"","format":"standard","meta":{"fifu_image_url":"","fifu_image_alt":"","footnotes":""},"categories":[73,54],"tags":[],"class_list":["post-98314","post","type-post","status-publish","format-standard","has-post-thumbnail","hentry","category-actualite","category-maroc"],"_links":{"self":[{"href":"https:\/\/linitiative.ca\/International\/wp-json\/wp\/v2\/posts\/98314","targetHints":{"allow":["GET"]}}],"collection":[{"href":"https:\/\/linitiative.ca\/International\/wp-json\/wp\/v2\/posts"}],"about":[{"href":"https:\/\/linitiative.ca\/International\/wp-json\/wp\/v2\/types\/post"}],"author":[{"embeddable":true,"href":"https:\/\/linitiative.ca\/International\/wp-json\/wp\/v2\/users\/1759"}],"replies":[{"embeddable":true,"href":"https:\/\/linitiative.ca\/International\/wp-json\/wp\/v2\/comments?post=98314"}],"version-history":[{"count":0,"href":"https:\/\/linitiative.ca\/International\/wp-json\/wp\/v2\/posts\/98314\/revisions"}],"wp:featuredmedia":[{"embeddable":true,"href":"https:\/\/linitiative.ca\/International\/wp-json\/"}],"wp:attachment":[{"href":"https:\/\/linitiative.ca\/International\/wp-json\/wp\/v2\/media?parent=98314"}],"wp:term":[{"taxonomy":"category","embeddable":true,"href":"https:\/\/linitiative.ca\/International\/wp-json\/wp\/v2\/categories?post=98314"},{"taxonomy":"post_tag","embeddable":true,"href":"https:\/\/linitiative.ca\/International\/wp-json\/wp\/v2\/tags?post=98314"}],"curies":[{"name":"wp","href":"https:\/\/api.w.org\/{rel}","templated":true}]}}