{"id":98316,"date":"2020-09-09T11:00:39","date_gmt":"2020-09-09T15:00:39","guid":{"rendered":"https:\/\/linitiative.ca\/International\/ecomondo-et-key-energy-2020-une-presence-physique-et-numerique-en-rendez-vous\/"},"modified":"2020-09-09T11:00:39","modified_gmt":"2020-09-09T15:00:39","slug":"ecomondo-et-key-energy-2020-une-presence-physique-et-numerique-en-rendez-vous","status":"publish","type":"post","link":"https:\/\/linitiative.ca\/International\/ecomondo-et-key-energy-2020-une-presence-physique-et-numerique-en-rendez-vous\/","title":{"rendered":"Ecomondo et Key Energy 2020 : Une pr\u00e9sence physique et num\u00e9rique en rendez-vous"},"content":{"rendered":"<p><img decoding=\"async\" class=\"post_layout_5_img\" src=\"http:\/\/aujourdhui.ma\/wp-content\/uploads\/2020\/09\/Ecomondo-et-Key-Energy-2020.jpg\" alt=\"Ecomondo et Key Energy 2020 : Une pr&#xE9;sence physique et num&#xE9;rique en rendez-vous\"\/><\/p>\n<p><span class=\"c5\"><strong>Pour l\u2019\u00e9dition 2020 d\u2019Ecomondo et de Key Energy, les organisateurs misent sur une pr\u00e9sence physique et num\u00e9rique.<\/strong><\/span><span id=\"more-354990\"\/><\/p>\n<p>A cet \u00e9gard, plus de 80 rencontres sont programm\u00e9es du 3 au 6 novembre prochain au parc des expositions de Rimini. \u00abItalian Exhibition Group am\u00e9liore l\u2019exploitation des contenus et les opportunit\u00e9s de march\u00e9 pour l\u2019\u00e9conomie circulaire et les \u00e9nergies renouvelables, gr\u00e2ce \u00e0 une plateforme num\u00e9rique qui permettra de suivre les initiatives et de g\u00e9n\u00e9rer des activit\u00e9s pour les exposants.<\/p>\n<p>Les deux salons deviennent hybrides : leur pr\u00e9sence sera \u00e0 la fois physique et num\u00e9rique, sur la voie du Green Deal europ\u00e9en qui redessine l\u2019\u00e9conomie, mais aussi nos villes\u00bb, indique la partie organisatrice de l\u2019\u00e9v\u00e9nement. Le chemin de l\u2019\u00e9dition 2020 d\u2019Ecomondo et de Key Energy sera trac\u00e9 par le manifeste \u00e9conomique de la Commission europ\u00e9enne. Un tournant vert pour le syst\u00e8me industriel, la bio\u00e9conomie, la num\u00e9risation de l\u2019administration publique et des services dans les villes, le r\u00f4le central des prosumers, la simplification des normes, la mobilit\u00e9 partag\u00e9e, l\u2019innovation durable comme facteur de croissance : ce sont l\u00e0 les piliers des deux salons.<\/p>\n<p>De m\u00eame, la Fondation pour le d\u00e9veloppement durable a confirm\u00e9, dans le cadre d\u2019Ecomondo, la 9\u00e8me \u00e9dition des \u00e9tats g\u00e9n\u00e9raux de la Green Economy. Parall\u00e8lement, la plateforme num\u00e9rique permettra de multiplier les possibilit\u00e9s de rencontre entre l\u2019offre et la demande pour les exposants et les visiteurs des deux salons. L\u2019enregistrement des utilisateurs permettra non seulement de suivre les congr\u00e8s en streaming, mais surtout d\u2019acc\u00e9der \u00e0 l\u2019espace r\u00e9serv\u00e9 aux exposants.<\/p>\n<p>Une \u00abarea business\u00bb pour ceux qui ne pourront pas \u2013 au vu des restrictions internationales dues \u00e0 la pr\u00e9vention de la Covid \u2013 se rendre en Italie ou qui, m\u00eame dans des conditions normales, n\u2019auraient pas fait un long voyage, qui sera \u00e9galement disponible pour ceux qui ne pourront pas suivre toutes les journ\u00e9es des salons. L\u2019enregistrement sur la plateforme permettra \u00e9galement \u00e0 ceux qui ne seront \u00e0 Rimini qu\u2019un jour de r\u00e9server des cr\u00e9neaux horaires avec les exposants afin de lancer, de poursuivre ou de conclure les opportunit\u00e9s de march\u00e9s d\u2019Ecomondo et de Key Energy 2020.<\/p>\n<p>\u00c0 travers le protocole #Safebusiness et l\u2019homologation GBAC STAR en mati\u00e8re d\u2019att\u00e9nuation du risque et de s\u00e9curit\u00e9 pour les exposants et les visiteurs, ainsi que le prolongement des heures d\u2019ouvertures du salon, de 9h \u00e0 18h, IEG a voulu renforcer les communaut\u00e9s de r\u00e9f\u00e9rence.<\/p>\n<p>Auteur: ALM<br \/>\n<a href=\"https:\/\/aujourdhui.ma\/economie\/ecomondo-et-key-energy-2020-une-presence-physique-et-numerique-en-rendez-vous\">Cliquez ici pour lire l&rsquo;article depuis sa source.<\/a><\/p>\n","protected":false},"excerpt":{"rendered":"<p>Pour l\u2019\u00e9dition 2020 d\u2019Ecomondo et de Key Energy, les organisateurs misent sur une pr\u00e9sence physique et num\u00e9rique. A cet \u00e9gard, plus de 80 rencontres sont programm\u00e9es du 3 au 6 novembre prochain au parc des expositions de Rimini. \u00abItalian Exhibition Group am\u00e9liore l\u2019exploitation des contenus et les opportunit\u00e9s de march\u00e9 pour l\u2019\u00e9conomie circulaire et les [&hellip;]<\/p>\n","protected":false},"author":1759,"featured_media":98317,"comment_status":"closed","ping_status":"closed","sticky":false,"template":"","format":"standard","meta":{"fifu_image_url":"","fifu_image_alt":"","footnotes":""},"categories":[73,54],"tags":[],"class_list":["post-98316","post","type-post","status-publish","format-standard","has-post-thumbnail","hentry","category-actualite","category-maroc"],"_links":{"self":[{"href":"https:\/\/linitiative.ca\/International\/wp-json\/wp\/v2\/posts\/98316","targetHints":{"allow":["GET"]}}],"collection":[{"href":"https:\/\/linitiative.ca\/International\/wp-json\/wp\/v2\/posts"}],"about":[{"href":"https:\/\/linitiative.ca\/International\/wp-json\/wp\/v2\/types\/post"}],"author":[{"embeddable":true,"href":"https:\/\/linitiative.ca\/International\/wp-json\/wp\/v2\/users\/1759"}],"replies":[{"embeddable":true,"href":"https:\/\/linitiative.ca\/International\/wp-json\/wp\/v2\/comments?post=98316"}],"version-history":[{"count":0,"href":"https:\/\/linitiative.ca\/International\/wp-json\/wp\/v2\/posts\/98316\/revisions"}],"wp:featuredmedia":[{"embeddable":true,"href":"https:\/\/linitiative.ca\/International\/wp-json\/"}],"wp:attachment":[{"href":"https:\/\/linitiative.ca\/International\/wp-json\/wp\/v2\/media?parent=98316"}],"wp:term":[{"taxonomy":"category","embeddable":true,"href":"https:\/\/linitiative.ca\/International\/wp-json\/wp\/v2\/categories?post=98316"},{"taxonomy":"post_tag","embeddable":true,"href":"https:\/\/linitiative.ca\/International\/wp-json\/wp\/v2\/tags?post=98316"}],"curies":[{"name":"wp","href":"https:\/\/api.w.org\/{rel}","templated":true}]}}