{"id":98322,"date":"2020-09-09T10:01:54","date_gmt":"2020-09-09T14:01:54","guid":{"rendered":"https:\/\/linitiative.ca\/International\/hong-kong-manifestations-suite-au-report-des-elections\/"},"modified":"2020-09-09T10:01:54","modified_gmt":"2020-09-09T14:01:54","slug":"hong-kong-manifestations-suite-au-report-des-elections","status":"publish","type":"post","link":"https:\/\/linitiative.ca\/International\/hong-kong-manifestations-suite-au-report-des-elections\/","title":{"rendered":"Hong Kong: Manifestations suite au report des \u00e9lections"},"content":{"rendered":"<p class=\"has-text-color c2\"><strong>Pr\u00e9textant la pand\u00e9mie du coronavirus, Carrie Lam, la cheffe de l\u2019ex\u00e9cutif de Hong Kong, nomm\u00e9e par P\u00e9kin, avait pris le 31 juillet dernier la d\u00e9cision de diff\u00e9rer d\u2019une ann\u00e9e des \u00e9lections du Conseil l\u00e9gislatif hongkongais, le Legco, qui fait office de parlement, et qui devaient se tenir, au suffrage universel direct, ce dimanche 6 septembre.<\/strong><\/p>\n<p>Cette d\u00e9cision qui, de l\u2019avis de la dirigeante hongkongaise a \u00e9t\u00e9 \u00abla d\u00e9cision la plus difficile\u00bb \u00e0 prendre depuis la propagation de la pand\u00e9mie du nouveau coronavirus, avait \u00e9t\u00e9 imm\u00e9diatement salu\u00e9e par P\u00e9kin comme \u00e9tant \u00abn\u00e9cessaire, raisonnable et l\u00e9gale\u00bb. Mais ce n\u2019est point l\u00e0 l\u2019avis de Claudia Mo, une parlementaire de l\u2019opposition, pour laquelle il s\u2019agit d\u2019une \u00abd\u00e9cision politique sournoise et m\u00e9prisable, dont le but est d\u2019emp\u00eacher une victoire des d\u00e9mocrates\u00bb. Aussi, ce report intervenu au terme d\u2019un mois marqu\u00e9 par la disqualification de leurs candidats, les multiples arrestations d\u2019\u00e9tudiants et le d\u00e9part en exil des principales figures de l\u2019opposition n\u2019avait pas \u00e9t\u00e9 du go\u00fbt de la mouvance pro-d\u00e9mocratie hongkongaise qui comptait sur le ressentiment anti-gouvernemental pour obtenir la majorit\u00e9 \u00e0 l\u2019assembl\u00e9e.<\/p>\n<p>C\u2019est pour cette raison que ce dimanche 6 septembre \u2013 date initialement fix\u00e9e pour la tenue de cette consultation \u2013 ce sont des milliers de hongkongais qui ont brav\u00e9 pacifiquement, dans plusieurs quartiers de Mongkok, sur la p\u00e9ninsule de Kowloon, les centaines de policiers anti-\u00e9meute d\u00e9ploy\u00e9s pour l\u2019occasion. Aussi, apr\u00e8s avoir fouill\u00e9 et arr\u00eat\u00e9 quelques trois cents manifestants qui scandaient, \u00e0 l\u2019unisson, \u00abFlics corrompus\u00a0!\u00bb ou encore \u00abRendez-moi mon vote\u00bb\u00a0! Les forces de l\u2019ordre ont ordonn\u00e9 aux manifestants de se disperser.<\/p>\n<p>Parmi les personnes interpell\u00e9es figurent une femme accus\u00e9e d\u2019avoir prof\u00e9r\u00e9 des \u00abmenaces ind\u00e9pendantistes\u00bb en scandant des slogans \u00abs\u00e9cessionnistes\u00bb ainsi que Leung Kwok-hung, Figo Chan et Raphael Wong, trois figures de proue du mouvement pro-d\u00e9mocratie. Plus t\u00f4t, dans la matin\u00e9e, c\u2019est Tam Tak-chi, un animateur-radio qui avait \u00e9t\u00e9 arr\u00eat\u00e9, par la police en charge de la s\u00e9curit\u00e9 nationale, au motif qu\u2019il aurait tenu des propos \u00ab\u00e0 caract\u00e8re s\u00e9ditieux\u00bb alors m\u00eame que la nature exacte des propos incrimin\u00e9s n\u2019a pas \u00e9t\u00e9 pr\u00e9cis\u00e9e.<\/p>\n<p>Et si apr\u00e8s avoir qualifi\u00e9 les manifestants de \u00absans-c\u0153ur\u00bb, le porte-parole du Bureau de liaison chinois \u00e0 Hong Kong a tenu \u00e0 rappeler qu\u2019\u00abil n\u2019y aura aucune tol\u00e9rance envers tout acte qui viole la loi de s\u00e9curit\u00e9 nationale\u00bb, le gouvernement de Hong Kong a condamn\u00e9, dans un communiqu\u00e9, \u00ables actes ill\u00e9gaux et \u00e9go\u00efstes\u00bb des manifestants\u00bb tout en pr\u00e9cisant que \u00abla priorit\u00e9 pour Hong Kong, actuellement, est de s\u2019unir et de combattre ensemble le virus\u00bb.<\/p>\n<p>Pour rappel, apr\u00e8s sept mois de manifestations, P\u00e9kin a lanc\u00e9 une vaste campagne de r\u00e9pression \u00e0 l\u2019encontre de la dissidence hongkongaise et promulgu\u00e9, fin juin, sa loi sur la \u00abs\u00e9curit\u00e9 nationale\u00bb, jug\u00e9e liberticide par les militants pro-d\u00e9mocratie. Or, bien que les autorit\u00e9s hongkongaises affirment que cette nouvelle l\u00e9gislation n\u2019affecte, en aucune mani\u00e8re, les libert\u00e9s d\u2019expression et de r\u00e9union qui restent garanties en vertu du principe \u00abUn pays, deux syst\u00e8mes\u00bb tel que fix\u00e9 par l\u2019acte portant r\u00e9trocession \u00e0 la Chine de l\u2019ancienne colonie britannique en Juillet 1997, au moins 22 personnes \u2013 dont le magnat de la presse Jimmy Lai et la c\u00e9l\u00e8bre militantes Agnes Chow \u2013 ont \u00e9t\u00e9 arr\u00eat\u00e9es en application des dispositions de ladite loi qui, pour l\u2019ONU constitue, n\u00e9anmoins, un risque pour les libert\u00e9s et le droit de manifester \u00e0 Hong Kong.<\/p>\n<p>Au vu de tout ce qui pr\u00e9c\u00e8de, est-il permis d\u2019affirmer que la loi nationale sur la s\u00e9curit\u00e9 \u00e0 Hong Kong promulgu\u00e9e par P\u00e9kin non seulement contrevient aux dispositions d\u00fbment fix\u00e9es par l\u2019acte portant r\u00e9trocession de ce territoire \u00e0 la Chine mais qu\u2019elle risquerait m\u00eame, \u00e0 terme, d\u2019annihiler le fameux principe \u00abun pays, deux syst\u00e8mes\u00bb\u00a0qui y est \u00e9nonc\u00e9 ?\u00a0\u00a0Attendons pour voir\u2026<\/p>\n<p class=\"c3\">Nabil El Bousaadi<\/p>\n<p>Auteur: M&rsquo;hammed rahal<br \/>\n<a href=\"http:\/\/albayane.press.ma\/hong-kong-manifestations-suite-au-report-des-elections.html\">Cliquez ici pour lire l&rsquo;article depuis sa source.<\/a><\/p>\n","protected":false},"excerpt":{"rendered":"<p>Pr\u00e9textant la pand\u00e9mie du coronavirus, Carrie Lam, la cheffe de l\u2019ex\u00e9cutif de Hong Kong, nomm\u00e9e par P\u00e9kin, avait pris le 31 juillet dernier la d\u00e9cision de diff\u00e9rer d\u2019une ann\u00e9e des \u00e9lections du Conseil l\u00e9gislatif hongkongais, le Legco, qui fait office de parlement, et qui devaient se tenir, au suffrage universel direct, ce dimanche 6 septembre. [&hellip;]<\/p>\n","protected":false},"author":1760,"featured_media":0,"comment_status":"closed","ping_status":"closed","sticky":false,"template":"","format":"standard","meta":{"fifu_image_url":"","fifu_image_alt":"","footnotes":""},"categories":[73,54],"tags":[],"class_list":["post-98322","post","type-post","status-publish","format-standard","hentry","category-actualite","category-maroc"],"_links":{"self":[{"href":"https:\/\/linitiative.ca\/International\/wp-json\/wp\/v2\/posts\/98322","targetHints":{"allow":["GET"]}}],"collection":[{"href":"https:\/\/linitiative.ca\/International\/wp-json\/wp\/v2\/posts"}],"about":[{"href":"https:\/\/linitiative.ca\/International\/wp-json\/wp\/v2\/types\/post"}],"author":[{"embeddable":true,"href":"https:\/\/linitiative.ca\/International\/wp-json\/wp\/v2\/users\/1760"}],"replies":[{"embeddable":true,"href":"https:\/\/linitiative.ca\/International\/wp-json\/wp\/v2\/comments?post=98322"}],"version-history":[{"count":0,"href":"https:\/\/linitiative.ca\/International\/wp-json\/wp\/v2\/posts\/98322\/revisions"}],"wp:attachment":[{"href":"https:\/\/linitiative.ca\/International\/wp-json\/wp\/v2\/media?parent=98322"}],"wp:term":[{"taxonomy":"category","embeddable":true,"href":"https:\/\/linitiative.ca\/International\/wp-json\/wp\/v2\/categories?post=98322"},{"taxonomy":"post_tag","embeddable":true,"href":"https:\/\/linitiative.ca\/International\/wp-json\/wp\/v2\/tags?post=98322"}],"curies":[{"name":"wp","href":"https:\/\/api.w.org\/{rel}","templated":true}]}}