{"id":98338,"date":"2020-09-09T10:32:54","date_gmt":"2020-09-09T14:32:54","guid":{"rendered":"https:\/\/linitiative.ca\/International\/lecole-francaise-des-affaires-devient-lesa\/"},"modified":"2020-09-09T10:32:54","modified_gmt":"2020-09-09T14:32:54","slug":"lecole-francaise-des-affaires-devient-lesa","status":"publish","type":"post","link":"https:\/\/linitiative.ca\/International\/lecole-francaise-des-affaires-devient-lesa\/","title":{"rendered":"L\u2019Ecole fran\u00e7aise des affaires devient l\u2019ESA"},"content":{"rendered":"<div class=\"author\" readability=\"5.6949152542373\"> Par <a href=\"\/content\/ahlam-nazih\"> Ahlam NAZIH<\/a> <a href=\"\/node\/\"> <\/a> | Edition N\u00b0:5839 Le 09\/09\/2020 | Partager <\/div>\n<div class=\"body\">\n<div class=\"field field-name-body field-type-text-with-summary field-label-hidden\">\n<div class=\"field-items\" readability=\"10\">\n<div class=\"field-item even\" property=\"content:encoded\" readability=\"15\">\n<p class=\"rtejustify\">Pr\u00e8s de 32 ans apr\u00e8s sa cr\u00e9ation au Maroc, l\u2019Ecole fran\u00e7aise des affaires (EFA) se repositionne. Apr\u00e8s avoir renforc\u00e9 son offre en bac+3, l\u2019\u00e9tablissement sp\u00e9cialis\u00e9 dans la formation de middle managers en management op\u00e9rationnel, d\u00e9veloppement commercial et gestion et pilotage des RH, change de nom. L\u2019EFA devient ainsi ESA, Ecole sup\u00e9rieure des affaires de Casablanca.<br \/><em>\u00a0A.Na <\/em><\/p>\n<\/div>\n<\/div>\n<\/div>\n<\/div>\n<div class=\"eco-conseil\">\n<div class=\"view view-eco-conseil-16 view-id-eco_conseil_16 view-display-id-cookies view-dom-id-c6d6b2501af96848ebb466f0253e3db8\">\n<div class=\"view-content\">\n<div id=\"views-bootstrap-grid-1\" class=\"views-bootstrap-grid-plugin-style\">\n<div class=\"row\">\n<div class=\" col-xs-12 col-lg-4\">\n<div class=\"row\">\n<div class=\"col col-xs-12 col-lg-12\">\n<div class=\"field-content\"><a href=\"\/article\/1066947-une-affaire-assez-curieuse-casablanca\"><img loading=\"lazy\" decoding=\"async\" class=\"img-responsive\" typeof=\"foaf:Image\" src=\"https:\/\/www.leconomiste.com\/sites\/default\/files\/eco7\/public\/styles\/800x400\/public\/default_images\/default_une.jpg?itok=4jZlgnIZ\" width=\"660\" height=\"330\" alt=\"\"\/><\/a><\/div>\n<\/div>\n<div class=\" title_suite_2 col col-xs-12 col-lg-12\"> <a href=\"\/article\/1066947-une-affaire-assez-curieuse-casablanca\"\/><span class=\"field-content\">Une affaire assez curieuse \u00e0 Casablanca!<\/span><\/div>\n<\/div>\n<\/div>\n<div class=\" col-xs-12 col-lg-4\">\n<div class=\"row\">\n<div class=\"col col-xs-12 col-lg-12\">\n<div class=\"field-content\"><a href=\"\/article\/1066946-casa-tram-changement-d-horaires\"><img loading=\"lazy\" decoding=\"async\" class=\"img-responsive\" typeof=\"foaf:Image\" src=\"https:\/\/www.leconomiste.com\/sites\/default\/files\/eco7\/public\/styles\/800x400\/public\/default_images\/default_une.jpg?itok=4jZlgnIZ\" width=\"660\" height=\"330\" alt=\"\"\/><\/a><\/div>\n<\/div>\n<div class=\" title_suite_2 col col-xs-12 col-lg-12\"> <a href=\"\/article\/1066946-casa-tram-changement-d-horaires\"\/><span class=\"field-content\">Casa-Tram: Changement d\u2019horaires<\/span><\/div>\n<\/div>\n<\/div>\n<div class=\" col-xs-12 col-lg-4\">\n<div class=\"row\">\n<div class=\"col col-xs-12 col-lg-12\">\n<div class=\"field-content\"><a href=\"\/article\/1066945-zero-mika-les-sacs-en-plastique-narguent-l-interdiction\"><img loading=\"lazy\" decoding=\"async\" class=\"img-responsive\" typeof=\"foaf:Image\" src=\"https:\/\/www.leconomiste.com\/sites\/default\/files\/eco7\/public\/styles\/800x400\/public\/default_images\/default_une.jpg?itok=4jZlgnIZ\" width=\"660\" height=\"330\" alt=\"\"\/><\/a><\/div>\n<\/div>\n<div class=\" title_suite_2 col col-xs-12 col-lg-12\"> <a href=\"\/article\/1066945-zero-mika-les-sacs-en-plastique-narguent-l-interdiction\"\/><span class=\"field-content\">Z\u00e9ro Mika: Les sacs en plastique narguent l\u2019interdiction<\/span><\/div>\n<\/div>\n<\/div>\n<\/div>\n<\/div>\n<\/div>\n<\/div>\n<\/div>\n<p>Auteur: hlafriqi<br \/>\n<a href=\"https:\/\/www.leconomiste.com\/article\/1066943-l-ecole-francaise-des-affaires-devient-l-esa\">Cliquez ici pour lire l&rsquo;article depuis sa source.<\/a><\/p>\n","protected":false},"excerpt":{"rendered":"<p>Par Ahlam NAZIH | Edition N\u00b0:5839 Le 09\/09\/2020 | Partager Pr\u00e8s de 32 ans apr\u00e8s sa cr\u00e9ation au Maroc, l\u2019Ecole fran\u00e7aise des affaires (EFA) se repositionne. Apr\u00e8s avoir renforc\u00e9 son offre en bac+3, l\u2019\u00e9tablissement sp\u00e9cialis\u00e9 dans la formation de middle managers en management op\u00e9rationnel, d\u00e9veloppement commercial et gestion et pilotage des RH, change de nom. [&hellip;]<\/p>\n","protected":false},"author":1763,"featured_media":0,"comment_status":"closed","ping_status":"closed","sticky":false,"template":"","format":"standard","meta":{"fifu_image_url":"","fifu_image_alt":"","footnotes":""},"categories":[78,54],"tags":[],"class_list":["post-98338","post","type-post","status-publish","format-standard","hentry","category-economie","category-maroc"],"_links":{"self":[{"href":"https:\/\/linitiative.ca\/International\/wp-json\/wp\/v2\/posts\/98338","targetHints":{"allow":["GET"]}}],"collection":[{"href":"https:\/\/linitiative.ca\/International\/wp-json\/wp\/v2\/posts"}],"about":[{"href":"https:\/\/linitiative.ca\/International\/wp-json\/wp\/v2\/types\/post"}],"author":[{"embeddable":true,"href":"https:\/\/linitiative.ca\/International\/wp-json\/wp\/v2\/users\/1763"}],"replies":[{"embeddable":true,"href":"https:\/\/linitiative.ca\/International\/wp-json\/wp\/v2\/comments?post=98338"}],"version-history":[{"count":0,"href":"https:\/\/linitiative.ca\/International\/wp-json\/wp\/v2\/posts\/98338\/revisions"}],"wp:attachment":[{"href":"https:\/\/linitiative.ca\/International\/wp-json\/wp\/v2\/media?parent=98338"}],"wp:term":[{"taxonomy":"category","embeddable":true,"href":"https:\/\/linitiative.ca\/International\/wp-json\/wp\/v2\/categories?post=98338"},{"taxonomy":"post_tag","embeddable":true,"href":"https:\/\/linitiative.ca\/International\/wp-json\/wp\/v2\/tags?post=98338"}],"curies":[{"name":"wp","href":"https:\/\/api.w.org\/{rel}","templated":true}]}}