{"id":98339,"date":"2020-09-09T10:33:50","date_gmt":"2020-09-09T14:33:50","guid":{"rendered":"https:\/\/linitiative.ca\/International\/lensam-casablanca-fait-rever-les-bacheliers\/"},"modified":"2020-09-09T10:33:50","modified_gmt":"2020-09-09T14:33:50","slug":"lensam-casablanca-fait-rever-les-bacheliers","status":"publish","type":"post","link":"https:\/\/linitiative.ca\/International\/lensam-casablanca-fait-rever-les-bacheliers\/","title":{"rendered":"L\u2019ENSAM Casablanca fait r\u00eaver les bacheliers"},"content":{"rendered":"<div class=\"author\" readability=\"5.6949152542373\"> Par <a href=\"\/content\/ahlam-nazih\"> Ahlam NAZIH<\/a> <a href=\"\/node\/\"> <\/a> | Edition N\u00b0:5839 Le 09\/09\/2020 | Partager <\/div>\n<div class=\"body\">\n<div class=\"field field-name-body field-type-text-with-summary field-label-hidden\">\n<div class=\"field-items\" readability=\"10\">\n<div class=\"field-item even\" property=\"content:encoded\" readability=\"15\">\n<p class=\"rtejustify\">Sur la plateforme d\u2019admission des bacheliers aux \u00e9tablissements universitaires \u00e0 acc\u00e8s s\u00e9lectif, c\u2019est l\u2019Ecole nationale sup\u00e9rieure des arts et m\u00e9tiers (ENSAM) de Casablanca (universit\u00e9 Hassan II) qui r\u00e9colte le plus de v\u0153ux. L\u2019\u00e9tablissement arrive en t\u00eate avec 54.347 demandes, suivi de pr\u00e8s par l\u2019Ecole nationale des sciences appliqu\u00e9es (ENSA) de Tanger (54.058), puis de l\u2019ENSAM de Mekn\u00e8s (52954). L\u2019ENSA de Marrakech arrive 4\u00e8me (50.880), suivie de l\u2019ENSA d\u2019Agadir en 5e position (49.713). Afin de r\u00e9pondre \u00e0 la forte demande des bacheliers, l\u2019ENSAM Casablanca pr\u00e9pare son extension sur 7.000 m\u00b2 suppl\u00e9mentaires.<br \/><em>A.Na<\/em><\/p>\n<\/div>\n<\/div>\n<\/div>\n<\/div>\n<div class=\"eco-conseil\">\n<div class=\"view view-eco-conseil-16 view-id-eco_conseil_16 view-display-id-cookies view-dom-id-a9e58c703d5e0c305a8268c8e6860a97\">\n<div class=\"view-content\">\n<div id=\"views-bootstrap-grid-1\" class=\"views-bootstrap-grid-plugin-style\">\n<div class=\"row\">\n<div class=\" col-xs-12 col-lg-4\">\n<div class=\"row\">\n<div class=\"col col-xs-12 col-lg-12\">\n<div class=\"field-content\"><a href=\"\/article\/1066947-une-affaire-assez-curieuse-casablanca\"><img loading=\"lazy\" decoding=\"async\" class=\"img-responsive\" typeof=\"foaf:Image\" src=\"https:\/\/www.leconomiste.com\/sites\/default\/files\/eco7\/public\/styles\/800x400\/public\/default_images\/default_une.jpg?itok=4jZlgnIZ\" width=\"660\" height=\"330\" alt=\"\"\/><\/a><\/div>\n<\/div>\n<div class=\" title_suite_2 col col-xs-12 col-lg-12\"> <a href=\"\/article\/1066947-une-affaire-assez-curieuse-casablanca\"\/><span class=\"field-content\">Une affaire assez curieuse \u00e0 Casablanca!<\/span><\/div>\n<\/div>\n<\/div>\n<div class=\" col-xs-12 col-lg-4\">\n<div class=\"row\">\n<div class=\"col col-xs-12 col-lg-12\">\n<div class=\"field-content\"><a href=\"\/article\/1066946-casa-tram-changement-d-horaires\"><img loading=\"lazy\" decoding=\"async\" class=\"img-responsive\" typeof=\"foaf:Image\" src=\"https:\/\/www.leconomiste.com\/sites\/default\/files\/eco7\/public\/styles\/800x400\/public\/default_images\/default_une.jpg?itok=4jZlgnIZ\" width=\"660\" height=\"330\" alt=\"\"\/><\/a><\/div>\n<\/div>\n<div class=\" title_suite_2 col col-xs-12 col-lg-12\"> <a href=\"\/article\/1066946-casa-tram-changement-d-horaires\"\/><span class=\"field-content\">Casa-Tram: Changement d\u2019horaires<\/span><\/div>\n<\/div>\n<\/div>\n<div class=\" col-xs-12 col-lg-4\">\n<div class=\"row\">\n<div class=\"col col-xs-12 col-lg-12\">\n<div class=\"field-content\"><a href=\"\/article\/1066945-zero-mika-les-sacs-en-plastique-narguent-l-interdiction\"><img loading=\"lazy\" decoding=\"async\" class=\"img-responsive\" typeof=\"foaf:Image\" src=\"https:\/\/www.leconomiste.com\/sites\/default\/files\/eco7\/public\/styles\/800x400\/public\/default_images\/default_une.jpg?itok=4jZlgnIZ\" width=\"660\" height=\"330\" alt=\"\"\/><\/a><\/div>\n<\/div>\n<div class=\" title_suite_2 col col-xs-12 col-lg-12\"> <a href=\"\/article\/1066945-zero-mika-les-sacs-en-plastique-narguent-l-interdiction\"\/><span class=\"field-content\">Z\u00e9ro Mika: Les sacs en plastique narguent l\u2019interdiction<\/span><\/div>\n<\/div>\n<\/div>\n<\/div>\n<\/div>\n<\/div>\n<\/div>\n<\/div>\n<p>Auteur: hlafriqi<br \/>\n<a href=\"https:\/\/www.leconomiste.com\/article\/1066944-l-ensam-casablanca-fait-rever-les-bacheliers\">Cliquez ici pour lire l&rsquo;article depuis sa source.<\/a><\/p>\n","protected":false},"excerpt":{"rendered":"<p>Par Ahlam NAZIH | Edition N\u00b0:5839 Le 09\/09\/2020 | Partager Sur la plateforme d\u2019admission des bacheliers aux \u00e9tablissements universitaires \u00e0 acc\u00e8s s\u00e9lectif, c\u2019est l\u2019Ecole nationale sup\u00e9rieure des arts et m\u00e9tiers (ENSAM) de Casablanca (universit\u00e9 Hassan II) qui r\u00e9colte le plus de v\u0153ux. L\u2019\u00e9tablissement arrive en t\u00eate avec 54.347 demandes, suivi de pr\u00e8s par l\u2019Ecole nationale [&hellip;]<\/p>\n","protected":false},"author":1763,"featured_media":0,"comment_status":"closed","ping_status":"closed","sticky":false,"template":"","format":"standard","meta":{"fifu_image_url":"","fifu_image_alt":"","footnotes":""},"categories":[78,54],"tags":[],"class_list":["post-98339","post","type-post","status-publish","format-standard","hentry","category-economie","category-maroc"],"_links":{"self":[{"href":"https:\/\/linitiative.ca\/International\/wp-json\/wp\/v2\/posts\/98339","targetHints":{"allow":["GET"]}}],"collection":[{"href":"https:\/\/linitiative.ca\/International\/wp-json\/wp\/v2\/posts"}],"about":[{"href":"https:\/\/linitiative.ca\/International\/wp-json\/wp\/v2\/types\/post"}],"author":[{"embeddable":true,"href":"https:\/\/linitiative.ca\/International\/wp-json\/wp\/v2\/users\/1763"}],"replies":[{"embeddable":true,"href":"https:\/\/linitiative.ca\/International\/wp-json\/wp\/v2\/comments?post=98339"}],"version-history":[{"count":0,"href":"https:\/\/linitiative.ca\/International\/wp-json\/wp\/v2\/posts\/98339\/revisions"}],"wp:attachment":[{"href":"https:\/\/linitiative.ca\/International\/wp-json\/wp\/v2\/media?parent=98339"}],"wp:term":[{"taxonomy":"category","embeddable":true,"href":"https:\/\/linitiative.ca\/International\/wp-json\/wp\/v2\/categories?post=98339"},{"taxonomy":"post_tag","embeddable":true,"href":"https:\/\/linitiative.ca\/International\/wp-json\/wp\/v2\/tags?post=98339"}],"curies":[{"name":"wp","href":"https:\/\/api.w.org\/{rel}","templated":true}]}}