{"id":98340,"date":"2020-09-09T10:34:56","date_gmt":"2020-09-09T14:34:56","guid":{"rendered":"https:\/\/linitiative.ca\/International\/zero-mika-les-sacs-en-plastique-narguent-linterdiction\/"},"modified":"2020-09-09T10:34:56","modified_gmt":"2020-09-09T14:34:56","slug":"zero-mika-les-sacs-en-plastique-narguent-linterdiction","status":"publish","type":"post","link":"https:\/\/linitiative.ca\/International\/zero-mika-les-sacs-en-plastique-narguent-linterdiction\/","title":{"rendered":"Z\u00e9ro Mika: Les sacs en plastique narguent l\u2019interdiction"},"content":{"rendered":"<div class=\"author\" readability=\"5.7931034482759\"> Par <a href=\"\/content\/amin-rboub\">Amin RBOUB<\/a> <a href=\"\/node\/\"> <\/a> | Edition N\u00b0:5839 Le 09\/09\/2020 | Partager <\/div>\n<div class=\"body\">\n<div class=\"field field-name-body field-type-text-with-summary field-label-hidden\">\n<div class=\"field-items\" readability=\"10.5\">\n<div class=\"field-item even\" property=\"content:encoded\" readability=\"16\">\n<p class=\"rtejustify\">\u00abZ\u00e9ro Mika\u00bb est finalement devenu un slogan. Les sacs en plastique reviennent en force un peu partout dans les souks et les magasins de commerce. Ce type d\u2019emballage polluant continue de narguer l\u2019interdiction. L\u2019informel et la contrebande font de la r\u00e9sistance. En m\u00eame temps, des ateliers de fortune pullulent en rase campagne et op\u00e8rent dans la clandestinit\u00e9. Que ce soit \u00e0 Sbite (r\u00e9gion de Casablanca), Had Soualem ou encore dans les r\u00e9gions de Marrakech, des fermes agricoles se transforment en ateliers voire abritent des mini-usines sp\u00e9cialis\u00e9es dans la production de sacs interdits. Autre actualit\u00e9, les entreprises de plasturgie qui se conforment \u00e0 la loi sont en veilleuse. Sans activit\u00e9, des dirigeants se plaignent de la lenteur dans le traitement des projets de reconversion et de mise en conformit\u00e9 avec la loi 77-15. Un chantier, dont le financement de projets est men\u00e9 par Maroc PME. Les soci\u00e9t\u00e9s attendent le d\u00e9blocage de leur dossier pour la reconversion de leur activit\u00e9.<br \/><em>A.R.<\/em><\/p>\n<\/div>\n<\/div>\n<\/div>\n<\/div>\n<div class=\"eco-conseil\">\n<div class=\"view view-eco-conseil-16 view-id-eco_conseil_16 view-display-id-cookies view-dom-id-dabeac24eb5717617f5dcd81dfbdc9c3\">\n<div class=\"view-content\">\n<div id=\"views-bootstrap-grid-1\" class=\"views-bootstrap-grid-plugin-style\">\n<div class=\"row\">\n<div class=\" col-xs-12 col-lg-4\">\n<div class=\"row\">\n<div class=\"col col-xs-12 col-lg-12\">\n<div class=\"field-content\"><a href=\"\/article\/1066947-une-affaire-assez-curieuse-casablanca\"><img loading=\"lazy\" decoding=\"async\" class=\"img-responsive\" typeof=\"foaf:Image\" src=\"https:\/\/www.leconomiste.com\/sites\/default\/files\/eco7\/public\/styles\/800x400\/public\/default_images\/default_une.jpg?itok=4jZlgnIZ\" width=\"660\" height=\"330\" alt=\"\"\/><\/a><\/div>\n<\/div>\n<div class=\" title_suite_2 col col-xs-12 col-lg-12\"> <a href=\"\/article\/1066947-une-affaire-assez-curieuse-casablanca\"\/><span class=\"field-content\">Une affaire assez curieuse \u00e0 Casablanca!<\/span><\/div>\n<\/div>\n<\/div>\n<div class=\" col-xs-12 col-lg-4\">\n<div class=\"row\">\n<div class=\"col col-xs-12 col-lg-12\">\n<div class=\"field-content\"><a href=\"\/article\/1066946-casa-tram-changement-d-horaires\"><img loading=\"lazy\" decoding=\"async\" class=\"img-responsive\" typeof=\"foaf:Image\" src=\"https:\/\/www.leconomiste.com\/sites\/default\/files\/eco7\/public\/styles\/800x400\/public\/default_images\/default_une.jpg?itok=4jZlgnIZ\" width=\"660\" height=\"330\" alt=\"\"\/><\/a><\/div>\n<\/div>\n<div class=\" title_suite_2 col col-xs-12 col-lg-12\"> <a href=\"\/article\/1066946-casa-tram-changement-d-horaires\"\/><span class=\"field-content\">Casa-Tram: Changement d\u2019horaires<\/span><\/div>\n<\/div>\n<\/div>\n<div class=\" col-xs-12 col-lg-4\">\n<div class=\"row\">\n<div class=\"col col-xs-12 col-lg-12\">\n<div class=\"field-content\"><a href=\"\/article\/1066944-l-ensam-casablanca-fait-rever-les-bacheliers\"><img loading=\"lazy\" decoding=\"async\" class=\"img-responsive\" typeof=\"foaf:Image\" src=\"https:\/\/www.leconomiste.com\/sites\/default\/files\/eco7\/public\/styles\/800x400\/public\/default_images\/default_une.jpg?itok=4jZlgnIZ\" width=\"660\" height=\"330\" alt=\"\"\/><\/a><\/div>\n<\/div>\n<div class=\" title_suite_2 col col-xs-12 col-lg-12\"> <a href=\"\/article\/1066944-l-ensam-casablanca-fait-rever-les-bacheliers\"\/><span class=\"field-content\">L\u2019ENSAM Casablanca fait r\u00eaver les bacheliers<\/span><\/div>\n<\/div>\n<\/div>\n<\/div>\n<\/div>\n<\/div>\n<\/div>\n<\/div>\n<p>Auteur: hlafriqi<br \/>\n<a href=\"https:\/\/www.leconomiste.com\/article\/1066945-zero-mika-les-sacs-en-plastique-narguent-l-interdiction\">Cliquez ici pour lire l&rsquo;article depuis sa source.<\/a><\/p>\n","protected":false},"excerpt":{"rendered":"<p>Par Amin RBOUB | Edition N\u00b0:5839 Le 09\/09\/2020 | Partager \u00abZ\u00e9ro Mika\u00bb est finalement devenu un slogan. Les sacs en plastique reviennent en force un peu partout dans les souks et les magasins de commerce. Ce type d\u2019emballage polluant continue de narguer l\u2019interdiction. L\u2019informel et la contrebande font de la r\u00e9sistance. En m\u00eame temps, des [&hellip;]<\/p>\n","protected":false},"author":1763,"featured_media":0,"comment_status":"closed","ping_status":"closed","sticky":false,"template":"","format":"standard","meta":{"fifu_image_url":"","fifu_image_alt":"","footnotes":""},"categories":[78,54],"tags":[],"class_list":["post-98340","post","type-post","status-publish","format-standard","hentry","category-economie","category-maroc"],"_links":{"self":[{"href":"https:\/\/linitiative.ca\/International\/wp-json\/wp\/v2\/posts\/98340","targetHints":{"allow":["GET"]}}],"collection":[{"href":"https:\/\/linitiative.ca\/International\/wp-json\/wp\/v2\/posts"}],"about":[{"href":"https:\/\/linitiative.ca\/International\/wp-json\/wp\/v2\/types\/post"}],"author":[{"embeddable":true,"href":"https:\/\/linitiative.ca\/International\/wp-json\/wp\/v2\/users\/1763"}],"replies":[{"embeddable":true,"href":"https:\/\/linitiative.ca\/International\/wp-json\/wp\/v2\/comments?post=98340"}],"version-history":[{"count":0,"href":"https:\/\/linitiative.ca\/International\/wp-json\/wp\/v2\/posts\/98340\/revisions"}],"wp:attachment":[{"href":"https:\/\/linitiative.ca\/International\/wp-json\/wp\/v2\/media?parent=98340"}],"wp:term":[{"taxonomy":"category","embeddable":true,"href":"https:\/\/linitiative.ca\/International\/wp-json\/wp\/v2\/categories?post=98340"},{"taxonomy":"post_tag","embeddable":true,"href":"https:\/\/linitiative.ca\/International\/wp-json\/wp\/v2\/tags?post=98340"}],"curies":[{"name":"wp","href":"https:\/\/api.w.org\/{rel}","templated":true}]}}