{"id":98341,"date":"2020-09-09T10:35:46","date_gmt":"2020-09-09T14:35:46","guid":{"rendered":"https:\/\/linitiative.ca\/International\/casa-tram-changement-dhoraires\/"},"modified":"2020-09-09T10:35:46","modified_gmt":"2020-09-09T14:35:46","slug":"casa-tram-changement-dhoraires","status":"publish","type":"post","link":"https:\/\/linitiative.ca\/International\/casa-tram-changement-dhoraires\/","title":{"rendered":"Casa-Tram: Changement d\u2019horaires"},"content":{"rendered":"<div class=\"body\">\n<div class=\"field field-name-body field-type-text-with-summary field-label-hidden\">\n<div class=\"field-items\" readability=\"10\">\n<div class=\"field-item even\" property=\"content:encoded\" readability=\"15\">\n<p class=\"rtejustify\">Compte tenu des nouvelles mesures restrictives entr\u00e9es en vigueur lundi 7 septembre \u00e0 Casablanca\u00a0 et notamment, le couvre-feu instaur\u00e9 de 22h \u00e0 5h, les horaires du tramway sont modifi\u00e9s. Le 1er d\u00e9part de la ligne 1 est pr\u00e9vu \u00e0 5h45 (depuis Sidi Moumen) et 6h15 (depuis Lissasfa). Quant au dernier d\u00e9part, il est \u00e0 19h45 (depuis Sidi Moumen) et 20h15 (depuis Lissasfa). Pour la ligne 2, les premiers d\u00e9parts sont programm\u00e9s depuis Bernoussi (6h10) et A\u00efn Diab (6h40). Les derniers d\u00e9parts sont pr\u00e9vus de Bernoussi \u00e0 19h05 et de A\u00efn Diab \u00e0 19h50. En revanche, les fr\u00e9quences restent inchang\u00e9es en journ\u00e9e. Elles sont de 5mn sur la ligne 1 et 7 mn sur la ligne 2 en heures de pointe matin et soir.<br \/><em>A.E.<\/em><\/p>\n<\/div>\n<\/div>\n<\/div>\n<\/div>\n<div class=\"eco-conseil\">\n<div class=\"view view-eco-conseil-16 view-id-eco_conseil_16 view-display-id-cookies view-dom-id-408bc55a1be5a63c4f52e7aff432b93c\">\n<div class=\"view-content\">\n<div id=\"views-bootstrap-grid-1\" class=\"views-bootstrap-grid-plugin-style\">\n<div class=\"row\">\n<div class=\" col-xs-12 col-lg-4\">\n<div class=\"row\">\n<div class=\"col col-xs-12 col-lg-12\">\n<div class=\"field-content\"><a href=\"\/article\/1066947-une-affaire-assez-curieuse-casablanca\"><img loading=\"lazy\" decoding=\"async\" class=\"img-responsive\" typeof=\"foaf:Image\" src=\"https:\/\/www.leconomiste.com\/sites\/default\/files\/eco7\/public\/styles\/800x400\/public\/default_images\/default_une.jpg?itok=4jZlgnIZ\" width=\"660\" height=\"330\" alt=\"\"\/><\/a><\/div>\n<\/div>\n<div class=\" title_suite_2 col col-xs-12 col-lg-12\"> <a href=\"\/article\/1066947-une-affaire-assez-curieuse-casablanca\"\/><span class=\"field-content\">Une affaire assez curieuse \u00e0 Casablanca!<\/span><\/div>\n<\/div>\n<\/div>\n<div class=\" col-xs-12 col-lg-4\">\n<div class=\"row\">\n<div class=\"col col-xs-12 col-lg-12\">\n<div class=\"field-content\"><a href=\"\/article\/1066945-zero-mika-les-sacs-en-plastique-narguent-l-interdiction\"><img loading=\"lazy\" decoding=\"async\" class=\"img-responsive\" typeof=\"foaf:Image\" src=\"https:\/\/www.leconomiste.com\/sites\/default\/files\/eco7\/public\/styles\/800x400\/public\/default_images\/default_une.jpg?itok=4jZlgnIZ\" width=\"660\" height=\"330\" alt=\"\"\/><\/a><\/div>\n<\/div>\n<div class=\" title_suite_2 col col-xs-12 col-lg-12\"> <a href=\"\/article\/1066945-zero-mika-les-sacs-en-plastique-narguent-l-interdiction\"\/><span class=\"field-content\">Z\u00e9ro Mika: Les sacs en plastique narguent l\u2019interdiction<\/span><\/div>\n<\/div>\n<\/div>\n<div class=\" col-xs-12 col-lg-4\">\n<div class=\"row\">\n<div class=\"col col-xs-12 col-lg-12\">\n<div class=\"field-content\"><a href=\"\/article\/1066944-l-ensam-casablanca-fait-rever-les-bacheliers\"><img loading=\"lazy\" decoding=\"async\" class=\"img-responsive\" typeof=\"foaf:Image\" src=\"https:\/\/www.leconomiste.com\/sites\/default\/files\/eco7\/public\/styles\/800x400\/public\/default_images\/default_une.jpg?itok=4jZlgnIZ\" width=\"660\" height=\"330\" alt=\"\"\/><\/a><\/div>\n<\/div>\n<div class=\" title_suite_2 col col-xs-12 col-lg-12\"> <a href=\"\/article\/1066944-l-ensam-casablanca-fait-rever-les-bacheliers\"\/><span class=\"field-content\">L\u2019ENSAM Casablanca fait r\u00eaver les bacheliers<\/span><\/div>\n<\/div>\n<\/div>\n<\/div>\n<\/div>\n<\/div>\n<\/div>\n<\/div>\n<p>Auteur: hlafriqi<br \/>\n<a href=\"https:\/\/www.leconomiste.com\/article\/1066946-casa-tram-changement-d-horaires\">Cliquez ici pour lire l&rsquo;article depuis sa source.<\/a><\/p>\n","protected":false},"excerpt":{"rendered":"<p>Compte tenu des nouvelles mesures restrictives entr\u00e9es en vigueur lundi 7 septembre \u00e0 Casablanca\u00a0 et notamment, le couvre-feu instaur\u00e9 de 22h \u00e0 5h, les horaires du tramway sont modifi\u00e9s. Le 1er d\u00e9part de la ligne 1 est pr\u00e9vu \u00e0 5h45 (depuis Sidi Moumen) et 6h15 (depuis Lissasfa). Quant au dernier d\u00e9part, il est \u00e0 19h45 [&hellip;]<\/p>\n","protected":false},"author":1763,"featured_media":0,"comment_status":"closed","ping_status":"closed","sticky":false,"template":"","format":"standard","meta":{"fifu_image_url":"","fifu_image_alt":"","footnotes":""},"categories":[78,54],"tags":[],"class_list":["post-98341","post","type-post","status-publish","format-standard","hentry","category-economie","category-maroc"],"_links":{"self":[{"href":"https:\/\/linitiative.ca\/International\/wp-json\/wp\/v2\/posts\/98341","targetHints":{"allow":["GET"]}}],"collection":[{"href":"https:\/\/linitiative.ca\/International\/wp-json\/wp\/v2\/posts"}],"about":[{"href":"https:\/\/linitiative.ca\/International\/wp-json\/wp\/v2\/types\/post"}],"author":[{"embeddable":true,"href":"https:\/\/linitiative.ca\/International\/wp-json\/wp\/v2\/users\/1763"}],"replies":[{"embeddable":true,"href":"https:\/\/linitiative.ca\/International\/wp-json\/wp\/v2\/comments?post=98341"}],"version-history":[{"count":0,"href":"https:\/\/linitiative.ca\/International\/wp-json\/wp\/v2\/posts\/98341\/revisions"}],"wp:attachment":[{"href":"https:\/\/linitiative.ca\/International\/wp-json\/wp\/v2\/media?parent=98341"}],"wp:term":[{"taxonomy":"category","embeddable":true,"href":"https:\/\/linitiative.ca\/International\/wp-json\/wp\/v2\/categories?post=98341"},{"taxonomy":"post_tag","embeddable":true,"href":"https:\/\/linitiative.ca\/International\/wp-json\/wp\/v2\/tags?post=98341"}],"curies":[{"name":"wp","href":"https:\/\/api.w.org\/{rel}","templated":true}]}}