{"id":98342,"date":"2020-09-09T10:36:32","date_gmt":"2020-09-09T14:36:32","guid":{"rendered":"https:\/\/linitiative.ca\/International\/une-affaire-assez-curieuse-a-casablanca\/"},"modified":"2020-09-09T10:36:32","modified_gmt":"2020-09-09T14:36:32","slug":"une-affaire-assez-curieuse-a-casablanca","status":"publish","type":"post","link":"https:\/\/linitiative.ca\/International\/une-affaire-assez-curieuse-a-casablanca\/","title":{"rendered":"Une affaire assez curieuse \u00e0 Casablanca!"},"content":{"rendered":"<div class=\"body\">\n<div class=\"field field-name-body field-type-text-with-summary field-label-hidden\">\n<div class=\"field-items\" readability=\"9\">\n<div class=\"field-item even\" property=\"content:encoded\" readability=\"13\">\n<p class=\"rtejustify\">Les r\u00e9sidents d\u2019un immeuble au quartier Gautier ont mis des barri\u00e8res devant leurs garages. Le but \u00e9tant de mettre fin au stationnement sauvage qui leur barre l\u2019acc\u00e8s aux d\u00e9pendances de leur r\u00e9sidence. La Moukata\u00e2 se manifeste et saisit les barri\u00e8res install\u00e9es dans la ruelle d\u2019Ilya Aboumadi. Les autorit\u00e9s locales font valoir l\u2019occupation ill\u00e9gale du domaine public. Tout un d\u00e9bat. L\u00e0 o\u00f9 l\u2019histoire devient int\u00e9ressante, c\u2019est lorsque les r\u00e9sidents de l\u2019immeuble r\u00e9clament leurs barri\u00e8res. \u00abLa Moukata\u00e2 a refus\u00e9 de nous les restituer\u00bb, t\u00e9moigne une r\u00e9sidente. L\u2019administration est l\u00e9galement oblig\u00e9e de motiver ses d\u00e9cisions et par \u00e9crit. Dans le cas contraire, la porte est ouverte \u00e0 l\u2019abus de pouvoir.<br \/><em>F.F. <\/em><\/p>\n<\/div>\n<\/div>\n<\/div>\n<\/div>\n<div class=\"eco-conseil\">\n<div class=\"view view-eco-conseil-16 view-id-eco_conseil_16 view-display-id-cookies view-dom-id-3e83554bda1d8af8f4bc37389c861d41\">\n<div class=\"view-content\">\n<div id=\"views-bootstrap-grid-1\" class=\"views-bootstrap-grid-plugin-style\">\n<div class=\"row\">\n<div class=\" col-xs-12 col-lg-4\">\n<div class=\"row\">\n<div class=\"col col-xs-12 col-lg-12\">\n<div class=\"field-content\"><a href=\"\/article\/1066946-casa-tram-changement-d-horaires\"><img loading=\"lazy\" decoding=\"async\" class=\"img-responsive\" typeof=\"foaf:Image\" src=\"https:\/\/www.leconomiste.com\/sites\/default\/files\/eco7\/public\/styles\/800x400\/public\/default_images\/default_une.jpg?itok=4jZlgnIZ\" width=\"660\" height=\"330\" alt=\"\"\/><\/a><\/div>\n<\/div>\n<div class=\" title_suite_2 col col-xs-12 col-lg-12\"> <a href=\"\/article\/1066946-casa-tram-changement-d-horaires\"\/><span class=\"field-content\">Casa-Tram: Changement d\u2019horaires<\/span><\/div>\n<\/div>\n<\/div>\n<div class=\" col-xs-12 col-lg-4\">\n<div class=\"row\">\n<div class=\"col col-xs-12 col-lg-12\">\n<div class=\"field-content\"><a href=\"\/article\/1066945-zero-mika-les-sacs-en-plastique-narguent-l-interdiction\"><img loading=\"lazy\" decoding=\"async\" class=\"img-responsive\" typeof=\"foaf:Image\" src=\"https:\/\/www.leconomiste.com\/sites\/default\/files\/eco7\/public\/styles\/800x400\/public\/default_images\/default_une.jpg?itok=4jZlgnIZ\" width=\"660\" height=\"330\" alt=\"\"\/><\/a><\/div>\n<\/div>\n<div class=\" title_suite_2 col col-xs-12 col-lg-12\"> <a href=\"\/article\/1066945-zero-mika-les-sacs-en-plastique-narguent-l-interdiction\"\/><span class=\"field-content\">Z\u00e9ro Mika: Les sacs en plastique narguent l\u2019interdiction<\/span><\/div>\n<\/div>\n<\/div>\n<div class=\" col-xs-12 col-lg-4\">\n<div class=\"row\">\n<div class=\"col col-xs-12 col-lg-12\">\n<div class=\"field-content\"><a href=\"\/article\/1066944-l-ensam-casablanca-fait-rever-les-bacheliers\"><img loading=\"lazy\" decoding=\"async\" class=\"img-responsive\" typeof=\"foaf:Image\" src=\"https:\/\/www.leconomiste.com\/sites\/default\/files\/eco7\/public\/styles\/800x400\/public\/default_images\/default_une.jpg?itok=4jZlgnIZ\" width=\"660\" height=\"330\" alt=\"\"\/><\/a><\/div>\n<\/div>\n<div class=\" title_suite_2 col col-xs-12 col-lg-12\"> <a href=\"\/article\/1066944-l-ensam-casablanca-fait-rever-les-bacheliers\"\/><span class=\"field-content\">L\u2019ENSAM Casablanca fait r\u00eaver les bacheliers<\/span><\/div>\n<\/div>\n<\/div>\n<\/div>\n<\/div>\n<\/div>\n<\/div>\n<\/div>\n<p>Auteur: hlafriqi<br \/>\n<a href=\"https:\/\/www.leconomiste.com\/article\/1066947-une-affaire-assez-curieuse-casablanca\">Cliquez ici pour lire l&rsquo;article depuis sa source.<\/a><\/p>\n","protected":false},"excerpt":{"rendered":"<p>Les r\u00e9sidents d\u2019un immeuble au quartier Gautier ont mis des barri\u00e8res devant leurs garages. Le but \u00e9tant de mettre fin au stationnement sauvage qui leur barre l\u2019acc\u00e8s aux d\u00e9pendances de leur r\u00e9sidence. La Moukata\u00e2 se manifeste et saisit les barri\u00e8res install\u00e9es dans la ruelle d\u2019Ilya Aboumadi. Les autorit\u00e9s locales font valoir l\u2019occupation ill\u00e9gale du domaine [&hellip;]<\/p>\n","protected":false},"author":1763,"featured_media":0,"comment_status":"closed","ping_status":"closed","sticky":false,"template":"","format":"standard","meta":{"fifu_image_url":"","fifu_image_alt":"","footnotes":""},"categories":[78,54],"tags":[],"class_list":["post-98342","post","type-post","status-publish","format-standard","hentry","category-economie","category-maroc"],"_links":{"self":[{"href":"https:\/\/linitiative.ca\/International\/wp-json\/wp\/v2\/posts\/98342","targetHints":{"allow":["GET"]}}],"collection":[{"href":"https:\/\/linitiative.ca\/International\/wp-json\/wp\/v2\/posts"}],"about":[{"href":"https:\/\/linitiative.ca\/International\/wp-json\/wp\/v2\/types\/post"}],"author":[{"embeddable":true,"href":"https:\/\/linitiative.ca\/International\/wp-json\/wp\/v2\/users\/1763"}],"replies":[{"embeddable":true,"href":"https:\/\/linitiative.ca\/International\/wp-json\/wp\/v2\/comments?post=98342"}],"version-history":[{"count":0,"href":"https:\/\/linitiative.ca\/International\/wp-json\/wp\/v2\/posts\/98342\/revisions"}],"wp:attachment":[{"href":"https:\/\/linitiative.ca\/International\/wp-json\/wp\/v2\/media?parent=98342"}],"wp:term":[{"taxonomy":"category","embeddable":true,"href":"https:\/\/linitiative.ca\/International\/wp-json\/wp\/v2\/categories?post=98342"},{"taxonomy":"post_tag","embeddable":true,"href":"https:\/\/linitiative.ca\/International\/wp-json\/wp\/v2\/tags?post=98342"}],"curies":[{"name":"wp","href":"https:\/\/api.w.org\/{rel}","templated":true}]}}