{"id":98344,"date":"2020-09-09T12:30:00","date_gmt":"2020-09-09T16:30:00","guid":{"rendered":"https:\/\/linitiative.ca\/International\/salah-mejri-au-club-chinois-beijing-royal-fighters\/"},"modified":"2020-09-09T12:30:00","modified_gmt":"2020-09-09T16:30:00","slug":"salah-mejri-au-club-chinois-beijing-royal-fighters","status":"publish","type":"post","link":"https:\/\/linitiative.ca\/International\/salah-mejri-au-club-chinois-beijing-royal-fighters\/","title":{"rendered":"Salah Mejri au club chinois, Beijing Royal Fighters"},"content":{"rendered":"<p class=\"p1 c3\"><span class=\"c2\">Apr\u00e8s avoir port\u00e9 le maillot du Real Madrid la saison derni\u00e8re, Salah Mejri ,selon Gnet news, pose ses valises en Chine. Selon les derni\u00e8res informations, l\u2019ancien int\u00e9rieur va rejoindre Beijing Royal Fighters. Il aura comme coach l\u2019ancienne star de la NBA, Stephon Marbury.<\/span><\/p>\n<p class=\"p1 c3\"><span class=\"c2\">Ag\u00e9 de 34 ans, Mejri a quitt\u00e9 l\u2019Etoile du Sahel en 2010 pour rejoindre le club belge, Giants Antwerp. Deux ans plus tard, il avait sign\u00e9 pour Obradoiro o\u00f9 il a d\u00e9croch\u00e9 le troph\u00e9e de \u00ab\u00a0r\u00e9v\u00e9lation de la saison\u00a0\u00bb. Mejri a, ensuite, \u00e9t\u00e9 transf\u00e9r\u00e9 au Real Madrid o\u00f9 il est rest\u00e9 deux saisons. En 2015, il a rejoint les Mavs de Dallas pour quatre ans.<\/span><\/p>\n<p class=\"p2 c4\">\u00a0<\/p>\n<p class=\"p3 c5\"><span class=\"c2\"><strong>EZS :<\/strong><\/span><\/p>\n<p class=\"p4 c6\"><span class=\"c2\"><strong>Recrutements en masse\u00a0!<\/strong><\/span><\/p>\n<p class=\"p1 c3\"><span class=\"c2\">De retour en premi\u00e8re division apr\u00e8s une saison pass\u00e9e en Nationale B, Ezzahra Sports ne compte pas faire de la figuration cette ann\u00e9e. Sur son site, Gnet news a mentionn\u00e9 que <span class=\"Apple-converted-space\">\u00a0<\/span> les Zah\u00e9rois d\u00e9cid\u00e9s \u00e0 r\u00e9ussir leur come-back parmi l\u2019\u00e9lite , viennent de boucler six gros transferts.<\/span><\/p>\n<p class=\"p1 c3\"><span class=\"c2\">Le meneur de jeu du Stade Nabeulien, Aymen Trabelsi, le pivot am\u00e9ricain, Nick Evans, l\u2019enfant du club, Heithem S\u00e2ada et l\u2019international tunisien, Zied Chennoufi, rejoignent officiellement le club banlieusard.<\/span><\/p>\n<p class=\"p1 c3\"><span class=\"c2\">Quelques heures apr\u00e8s avoir officialis\u00e9 ces quatre premiers recrutements,\u00a0 l\u2019EZS\u00a0 a annonc\u00e9 l\u2019arriv\u00e9e de l\u2019ailier du Cinq National, Mourad Mabrouk, du meneur de jeu, Mehdi Oueslati et des int\u00e9rieurs, Mohamed Abbassi et Malick Nguirane.<\/span><\/p>\n<p class=\"p1 c3\"><span class=\"c2\">Rappelons que l\u2019EZS fait partie des meilleurs clubs de l\u2019histoire du pays avec six championnats et cinq coupes remport\u00e9s durant les ann\u00e9es 80 et 90.<\/span><\/p>\n<p class=\"p5 c7\">\u00a0<\/p>\n<p class=\"p6 c8\"><span class=\"c2\"><strong>Ameut KERKENNI<\/strong><\/span><\/p>\n<p>Auteur: letemps1<br \/>\n<a href=\"http:\/\/www.letemps.com.tn\/article\/116919\/salah-mejri-au-club-chinois-beijing-royal-fighters\">Cliquez ici pour lire l&rsquo;article depuis sa source.<\/a><\/p>\n","protected":false},"excerpt":{"rendered":"<p>Apr\u00e8s avoir port\u00e9 le maillot du Real Madrid la saison derni\u00e8re, Salah Mejri ,selon Gnet news, pose ses valises en Chine. Selon les derni\u00e8res informations, l\u2019ancien int\u00e9rieur va rejoindre Beijing Royal Fighters. Il aura comme coach l\u2019ancienne star de la NBA, Stephon Marbury. Ag\u00e9 de 34 ans, Mejri a quitt\u00e9 l\u2019Etoile du Sahel en 2010 [&hellip;]<\/p>\n","protected":false},"author":1773,"featured_media":0,"comment_status":"closed","ping_status":"closed","sticky":false,"template":"","format":"standard","meta":{"fifu_image_url":"","fifu_image_alt":"","footnotes":""},"categories":[73,55],"tags":[],"class_list":["post-98344","post","type-post","status-publish","format-standard","hentry","category-actualite","category-tunisie"],"_links":{"self":[{"href":"https:\/\/linitiative.ca\/International\/wp-json\/wp\/v2\/posts\/98344","targetHints":{"allow":["GET"]}}],"collection":[{"href":"https:\/\/linitiative.ca\/International\/wp-json\/wp\/v2\/posts"}],"about":[{"href":"https:\/\/linitiative.ca\/International\/wp-json\/wp\/v2\/types\/post"}],"author":[{"embeddable":true,"href":"https:\/\/linitiative.ca\/International\/wp-json\/wp\/v2\/users\/1773"}],"replies":[{"embeddable":true,"href":"https:\/\/linitiative.ca\/International\/wp-json\/wp\/v2\/comments?post=98344"}],"version-history":[{"count":0,"href":"https:\/\/linitiative.ca\/International\/wp-json\/wp\/v2\/posts\/98344\/revisions"}],"wp:attachment":[{"href":"https:\/\/linitiative.ca\/International\/wp-json\/wp\/v2\/media?parent=98344"}],"wp:term":[{"taxonomy":"category","embeddable":true,"href":"https:\/\/linitiative.ca\/International\/wp-json\/wp\/v2\/categories?post=98344"},{"taxonomy":"post_tag","embeddable":true,"href":"https:\/\/linitiative.ca\/International\/wp-json\/wp\/v2\/tags?post=98344"}],"curies":[{"name":"wp","href":"https:\/\/api.w.org\/{rel}","templated":true}]}}