{"id":98346,"date":"2020-09-09T12:30:00","date_gmt":"2020-09-09T16:30:00","guid":{"rendered":"https:\/\/linitiative.ca\/International\/retrouvailles-tendues\/"},"modified":"2020-09-09T12:30:00","modified_gmt":"2020-09-09T16:30:00","slug":"retrouvailles-tendues","status":"publish","type":"post","link":"https:\/\/linitiative.ca\/International\/retrouvailles-tendues\/","title":{"rendered":"Retrouvailles tendues\u00a0!"},"content":{"rendered":"<p class=\"p1 c3\"><span class=\"c2\">Lionel Messi a r\u00e9int\u00e9gr\u00e9 lundi le groupe du FC Barcelone apr\u00e8s sa tentative infructueuse de quitter le club pendant l\u2019\u00e9t\u00e9.<\/span><\/p>\n<p class=\"p1 c3\"><span class=\"c2\">Jeudi, dernier, Messi est arriv\u00e9 en voiture \u00e0 la Ciutat Esportiva, le centre d\u2019entra\u00eenement du Bar\u00e7a, \u00e0 Sant Joan Despi, en banlieue de Barcelone. Il devait participer \u00e0 son premier entra\u00eenement sous les ordres de son nouveau coach, le N\u00e9erlandais Ronald Koeman. Et surtout le premier depuis qu\u2019il a r\u00e9v\u00e9l\u00e9 vendredi, dans un entretien avec Goal, sa d\u00e9cision de finalement rester au club.<\/span><\/p>\n<p class=\"p1 c3\"><span class=\"c2\">Le sextuple Ballon d\u2019Or, 33 ans, avait engag\u00e9 cet \u00e9t\u00e9 un explosif bras de fer avec le pr\u00e9sident blaugrana Josep Maria Bartomeu, en tentant de partir du club o\u00f9 il est arriv\u00e9 \u00e0 13 ans et a fait toute sa carri\u00e8re professionnelle.<\/span><\/p>\n<p class=\"p1 c3\"><span class=\"c2\">Mais il a finalement c\u00e9d\u00e9. Il a refus\u00e9 de saisir la justice pour contester l\u2019exorbitante clause lib\u00e9ratoire qui lui \u00e9tait r\u00e9clam\u00e9e (700 M EUR), \u00e9gratignant au passage le pr\u00e9sident Bartomeu, qu\u2019il accuse d\u2019avoir trahi une promesse de le laisser partir s\u2019il le souhaitait.<\/span><\/p>\n<p class=\"p1 c3\"><span class=\"c2\">Messi, qui a tout gagn\u00e9 et battu presque tous les records avec Barcelone, a affirm\u00e9 que sa d\u00e9cision de partir avait \u00e9t\u00e9 longuement m\u00fbrie, et prise avant m\u00eame l\u2019humiliation (8-2) inflig\u00e9e en Ligue des champions par le Bayern Munich, futur champion d\u2019Europe. Et donc avant la fin d\u2019une saison catastrophique, la premi\u00e8re sans le moindre titre depuis 2008 pour les Catalans.<\/span><\/p>\n<p class=\"p1 c3\"><span class=\"c2\">Sa d\u00e9cision de rester risque n\u00e9anmoins de se retourner contre le Bar\u00e7a, auquel il n\u2019est plus li\u00e9 que pour une saison. D\u00e8s janvier, Messi sera autoris\u00e9 \u00e0 entrer en n\u00e9gociations avec d\u2019autres clubs, et \u00e0 partir du 30 juin 2021, il sera libre de tout contrat.<\/span><\/p>\n<p class=\"p2 c4\"><span class=\"c2\"><strong>Reconqu\u00eate\u00a0<\/strong><\/span><\/p>\n<p class=\"p1 c3\"><span class=\"c2\">D\u00e9sormais, la superstar va devoir r\u00e9int\u00e9grer un groupe o\u00f9 il n\u2019est plus en terrain conquis. En particulier aux yeux de l\u2019entra\u00eeneur Ronald Koeman, avec qui, selon la presse espagnole, le courant n\u2019est pas bien pass\u00e9.<\/span><\/p>\n<p class=\"p1 c3\"><span class=\"c2\">L\u2019Argentin avait communiqu\u00e9 son d\u00e9sir de partir au lendemain d\u2019une discussion avec Koeman, houleuse selon la presse. Messi aurait notamment reproch\u00e9 au successeur de Quique Seti\u00e9n de vouloir \u00e9carter son comparse en attaque et ami proche, l\u2019Uruguayen Luis Suarez, \u00e0 l\u2019instar d\u2019autres cadres comme Arturo Vidal, Ivan Rakitic ou Samuel Umtiti. Suarez, qui s\u2019est lui aussi rendu \u00e0 l\u2019entra\u00eenement lundi, pourrait \u00eatre transf\u00e9r\u00e9 \u00e0 la Juventus Turin, tandis que Vidal est annonc\u00e9 \u00e0 l\u2019Inter Milan. Quant \u00e0 Koeman, il avait pr\u00e9venu lors de sa premi\u00e8re conf\u00e9rence de presse, alors que le diff\u00e9rend avec Messi n\u2019\u00e9tait qu\u2019une rumeur, qu\u2019il \u00abvoulait seulement des joueurs qui souhaitent \u00eatre ici et tout donner\u00bb.<\/span><\/p>\n<p class=\"p1 c3\"><span class=\"c2\">Si la \u00abPulga\u00bb parvient \u00e0 arrondir les angles avec le N\u00e9erlandais, et sous r\u00e9serve d\u2019un test n\u00e9gatif au coronavirus, il pourra retrouver les terrains d\u00e8s samedi, lors d\u2019un amical de pr\u00e9-saison contre le Gimnastic Tarragone (D3). Ou \u00e0 d\u00e9faut, quatre jours plus tard face \u00e0 G\u00e9rone (D2).<\/span><\/p>\n<p class=\"p1 c3\"><span class=\"c2\">Son premier match depuis l\u2019humiliation du Bayern en C1. Et le premier d\u2019un long chemin pour reconqu\u00e9rir le club.<\/span><\/p>\n<p>Auteur: letemps1<br \/>\n<a href=\"http:\/\/www.letemps.com.tn\/article\/116921\/retrouvailles-tendues%C2%A0\">Cliquez ici pour lire l&rsquo;article depuis sa source.<\/a><\/p>\n","protected":false},"excerpt":{"rendered":"<p>Lionel Messi a r\u00e9int\u00e9gr\u00e9 lundi le groupe du FC Barcelone apr\u00e8s sa tentative infructueuse de quitter le club pendant l\u2019\u00e9t\u00e9. Jeudi, dernier, Messi est arriv\u00e9 en voiture \u00e0 la Ciutat Esportiva, le centre d\u2019entra\u00eenement du Bar\u00e7a, \u00e0 Sant Joan Despi, en banlieue de Barcelone. Il devait participer \u00e0 son premier entra\u00eenement sous les ordres de [&hellip;]<\/p>\n","protected":false},"author":1773,"featured_media":0,"comment_status":"closed","ping_status":"closed","sticky":false,"template":"","format":"standard","meta":{"fifu_image_url":"","fifu_image_alt":"","footnotes":""},"categories":[73,55],"tags":[],"class_list":["post-98346","post","type-post","status-publish","format-standard","hentry","category-actualite","category-tunisie"],"_links":{"self":[{"href":"https:\/\/linitiative.ca\/International\/wp-json\/wp\/v2\/posts\/98346","targetHints":{"allow":["GET"]}}],"collection":[{"href":"https:\/\/linitiative.ca\/International\/wp-json\/wp\/v2\/posts"}],"about":[{"href":"https:\/\/linitiative.ca\/International\/wp-json\/wp\/v2\/types\/post"}],"author":[{"embeddable":true,"href":"https:\/\/linitiative.ca\/International\/wp-json\/wp\/v2\/users\/1773"}],"replies":[{"embeddable":true,"href":"https:\/\/linitiative.ca\/International\/wp-json\/wp\/v2\/comments?post=98346"}],"version-history":[{"count":0,"href":"https:\/\/linitiative.ca\/International\/wp-json\/wp\/v2\/posts\/98346\/revisions"}],"wp:attachment":[{"href":"https:\/\/linitiative.ca\/International\/wp-json\/wp\/v2\/media?parent=98346"}],"wp:term":[{"taxonomy":"category","embeddable":true,"href":"https:\/\/linitiative.ca\/International\/wp-json\/wp\/v2\/categories?post=98346"},{"taxonomy":"post_tag","embeddable":true,"href":"https:\/\/linitiative.ca\/International\/wp-json\/wp\/v2\/tags?post=98346"}],"curies":[{"name":"wp","href":"https:\/\/api.w.org\/{rel}","templated":true}]}}