{"id":98362,"date":"2020-09-08T20:00:00","date_gmt":"2020-09-09T00:00:00","guid":{"rendered":"https:\/\/linitiative.ca\/International\/levee-du-corps-du-defunt-general-major-meftah-souab-le-chef-detat-major-de-lanp-preside-la-ceremonie\/"},"modified":"2020-09-08T20:00:00","modified_gmt":"2020-09-09T00:00:00","slug":"levee-du-corps-du-defunt-general-major-meftah-souab-le-chef-detat-major-de-lanp-preside-la-ceremonie","status":"publish","type":"post","link":"https:\/\/linitiative.ca\/International\/levee-du-corps-du-defunt-general-major-meftah-souab-le-chef-detat-major-de-lanp-preside-la-ceremonie\/","title":{"rendered":"Lev\u00e9e du corps  du d\u00e9funt G\u00e9n\u00e9ral Major  Meftah Souab : Le chef d\u2019\u00e9tat-Major de l\u2019ANP pr\u00e9side  la c\u00e9r\u00e9monie"},"content":{"rendered":"<p>Le g\u00e9n\u00e9ral de Corps d&rsquo;Arm\u00e9e, Sa\u00efd Chanegriha, chef d&rsquo;Etat-Major de l&rsquo;Arm\u00e9e nationale populaire (ANP), a pr\u00e9sid\u00e9 hier matin au niveau de l\u2019h\u00f4pital central de l\u2019Arm\u00e9e Mohamed Seghir-Nekkache, \u00e0 A\u00efn Na\u00e2dja (Alger), la c\u00e9r\u00e9monie de lev\u00e9e du corps du d\u00e9funt g\u00e9n\u00e9ral major, Meftah Souab, commandant de la 2e R\u00e9gion militaire, d\u00e9c\u00e9d\u00e9 lundi des suites d&rsquo;une longue maladie. Lors de cette c\u00e9r\u00e9monie fun\u00e8bre, les honneurs militaires ont \u00e9t\u00e9 rendus au d\u00e9funt g\u00e9n\u00e9ral major, en pr\u00e9sence de hauts cadres de l\u2019ANP ainsi que les membres de la famille du d\u00e9funt, indique un communiqu\u00e9 du minist\u00e8re de la D\u00e9fense nationale.<br \/>La c\u00e9r\u00e9monie a \u00e9t\u00e9 entam\u00e9e par la r\u00e9citation de la Fatiha du Saint Coran \u00e0 la m\u00e9moire du d\u00e9funt avant la lecture de l&rsquo;oraison fun\u00e8bre retra\u00e7ant son \u00abparcours professionnel riche et d\u00e9vou\u00e9 \u00e0 la pr\u00e9servation de la Patrie\u00a0 et \u00e0 la sauvegarde de sa s\u00e9curit\u00e9 et sa stabilit\u00e9\u00bb.<br \/>Le d\u00e9funt a \u00e9t\u00e9 inhum\u00e9, hier apr\u00e8s-midi, au cimeti\u00e8re d\u2019El Ayoun dans la wilaya d&rsquo;El Tarf, pr\u00e9cise la m\u00eame source.<\/p>\n<p>Auteur: elmoudjahid<br \/>\n<a href=\"http:\/\/www.elmoudjahid.com\/fr\/actualites\/159231\">Cliquez ici pour lire l&rsquo;article depuis sa source.<\/a><\/p>\n","protected":false},"excerpt":{"rendered":"<p>Le g\u00e9n\u00e9ral de Corps d&rsquo;Arm\u00e9e, Sa\u00efd Chanegriha, chef d&rsquo;Etat-Major de l&rsquo;Arm\u00e9e nationale populaire (ANP), a pr\u00e9sid\u00e9 hier matin au niveau de l\u2019h\u00f4pital central de l\u2019Arm\u00e9e Mohamed Seghir-Nekkache, \u00e0 A\u00efn Na\u00e2dja (Alger), la c\u00e9r\u00e9monie de lev\u00e9e du corps du d\u00e9funt g\u00e9n\u00e9ral major, Meftah Souab, commandant de la 2e R\u00e9gion militaire, d\u00e9c\u00e9d\u00e9 lundi des suites d&rsquo;une longue [&hellip;]<\/p>\n","protected":false},"author":1744,"featured_media":0,"comment_status":"closed","ping_status":"closed","sticky":false,"template":"","format":"standard","meta":{"fifu_image_url":"","fifu_image_alt":"","footnotes":""},"categories":[73,53],"tags":[],"class_list":["post-98362","post","type-post","status-publish","format-standard","hentry","category-actualite","category-algerie"],"_links":{"self":[{"href":"https:\/\/linitiative.ca\/International\/wp-json\/wp\/v2\/posts\/98362","targetHints":{"allow":["GET"]}}],"collection":[{"href":"https:\/\/linitiative.ca\/International\/wp-json\/wp\/v2\/posts"}],"about":[{"href":"https:\/\/linitiative.ca\/International\/wp-json\/wp\/v2\/types\/post"}],"author":[{"embeddable":true,"href":"https:\/\/linitiative.ca\/International\/wp-json\/wp\/v2\/users\/1744"}],"replies":[{"embeddable":true,"href":"https:\/\/linitiative.ca\/International\/wp-json\/wp\/v2\/comments?post=98362"}],"version-history":[{"count":0,"href":"https:\/\/linitiative.ca\/International\/wp-json\/wp\/v2\/posts\/98362\/revisions"}],"wp:attachment":[{"href":"https:\/\/linitiative.ca\/International\/wp-json\/wp\/v2\/media?parent=98362"}],"wp:term":[{"taxonomy":"category","embeddable":true,"href":"https:\/\/linitiative.ca\/International\/wp-json\/wp\/v2\/categories?post=98362"},{"taxonomy":"post_tag","embeddable":true,"href":"https:\/\/linitiative.ca\/International\/wp-json\/wp\/v2\/tags?post=98362"}],"curies":[{"name":"wp","href":"https:\/\/api.w.org\/{rel}","templated":true}]}}