{"id":98365,"date":"2020-09-09T12:16:43","date_gmt":"2020-09-09T16:16:43","guid":{"rendered":"https:\/\/linitiative.ca\/International\/109526-foot-ligue-1-cr-belouizdad-covid-19-les-joueurs-depistes-dimanche\/"},"modified":"2020-09-09T12:16:43","modified_gmt":"2020-09-09T16:16:43","slug":"109526-foot-ligue-1-cr-belouizdad-covid-19-les-joueurs-depistes-dimanche","status":"publish","type":"post","link":"https:\/\/linitiative.ca\/International\/109526-foot-ligue-1-cr-belouizdad-covid-19-les-joueurs-depistes-dimanche\/","title":{"rendered":"Foot\/coronavirus : plus de 165 millions DA au profit des clubs  alg\u00e9riens"},"content":{"rendered":"<div readability=\"39\">\n<p><strong>ALGER- Les joueurs du CR Belouizdad (Ligue 1 alg\u00e9rienne de football), passeront dimanche des tests de d\u00e9pistage du coronavirus (Covid-19), en vue d&rsquo;une \u00e9ventuelle reprise des entra\u00eenements, dont la date n&rsquo;a pas encore \u00e9t\u00e9 arr\u00eat\u00e9e par les autorit\u00e9s, a appris l&rsquo;APS mercredi aupr\u00e8s du champions d&rsquo;Alg\u00e9rie en titre.<\/strong><\/p>\n<\/div>\n<div readability=\"82\">\n<p>\u00ab\u00a0Nous avons tenu ce matin (mercredi, ndlr) une r\u00e9union avec le m\u00e9decin de l&rsquo;\u00e9quipe pour anticiper et se pr\u00e9parer d\u00e8s que nous aurons le feu vert pour reprendre l&rsquo;entra\u00eenement. Les joueurs vont commencer \u00e0 partir de jeudi \u00e0 passer les diff\u00e9rents tests dans l&rsquo;objectif de fournir le dossier m\u00e9dical\u00a0 pr\u00e9alable \u00e0 la pratique du football (PCMA), alors qu&rsquo;ils seront au rendez-vous dimanche pour des tests de d\u00e9pistage au Covid-19. Nous n&rsquo;avons rien laiss\u00e9 au hasard sur le plan m\u00e9dical\u00a0\u00bb, a indiqu\u00e9 \u00e0 l&rsquo;APS le directeur du p\u00f4le comp\u00e9titif du CRB Taoufik Korichi.<\/p>\n<p>Les diff\u00e9rentes comp\u00e9titions et activit\u00e9s sportives sont suspendues depuis le 16 mars en raison de la pand\u00e9mie du Covid-19. Le gouvernement a charg\u00e9 le ministre de la Jeunesse et des Sports Sid Ali Khaldi d&rsquo;examiner avec les diff\u00e9rentes f\u00e9d\u00e9rations sport<\/p>\n<p>ives la possibilit\u00e9 de reprise progressive des activit\u00e9s et manifestations sportives \u00e0 huit clos, selon des protocoles sanitaires adapt\u00e9s \u00e0 chaque discipline, a indiqu\u00e9 lundi 31 ao\u00fbt dernier, un communiqu\u00e9 des services du Premier ministre.<\/p>\n<blockquote readability=\"9\">\n<p><em><strong>\u00ab\u00a0Nous refusons d&rsquo;\u00eatre pris au d\u00e9pourvu, c&rsquo;est la raison qui nous a pouss\u00e9 \u00e0 pr\u00e9parer notre retour \u00e0 l&rsquo;entra\u00eenement, qui nous esp\u00e9rons se fera dans les meilleurs conditions\u00a0\u00bb, a-t-il ajout\u00e9.<\/strong><\/em><\/p>\n<\/blockquote>\n<p>Concernant le stage d&rsquo;intersaison Korichi a parl\u00e9 de deux propositions :\u00a0 \u00ab\u00a0Nous avons retenu deux \u00e9ventualit\u00e9s : soit effectuer l&rsquo;int\u00e9gralit\u00e9 de notre pr\u00e9paration en Alg\u00e9rie, soit se d\u00e9placer \u00e0 l&rsquo;\u00e9tranger, si l&rsquo;espace a\u00e9rien sera rouvert. Dans le cas o\u00f9 nous opterions pour la deuxi\u00e8me option, nous aurons \u00e0 choisir entre trois destinations\u00a0\u00bb.<\/p>\n<p>Abordant le volet mercato estival, l&rsquo;ancien DTN\u00a0 a pr\u00e9cis\u00e9 que le club devrait engager encore \u00ab\u00a0un ou deux joueurs avant de boucler l&rsquo;op\u00e9ration de recrutement, selon les besoins fix\u00e9s par le staff technique\u00a0\u00bb, dirig\u00e9 par le Fran\u00e7ais Franck Dumas.<\/p>\n<p>Le Chabab a assur\u00e9 jusque-l\u00e0 l&rsquo;arriv\u00e9e de quatre \u00e9l\u00e9ments : le milieu de terrain Zakaria Draoui (ex-ES S\u00e9tif), le d\u00e9fenseur Mokhtar Belkhiter (ex-Club Africain\/ Tunisie),\u00a0 l&rsquo;ancien international espoir belge Maecky Ngombo (ex- Go Ahead Eagles\/ Pays-Bas) et le gardien Taoufik Moussaoui (Paradou AC).<\/p>\n<p>Le CRB a \u00e9t\u00e9 d\u00e9sign\u00e9 \u00ab\u00a0\u00e0 titre exceptionnel\u00a0\u00bb champion d&rsquo;Alg\u00e9rie 2019-2020, suite \u00e0 la d\u00e9cision prise par le Bureau f\u00e9d\u00e9ral de la F\u00e9d\u00e9ration alg\u00e9rienne (FAF) de mettre fin \u00e0 l&rsquo;exercice, impact\u00e9 par la pand\u00e9mie de Covid-19, en approuvant les r\u00e9sultats de la consultation \u00e9crite initi\u00e9e aupr\u00e8s des membres de l&rsquo;assembl\u00e9e g\u00e9n\u00e9rale.\u00a0<\/p>\n<\/div>\n<p>Auteur:<br \/>\n<a href=\"http:\/\/www.aps.dz\/sport\/109526-foot-ligue-1-cr-belouizdad-covid-19-les-joueurs-depistes-dimanche?utm_source=feedburner&#038;utm_medium=feed&#038;utm_campaign=Feed%3A+aps-sport+%28APS+-+SPORT%29\">Cliquez ici pour lire l&rsquo;article depuis sa source.<\/a><\/p>\n","protected":false},"excerpt":{"rendered":"<p>ALGER- Les joueurs du CR Belouizdad (Ligue 1 alg\u00e9rienne de football), passeront dimanche des tests de d\u00e9pistage du coronavirus (Covid-19), en vue d&rsquo;une \u00e9ventuelle reprise des entra\u00eenements, dont la date n&rsquo;a pas encore \u00e9t\u00e9 arr\u00eat\u00e9e par les autorit\u00e9s, a appris l&rsquo;APS mercredi aupr\u00e8s du champions d&rsquo;Alg\u00e9rie en titre. \u00ab\u00a0Nous avons tenu ce matin (mercredi, ndlr) [&hellip;]<\/p>\n","protected":false},"author":1790,"featured_media":0,"comment_status":"closed","ping_status":"closed","sticky":false,"template":"","format":"standard","meta":{"fifu_image_url":"","fifu_image_alt":"","footnotes":""},"categories":[53,75],"tags":[],"class_list":["post-98365","post","type-post","status-publish","format-standard","hentry","category-algerie","category-sport"],"_links":{"self":[{"href":"https:\/\/linitiative.ca\/International\/wp-json\/wp\/v2\/posts\/98365","targetHints":{"allow":["GET"]}}],"collection":[{"href":"https:\/\/linitiative.ca\/International\/wp-json\/wp\/v2\/posts"}],"about":[{"href":"https:\/\/linitiative.ca\/International\/wp-json\/wp\/v2\/types\/post"}],"author":[{"embeddable":true,"href":"https:\/\/linitiative.ca\/International\/wp-json\/wp\/v2\/users\/1790"}],"replies":[{"embeddable":true,"href":"https:\/\/linitiative.ca\/International\/wp-json\/wp\/v2\/comments?post=98365"}],"version-history":[{"count":0,"href":"https:\/\/linitiative.ca\/International\/wp-json\/wp\/v2\/posts\/98365\/revisions"}],"wp:attachment":[{"href":"https:\/\/linitiative.ca\/International\/wp-json\/wp\/v2\/media?parent=98365"}],"wp:term":[{"taxonomy":"category","embeddable":true,"href":"https:\/\/linitiative.ca\/International\/wp-json\/wp\/v2\/categories?post=98365"},{"taxonomy":"post_tag","embeddable":true,"href":"https:\/\/linitiative.ca\/International\/wp-json\/wp\/v2\/tags?post=98365"}],"curies":[{"name":"wp","href":"https:\/\/api.w.org\/{rel}","templated":true}]}}