{"id":98373,"date":"2020-09-09T08:40:00","date_gmt":"2020-09-09T12:40:00","guid":{"rendered":"https:\/\/linitiative.ca\/International\/radhi-jazi-le-pharmacien-lhumaniste\/"},"modified":"2020-09-09T08:40:00","modified_gmt":"2020-09-09T12:40:00","slug":"radhi-jazi-le-pharmacien-lhumaniste","status":"publish","type":"post","link":"https:\/\/linitiative.ca\/International\/radhi-jazi-le-pharmacien-lhumaniste\/","title":{"rendered":"Radhi Jazi: Le pharmacien, l\u2019humaniste"},"content":{"rendered":"<div class=\"c5\" readability=\"16\"><span class=\"c3\"><span class=\"c2\"><strong>Sommaire<br \/><\/strong><\/span><\/span><br \/><span class=\"c4\"><strong>\u2022<\/strong><\/span> Radhi Jazi: Le pharmacien, l\u2019humaniste<\/p>\n<p><img decoding=\"async\" src=\"\/uploads\/FCK_files\/Moncef-Zmerli.jpg\" alt=\"\" width=\"10%\" vspace=\"5\" hspace=\"5\" align=\"left\"\/><em>Moncef Zmerli-<\/em> Radhi Jazi: Le recours incontournable<\/p>\n<p><img decoding=\"async\" src=\"\/uploads\/FCK_files\/Pi\u00e8rre-Joly.jpg\" alt=\"\" width=\"10%\" vspace=\"5\" hspace=\"5\" align=\"left\"\/><em>Pierre Joly &#8211;<\/em> Radhi Jazi: Son charisme lui avait donn\u00e9 une dimension internationale<\/p>\n<p><img decoding=\"async\" src=\"\/uploads\/FCK_files\/Khaled-Jazi.jpg\" alt=\"\" width=\"10%\" vspace=\"5\" hspace=\"5\" align=\"left\"\/><em>Khaled Jazi &#8211;<\/em> Radhi Jazi:C\u2019\u00e9tait Papa !<\/p>\n<p><span class=\"c4\"><strong>\u2022<\/strong><\/span> Radhi Jazi: Le Rotarien \u00e9m\u00e9rite<\/p>\n<\/div>\n<p>Silhouette fluette, cheveux blancs, sourire aux l\u00e8vres, Radhi Jazi, \u2018\u2019Le Pharmacien\u2019\u2019, vient de nous quitter \u00e0 l\u2019\u00e2ge de 92 ans. Le scientifique \u00e9tait doubl\u00e9 d\u2019un grand patriote, humble et discret, d\u2019un \u00e9rudit, qui contribuera \u00e0 l\u2019\u00e9tablissement d\u2019\u0153uvres majeures d\u2019Ibn al-Jazzar et d\u2019un humaniste qui se distinguera au sein du Rotary International. Au cours de ses ann\u00e9es d\u2019\u00e9tudes \u00e0 Paris, dans les ann\u00e9es 1950, il s\u2019engagera avec ses camarades aux c\u00f4t\u00e9s de Bourguiba, lors de ce \u00ab dernier quart d\u2019heure \u00bb de lutte pour l\u2019ind\u00e9pendance. Pos\u00e9, mod\u00e9r\u00e9, visionnaire, il n\u2019h\u00e9sitait pas \u00e0 dire tout haut au leader du N\u00e9o-Destour ce que beaucoup pensaient tout bas. Bourguiba lui accordait une \u00e9coute attentive, appr\u00e9ciant son patriotisme et la justesse de ses vues.<\/p>\n<p>Au lendemain de l\u2019ind\u00e9pendance, on s\u2019attendait \u00e0 le voir occuper un minist\u00e8re ou d\u00e9sign\u00e9 \u00e0 un haut poste, \u00e0 l\u2019instar de ses camarades de Paris. Radhi Jazi, en vrai militant sinc\u00e8re, pr\u00e9f\u00e8rera se consacrer \u00e0 l\u2019exercice de sa profession avec abn\u00e9gation, loin des feux de la rampe. Le seul pouvoir qui l\u2019attirait \u00e9tait celui de l\u2019esprit, de la sagesse.<\/p>\n<p class=\"c7\"><img decoding=\"async\" src=\"\/uploads\/FCK_files\/RAdhi-Jazi-Moy.jpg\" alt=\"\" width=\"100%\" vspace=\"5\" hspace=\"5\" align=\"middle\"\/><br \/><span class=\"c6\"><em>Ecole Primaire de Nabeul (El Guelta ou El Mahfar) vers 1934<br \/>Radhi Jazi: Le 5e, au 1er rang, \u00e0 partir de la gauche<br \/>Rachid Jazi: Le 3e, au 2e rang, \u00e0 partir de la gauche (le surveillant n\u2019est pas compris)<br \/>Taoufik Zine: le dernier du 1er rang (avec cape) \u00e0 partir de la gauche<br \/>Taoufik Daghfous: le 3e au 3\u00e8me rang, \u00e0 partir de la gauche<br \/>Ta\u00efeb Daghfous: Le 10e, au 1er rang \u00e0 partir de la gauche<br \/>Tahar Gmila: Le 9e, au 1er rang \u00e0 partir de la gauche.<\/em><\/span><\/p>\n<p>Son bureau, \u00e0 l\u2019arri\u00e8re de sa pharmacie, avenue de la Libert\u00e9, juste \u00e0 c\u00f4t\u00e9 de la Maison de la Radio-T\u00e9l\u00e9vision, \u00e9tait \u00e0 la fois son laboratoire d\u2019id\u00e9es, un lieu de rencontres pris\u00e9 et un bouillon de d\u00e9bats et d\u2019initiatives.<\/p>\n<p class=\"c7\"><img decoding=\"async\" src=\"\/uploads\/FCK_files\/RAdhi-Jazi.jpg\" alt=\"\" width=\"100%\" vspace=\"5\" hspace=\"5\" align=\"middle\"\/><br \/><span class=\"c6\"><em>Avril 1955, Radhi Jazi devant sa \u201cPharmacie de L\u2019Ile\u201d \u00e0 Djerba, mon voisin et mon personnel (Pharmacie cr\u00e9\u00e9e et ouverte le 6 mars 1955)<br \/>De gauche \u00e0 droite: Mustapha Missaoui, Abdallah Zar\u00e2a (mon employ\u00e9), Radhi Jazi, M. Najar (pr\u00e9parateur pr\u00eat\u00e9), Rachid Chellakhi (nouveau pr\u00e9parateur)<\/em><\/span><\/p>\n<p class=\"c8\"><strong>Taoufik Habaieb<\/strong><\/p>\n<p class=\"MsoNormal c7\"><strong><a href=\"https:\/\/www.leaders.com.tn\/le_mensuel_abonnez_vous\" target=\"_blank\" rel=\"noopener noreferrer\"><img loading=\"lazy\" decoding=\"async\" src=\"\/uploads\/FCK_files\/Bondou(11).jpg\" alt=\"\" width=\"500\" vspace=\"5\" hspace=\"5\" height=\"128\" align=\"middle\"\/><\/a><\/strong><\/p>\n<p>Auteur:<br \/>\n<a href=\"https:\/\/www.leaders.com.tn\/article\/30510-radhi-jazi-le-pharmacien-l-humaniste\">Cliquez ici pour lire l&rsquo;article depuis sa source.<\/a><\/p>\n","protected":false},"excerpt":{"rendered":"<p>Sommaire\u2022 Radhi Jazi: Le pharmacien, l\u2019humaniste Moncef Zmerli- Radhi Jazi: Le recours incontournable Pierre Joly &#8211; Radhi Jazi: Son charisme lui avait donn\u00e9 une dimension internationale Khaled Jazi &#8211; Radhi Jazi:C\u2019\u00e9tait Papa ! \u2022 Radhi Jazi: Le Rotarien \u00e9m\u00e9rite Silhouette fluette, cheveux blancs, sourire aux l\u00e8vres, Radhi Jazi, \u2018\u2019Le Pharmacien\u2019\u2019, vient de nous quitter \u00e0 [&hellip;]<\/p>\n","protected":false},"author":1772,"featured_media":98374,"comment_status":"closed","ping_status":"closed","sticky":false,"template":"","format":"standard","meta":{"fifu_image_url":"","fifu_image_alt":"","footnotes":""},"categories":[73,55],"tags":[],"class_list":["post-98373","post","type-post","status-publish","format-standard","has-post-thumbnail","hentry","category-actualite","category-tunisie"],"_links":{"self":[{"href":"https:\/\/linitiative.ca\/International\/wp-json\/wp\/v2\/posts\/98373","targetHints":{"allow":["GET"]}}],"collection":[{"href":"https:\/\/linitiative.ca\/International\/wp-json\/wp\/v2\/posts"}],"about":[{"href":"https:\/\/linitiative.ca\/International\/wp-json\/wp\/v2\/types\/post"}],"author":[{"embeddable":true,"href":"https:\/\/linitiative.ca\/International\/wp-json\/wp\/v2\/users\/1772"}],"replies":[{"embeddable":true,"href":"https:\/\/linitiative.ca\/International\/wp-json\/wp\/v2\/comments?post=98373"}],"version-history":[{"count":0,"href":"https:\/\/linitiative.ca\/International\/wp-json\/wp\/v2\/posts\/98373\/revisions"}],"wp:featuredmedia":[{"embeddable":true,"href":"https:\/\/linitiative.ca\/International\/wp-json\/"}],"wp:attachment":[{"href":"https:\/\/linitiative.ca\/International\/wp-json\/wp\/v2\/media?parent=98373"}],"wp:term":[{"taxonomy":"category","embeddable":true,"href":"https:\/\/linitiative.ca\/International\/wp-json\/wp\/v2\/categories?post=98373"},{"taxonomy":"post_tag","embeddable":true,"href":"https:\/\/linitiative.ca\/International\/wp-json\/wp\/v2\/tags?post=98373"}],"curies":[{"name":"wp","href":"https:\/\/api.w.org\/{rel}","templated":true}]}}