{"id":98376,"date":"2020-09-09T06:00:00","date_gmt":"2020-09-09T10:00:00","guid":{"rendered":"https:\/\/linitiative.ca\/International\/reforme-des-examens\/"},"modified":"2020-09-09T06:00:00","modified_gmt":"2020-09-09T10:00:00","slug":"reforme-des-examens","status":"publish","type":"post","link":"https:\/\/linitiative.ca\/International\/reforme-des-examens\/","title":{"rendered":"R\u00e9forme des examens"},"content":{"rendered":"<p>Avec un taux d\u2019absent\u00e9istes tr\u00e8s important durant cet examen de fin de cycle moyen (BEM), cela vient confirmer, encore une fois, que cet examen n\u2019a plus de raison d\u2019\u00eatre au sens p\u00e9dagogique du terme. Il en est de m\u00eame pour celui de la 5e ann\u00e9e primaire. Pourquoi le projet cher \u00e0 l\u2019ex-ministre de l\u2019\u00c9ducation Benghabrit qui devait se pencher sur la r\u00e9forme des examens a \u00e9t\u00e9 enterr\u00e9 ?<\/p>\n<p>Auteur:<br \/>\n<a href=\"https:\/\/www.lesoirdalgerie.com\/periscoop\/reforme-des-examens-47885\">Cliquez ici pour lire l&rsquo;article depuis sa source.<\/a><\/p>\n","protected":false},"excerpt":{"rendered":"<p>Avec un taux d\u2019absent\u00e9istes tr\u00e8s important durant cet examen de fin de cycle moyen (BEM), cela vient confirmer, encore une fois, que cet examen n\u2019a plus de raison d\u2019\u00eatre au sens p\u00e9dagogique du terme. Il en est de m\u00eame pour celui de la 5e ann\u00e9e primaire. Pourquoi le projet cher \u00e0 l\u2019ex-ministre de l\u2019\u00c9ducation Benghabrit [&hellip;]<\/p>\n","protected":false},"author":1741,"featured_media":0,"comment_status":"closed","ping_status":"closed","sticky":false,"template":"","format":"standard","meta":{"fifu_image_url":"","fifu_image_alt":"","footnotes":""},"categories":[73,53],"tags":[],"class_list":["post-98376","post","type-post","status-publish","format-standard","hentry","category-actualite","category-algerie"],"_links":{"self":[{"href":"https:\/\/linitiative.ca\/International\/wp-json\/wp\/v2\/posts\/98376","targetHints":{"allow":["GET"]}}],"collection":[{"href":"https:\/\/linitiative.ca\/International\/wp-json\/wp\/v2\/posts"}],"about":[{"href":"https:\/\/linitiative.ca\/International\/wp-json\/wp\/v2\/types\/post"}],"author":[{"embeddable":true,"href":"https:\/\/linitiative.ca\/International\/wp-json\/wp\/v2\/users\/1741"}],"replies":[{"embeddable":true,"href":"https:\/\/linitiative.ca\/International\/wp-json\/wp\/v2\/comments?post=98376"}],"version-history":[{"count":0,"href":"https:\/\/linitiative.ca\/International\/wp-json\/wp\/v2\/posts\/98376\/revisions"}],"wp:attachment":[{"href":"https:\/\/linitiative.ca\/International\/wp-json\/wp\/v2\/media?parent=98376"}],"wp:term":[{"taxonomy":"category","embeddable":true,"href":"https:\/\/linitiative.ca\/International\/wp-json\/wp\/v2\/categories?post=98376"},{"taxonomy":"post_tag","embeddable":true,"href":"https:\/\/linitiative.ca\/International\/wp-json\/wp\/v2\/tags?post=98376"}],"curies":[{"name":"wp","href":"https:\/\/api.w.org\/{rel}","templated":true}]}}