{"id":98378,"date":"2020-09-09T06:00:00","date_gmt":"2020-09-09T10:00:00","guid":{"rendered":"https:\/\/linitiative.ca\/International\/la-pluie-aux-arrets\/"},"modified":"2020-09-09T06:00:00","modified_gmt":"2020-09-09T10:00:00","slug":"la-pluie-aux-arrets","status":"publish","type":"post","link":"https:\/\/linitiative.ca\/International\/la-pluie-aux-arrets\/","title":{"rendered":"La pluie, aux arr\u00eats !"},"content":{"rendered":"<p class=\"c4\">Djerad a \u00e9t\u00e9 tr\u00e8s clair : \u00abLa date de la rentr\u00e9e scolaire n\u2019a pas encore \u00e9t\u00e9 fix\u00e9e officiellement.\u00bb Il a raison ! On a le temps ! Jusqu\u2019au\u2026<\/p>\n<p class=\"c4\"><strong>\u2026 30 juin 2021 !\u00a0<\/strong><\/p>\n<p class=\"c4\">Des averses. Un peu de vent. Quelques millim\u00e8tres de pluie et hop ! Le pays est inond\u00e9, sinistr\u00e9 par endroits. Il faut r\u00e9agir ! Et r\u00e9agir de mani\u00e8re ferme, comme\u00a0 d\u2019habitude, n\u2019est-ce pas ? La pluie,\u00a0 aux arr\u00eats ! Oui ! Embarquons la pluie, cette pluie Khabardjia, dans un joli fourgon blanc et mettons-l\u00e0 en cellule. Et si \u00e7a ne suffit pas \u00e0 faire baisser le niveau des eaux et \u00e0 ass\u00e9cher les maisons envahies par les torrents, proc\u00e9dons alors \u00e0 l\u2019arrestation imm\u00e9diate des torrents et des oueds r\u00e9unis. Oui ! Ils sont coupables de gonfler d\u00e9mesur\u00e9ment sous l\u2019effet des averses et de d\u00e9border. Et ici, nous sommes connus pour ne pas tol\u00e9rer les d\u00e9bordements ! L\u2019arrestation de la pluie et de ses complices de la I\u00e7aba, les torrents et les oueds, n\u2019a pas suffi \u00e0 calmer les \u00e9l\u00e9ments en furie ? Pla\u00e7ons alors sous mandat de d\u00e9p\u00f4t les \u00ab\u00c9l\u00e9ments\u00bb. Nous verrons ensuite ce que nous ferons avec \u00abFurie\u00bb. Peut-\u00eatre une mise en examen. Ou alors, une ISTN, une Interdiction de Sortie du Territoire National. Ou bien encore\u2026 qu\u2019est-ce que j\u2019en sais moi ? Il y a mille et un moyens de d\u00e9jouer les complots urbi et ourdis contre nous ! Mais au final, il faudra attaquer la t\u00eate ! Celle qui commandite tout \u00e7a. Car vous pensez bien que la pluie, seule, ne pouvait pas accomplir cette sordide t\u00e2che. Les torrents et les oueds r\u00e9unis, non plus. Pas plus que les \u00c9l\u00e9ments. Encore moins cette veille garce de Furie. Non ! La t\u00eate est connue. C\u2019est le COUVERCLE ! La grille de retenue des d\u00e9chets au sommet des avaloirs. Elle est en fonte ! Et mis \u00e0 part les niais ou ceux qui font semblant de ne pas comprendre les enjeux strat\u00e9giques au centre desquels notre pays se trouve et les tentatives de d\u00e9stabilisation qui nous visent, tous les autres, les patriotes, les vrais, savent que la Fonte est notre ennemi. Sus \u00e0 la Fonte et aux Grilles des avaloirs ! Le complot ne passera pas par nos r\u00e9seaux d\u2019assainissement ! M\u00eame en fumant du th\u00e9 pour rester \u00e9veill\u00e9 \u00e0 ce cauchemar qui continue.<br \/><em><strong>H. L.<\/strong><\/em><\/p>\n<p>Auteur:<br \/>\n<a href=\"https:\/\/www.lesoirdalgerie.com\/pousse-avec-eux\/la-pluie-aux-arrets-47883\">Cliquez ici pour lire l&rsquo;article depuis sa source.<\/a><\/p>\n","protected":false},"excerpt":{"rendered":"<p>Djerad a \u00e9t\u00e9 tr\u00e8s clair : \u00abLa date de la rentr\u00e9e scolaire n\u2019a pas encore \u00e9t\u00e9 fix\u00e9e officiellement.\u00bb Il a raison ! On a le temps ! Jusqu\u2019au\u2026 \u2026 30 juin 2021 !\u00a0 Des averses. Un peu de vent. Quelques millim\u00e8tres de pluie et hop ! Le pays est inond\u00e9, sinistr\u00e9 par endroits. Il faut [&hellip;]<\/p>\n","protected":false},"author":1741,"featured_media":0,"comment_status":"closed","ping_status":"closed","sticky":false,"template":"","format":"standard","meta":{"fifu_image_url":"","fifu_image_alt":"","footnotes":""},"categories":[73,53],"tags":[],"class_list":["post-98378","post","type-post","status-publish","format-standard","hentry","category-actualite","category-algerie"],"_links":{"self":[{"href":"https:\/\/linitiative.ca\/International\/wp-json\/wp\/v2\/posts\/98378","targetHints":{"allow":["GET"]}}],"collection":[{"href":"https:\/\/linitiative.ca\/International\/wp-json\/wp\/v2\/posts"}],"about":[{"href":"https:\/\/linitiative.ca\/International\/wp-json\/wp\/v2\/types\/post"}],"author":[{"embeddable":true,"href":"https:\/\/linitiative.ca\/International\/wp-json\/wp\/v2\/users\/1741"}],"replies":[{"embeddable":true,"href":"https:\/\/linitiative.ca\/International\/wp-json\/wp\/v2\/comments?post=98378"}],"version-history":[{"count":0,"href":"https:\/\/linitiative.ca\/International\/wp-json\/wp\/v2\/posts\/98378\/revisions"}],"wp:attachment":[{"href":"https:\/\/linitiative.ca\/International\/wp-json\/wp\/v2\/media?parent=98378"}],"wp:term":[{"taxonomy":"category","embeddable":true,"href":"https:\/\/linitiative.ca\/International\/wp-json\/wp\/v2\/categories?post=98378"},{"taxonomy":"post_tag","embeddable":true,"href":"https:\/\/linitiative.ca\/International\/wp-json\/wp\/v2\/tags?post=98378"}],"curies":[{"name":"wp","href":"https:\/\/api.w.org\/{rel}","templated":true}]}}