{"id":98379,"date":"2020-09-09T06:00:00","date_gmt":"2020-09-09T10:00:00","guid":{"rendered":"https:\/\/linitiative.ca\/International\/un-peu-de-bon-sens\/"},"modified":"2020-09-09T06:00:00","modified_gmt":"2020-09-09T10:00:00","slug":"un-peu-de-bon-sens","status":"publish","type":"post","link":"https:\/\/linitiative.ca\/International\/un-peu-de-bon-sens\/","title":{"rendered":"Un peu de bon sens"},"content":{"rendered":"<p class=\"c5\"><strong><span class=\"c4\">A<\/span><\/strong>ujourd&rsquo;hui, je dois encore faire l&rsquo;inventaire de mes frayeurs, de mes peurs et de mes attentes. Juste pour \u00eatre dans le bon tempo avec moi-m\u00eame. Et \u00eatre dans le sillon de la soci\u00e9t\u00e9. Car je me sens d\u00e9barqu\u00e9 par la r\u00e9alit\u00e9 des choses. J&rsquo;ai une envie folle de moi mettre au milieu de la chauss\u00e9e et de crier, \u00e0 l&rsquo;oreille la plus sourde, mes attentes du changement. Ce changement qu&rsquo;on nous annonce depuis toujours, que je ne vois pas. Ce changement qui prend le discours de la d\u00e9mesure depuis que le pouvoir est devenu un tremplin vers la richesse.\u00a0<br \/>Un r\u00e9f\u00e9rendum pointe le bout de son nez. C&rsquo;est pour tr\u00e8s bient\u00f4t! La date est fix\u00e9e, le 1er novembre. Cette date, vous le comprendrez lentement, n&rsquo;est pas fortuite. C&rsquo;est une date historique. Une date charg\u00e9e de symboles. Une date qui a sign\u00e9 la fin de la nuit coloniale. Pourquoi donc voter un 1er novembre? Un vote novembriste? Le \u00abnovembrisme\u00bb est un concept sorti r\u00e9cemment. Dommage qu&rsquo;on lui a coll\u00e9 la \u00abbadissya\u00bb. Novembre se suffit \u00e0 lui-m\u00eame.\u00a0<br \/>Personnellement, novembre me revient \u00e0 une journ\u00e9e des ann\u00e9es 1963, si ma m\u00e9moire est bonne. Dans la grande for\u00eat de Mizrana (Tigzirt), on est all\u00e9 exhumer les ossements d&rsquo;un martyr. Avec le recul, je me dis qu&rsquo;on aurait d\u00fb le laisser sur le lieu o\u00f9 il est tomb\u00e9 pour l&rsquo;ind\u00e9pendance de son pays. Il fallait exhumer ses restes. Il faut qu&rsquo;il repose au cimeti\u00e8re de ses anc\u00eatres. Dans sa poitrine, ou ce qu&rsquo;il en restait, une poign\u00e9e de balles montrait, si besoin est, la cause de son martyre. Amar n&rsquo;Tizi-Ouzou \u00e9tait son nom de guerre, il n&rsquo;avait que 23 ans. Voil\u00e0 que maintenant, il se trouve que des si\u00e8ges \u00e0 l&rsquo;APN se vendent \u00e0 coups de milliards. Le sacrifice ultime de ce chahid vaut-il sept milliards? Combien vaut le sacrifice de tous les martyrs de la guerre de Lib\u00e9ration? Qui peut me r\u00e9pondre? Un d\u00e9put\u00e9? Un patron de parti politique? Un ministre? Ou un wali? Ou un simple cha\u00e2bi? Ceux qui pensent qu&rsquo;il faut \u00abfermer\u00bb l&rsquo;APN sur un simple t\u00e9moignage du fils d&rsquo;un ponte du s\u00e9rail ont parfaitement raison. Le bon sens devrait jouer ici. Le pr\u00e9sident de la R\u00e9publique doit \u00eatre sensible \u00e0 cette situation. Cette APN va discuter de la prochaine Constitution, allons donc! Un peu de bon sens, voyons! C&rsquo;est tout ce qui doit pr\u00e9valoir; on doit revenir au bon sens paysan, bien madr\u00e9 de chez nous. Les politiques ont failli. Et les d\u00e9put\u00e9s ne sont plus en odeur de saintet\u00e9.<br \/>Si des si\u00e8ges ont \u00e9t\u00e9 effectivement vendus, il faut qu&rsquo;ils reviennent au peuple. C&rsquo;est une op\u00e9ration de r\u00e9cup\u00e9ration des biens du peuple qu&rsquo;il faut mener avec une main de fer. Ce ne serait pas une mauvaise d\u00e9cision de demander le remboursement des sous touch\u00e9s ind\u00fbment. La tajema\u00e2t d&rsquo;antan aurait pench\u00e9 pour cette solution, pour le bien commun. Il faut que l&rsquo;Alg\u00e9rien sente qu&rsquo;il y a un changement vers une nouvelle r\u00e9publique. On n&rsquo;y est pas encore. On en est encore loin. Car la Constitution ne peut \u00e0 elle seule apporter le changement attendu. Chaque Pr\u00e9sident a sa Constitution. Pourquoi pas celle-l\u00e0? Il faut un v\u00e9ritable coup de botte dans la fourmili\u00e8re. Une bonne fois pour toutes!<br \/>\u00abLe corona, une grippe qui tue.\u00bb Ce n&rsquo;est pas Raoult, le Marseillais, qui a fait cette d\u00e9claration. Non, c&rsquo;est un Alg\u00e9rien. Un sp\u00e9cialiste qui plus est. C&rsquo;est une d\u00e9claration priv\u00e9e. J&rsquo;ai \u00e9t\u00e9 effar\u00e9 d&rsquo;entendre la position pareille. Une grippe qui tue: ihi, on arr\u00eate toutes les mesures de pr\u00e9caution; sur sort la bouche ouverte et les narines b\u00e9antes, humant \u00e0 tout vent le virus. Puis, on ira chez ce sp\u00e9cialiste qui constate notre d\u00e9c\u00e8s. Je comprends que ce m\u00e9decin soit fatigu\u00e9, je le comprends parfaitement; mais il n&rsquo;a pas le droit, m\u00eame \u00e0 titre priv\u00e9, de tenir ce genre de propos. Sauf s&rsquo;il s&rsquo;agit d&rsquo;un complot mondial!\u00a0<br \/>Justement, l&rsquo;automne tape \u00e0 nos fen\u00eatres. Voil\u00e0 la grippe saisonni\u00e8re qui ne va pas tarder \u00e0 montrer le bout de son nez. Le corona est toujours l\u00e0, plus m\u00e9chant que jamais, il tue toujours. Les autorit\u00e9s de sant\u00e9 ont-elles achet\u00e9 le vaccin anti-grippal. Parce que l&rsquo;un dans l&rsquo;autre, corona et grippe, il y aura un bouchon terrible dans nos h\u00f4pitaux. L\u00e0, on pourra dire que \u00able corona (est) une grippe qui tue\u00bb. Comme la grippe tue \u00e9galement, il nous faut agrandir nos cimeti\u00e8res. Puis, je ne comprends pas comment le vaccin anti-grippal ne soit pas d\u00e9j\u00e0 dans nos officines. Au fait, sur n&rsquo;entend plus notre ministre de la Sant\u00e9.\u00a0<br \/>Mon inventaire n&rsquo;est pas reluisant, il est \u00e0 l&rsquo;image de celui du pays. Et pour celui qui souhaiterait noyer son chagrin, il n&rsquo;y a pas une goutte d&rsquo;alcool alentour. Voil\u00e0 une d\u00e9cision que je n&rsquo;arrive pas \u00e0 m&rsquo;expliquer. Des commer\u00e7ants fermentent la route du c\u00f4t\u00e9 de Beja\u00efa. Ceux-ci veulent rouvrir leurs d\u00e9bits de boissons alcoolis\u00e9es. C&rsquo;est leur droit. \u00c0 moins que les pouvoirs publics prennent la d\u00e9cision d&rsquo;interdire l&rsquo;alcool sur tout le territoire national. Ou, ce n&rsquo;est pas le cas! Les adeptes de Bacchus existent chez nous. Laissez-les \u00e0 leur croyance! S&rsquo;ils veulent s&rsquo;imbiber la glotte, pourquoi les en emp\u00eacher? \u00c7a ne fera que renforcer la contrebande d&rsquo;alcool. La prohibition en Am\u00e9rique a engendr\u00e9 Al Capone, et autres. Il y a bien du cannabis qui se vend ici et l\u00e0. Alors?\u00a0<br \/>L&rsquo;ann\u00e9e 2020 est l&rsquo;ann\u00e9e de toutes les morts. La derni\u00e8re fois mon portable a vibr\u00e9. Je jette un coup d&rsquo;\u0153il. On m&rsquo;annonce le d\u00e9c\u00e8s de concitoyens de Tizi. Des gens du quartier. Des gens que je rencontre tr\u00e8s souvent. Des gens de ma g\u00e9n\u00e9ration. C&rsquo;est l\u00e0 o\u00f9 mon inventaire fait des siennes. Mon solde est n\u00e9gatif. Je n&rsquo;y peux rien, c&rsquo;est la volont\u00e9 du ciel. Avec ces mauvaises nouvelles, Tizi est horrible, laide et repoussante. Il y a un vide immense. Le temps fera son travail. On s&rsquo;y fera. Alors, Azouaou Kebbous, Youcef Kellas, Omar Madiou, Rachid Zeghdoud, et tous les autres, manquent au ciel de Tizi. Ils nous manquent. Chacun dans son r\u00f4le a marqu\u00e9 son passage dans cette vie. Je ne pleure pas. Juste que hier, ils \u00e9taient pr\u00e9sents avec nous. Perso, je ne dis jamais adieu. Un au-revoir, peut-\u00eatre! La mort tapine, elle fait son sale boulot,\u00a0<br \/>Je laisse Djamel Amrani, ce rapsode, clore cet inventaire: \u00abJ&rsquo;\u00e9cris parce que ma voix est s\u00e8che \/ Ma langue am\u00e8re \/ J&rsquo;\u00e9cris dans le froissement du jour \/ Avec des \u00e9pines d&rsquo;acacia au c\u0153ur \/ J&rsquo;\u00e9cris la bouche mordue par la mort. \u00bb<br \/><em><strong>YM<\/strong><\/em><\/p>\n<p>Auteur:<br \/>\n<a href=\"https:\/\/www.lesoirdalgerie.com\/tendances\/un-peu-de-bon-sens-47882\">Cliquez ici pour lire l&rsquo;article depuis sa source.<\/a><\/p>\n","protected":false},"excerpt":{"rendered":"<p>Aujourd&rsquo;hui, je dois encore faire l&rsquo;inventaire de mes frayeurs, de mes peurs et de mes attentes. Juste pour \u00eatre dans le bon tempo avec moi-m\u00eame. Et \u00eatre dans le sillon de la soci\u00e9t\u00e9. Car je me sens d\u00e9barqu\u00e9 par la r\u00e9alit\u00e9 des choses. J&rsquo;ai une envie folle de moi mettre au milieu de la chauss\u00e9e [&hellip;]<\/p>\n","protected":false},"author":1741,"featured_media":0,"comment_status":"closed","ping_status":"closed","sticky":false,"template":"","format":"standard","meta":{"fifu_image_url":"","fifu_image_alt":"","footnotes":""},"categories":[73,53],"tags":[],"class_list":["post-98379","post","type-post","status-publish","format-standard","hentry","category-actualite","category-algerie"],"_links":{"self":[{"href":"https:\/\/linitiative.ca\/International\/wp-json\/wp\/v2\/posts\/98379","targetHints":{"allow":["GET"]}}],"collection":[{"href":"https:\/\/linitiative.ca\/International\/wp-json\/wp\/v2\/posts"}],"about":[{"href":"https:\/\/linitiative.ca\/International\/wp-json\/wp\/v2\/types\/post"}],"author":[{"embeddable":true,"href":"https:\/\/linitiative.ca\/International\/wp-json\/wp\/v2\/users\/1741"}],"replies":[{"embeddable":true,"href":"https:\/\/linitiative.ca\/International\/wp-json\/wp\/v2\/comments?post=98379"}],"version-history":[{"count":0,"href":"https:\/\/linitiative.ca\/International\/wp-json\/wp\/v2\/posts\/98379\/revisions"}],"wp:attachment":[{"href":"https:\/\/linitiative.ca\/International\/wp-json\/wp\/v2\/media?parent=98379"}],"wp:term":[{"taxonomy":"category","embeddable":true,"href":"https:\/\/linitiative.ca\/International\/wp-json\/wp\/v2\/categories?post=98379"},{"taxonomy":"post_tag","embeddable":true,"href":"https:\/\/linitiative.ca\/International\/wp-json\/wp\/v2\/tags?post=98379"}],"curies":[{"name":"wp","href":"https:\/\/api.w.org\/{rel}","templated":true}]}}