{"id":98380,"date":"2020-09-09T14:12:59","date_gmt":"2020-09-09T18:12:59","guid":{"rendered":"https:\/\/linitiative.ca\/International\/conseil-de-gouvernement-de-nouvelles-mesures-exceptionnelles\/"},"modified":"2020-09-09T14:12:59","modified_gmt":"2020-09-09T18:12:59","slug":"conseil-de-gouvernement-de-nouvelles-mesures-exceptionnelles","status":"publish","type":"post","link":"https:\/\/linitiative.ca\/International\/conseil-de-gouvernement-de-nouvelles-mesures-exceptionnelles\/","title":{"rendered":"Conseil de gouvernement: de nouvelles mesures exceptionnelles"},"content":{"rendered":"<p><strong>Le Conseil du gouvernement, r\u00e9uni le 9 septembre \u00e0 Rabat, a approuv\u00e9 le projet de d\u00e9cret-loi n\u00b0 2.20.605 portant promulgation de mesures exceptionnelles au profit de certains employeurs adh\u00e9rents \u00e0 la Caisse nationale de la s\u00e9curit\u00e9 sociale (CNSS), et de leurs employ\u00e9s d\u00e9clar\u00e9s assur\u00e9s aupr\u00e8s de la caisse, touch\u00e9s par les r\u00e9percussions de l\u2019\u00e9pid\u00e9mie du Covid-19.<br \/><\/strong><br \/>Dans le d\u00e9tail, il s\u2019agit d\u2019un projet de d\u00e9cret-loi qui a \u00e9t\u00e9 \u00e9labor\u00e9 dans le cadre de la poursuite des efforts du gouvernement pour l\u2019accompagnement de certains secteurs ou entreprises affect\u00e9s par les cons\u00e9quences de la pand\u00e9mie du nouveau coronavirus et la pr\u00e9servation des emplois. Selon le ministre de l\u2019\u00c9ducation nationale, de la Formation professionnelle, de l\u2019Enseignement sup\u00e9rieur et de la Recherche scientifique, porte-parole du gouvernement, Saaid Amzazi, ce projet, pr\u00e9sent\u00e9 par le ministre du Travail et de l\u2019Insertion professionnelle, vise \u00e0 verser des indemnit\u00e9s, pendant une p\u00e9riode pr\u00e9cis\u00e9e par un texte r\u00e8glementaire, au profit des salari\u00e9s et stagiaires en formation \u00e0 l\u2019insertion, d\u00e9clar\u00e9s en f\u00e9vrier 2020 aupr\u00e8s de la CNSS par les employeurs. Ces derniers doivent exercer leurs activit\u00e9s dans l\u2019un des secteurs ou sous-secteurs sp\u00e9cifi\u00e9s par un texte r\u00e9glementaire et qui se trouvent dans une situation difficile en raison de l\u2019impact de la pand\u00e9mie sur leurs activit\u00e9s.<\/p>\n<p>On apprend qu\u2019il s\u2019agit \u00e9galement des travailleurs ind\u00e9pendants et non salari\u00e9s assur\u00e9s aupr\u00e8s de cette caisse, conform\u00e9ment \u00e0 la loi n\u00b0 98.15 relative au r\u00e9gime de l\u2019assurance maladie obligatoire (AMO) et de la loi n\u00b0 99.15 portant cr\u00e9ation d\u2019un r\u00e9gime de pensions pour les cat\u00e9gories des professionnels, des travailleurs ind\u00e9pendants et des personnes non salari\u00e9es exer\u00e7ant une activit\u00e9 lib\u00e9rale, dont l\u2019activit\u00e9 a \u00e9t\u00e9 affect\u00e9e par les mesures prises dans le cadre de la lutte contre la pand\u00e9mie.<\/p>\n<p><strong>Lire aussi|<\/strong> <a href=\"https:\/\/www.challenge.ma\/report-de-laccord-commercial-ue-mercosur-une-aubaine-pour-les-agriculteurs-marocains-155887\/\"><strong>Report de l\u2019accord commercial UE-Mercosur : une aubaine pour les agriculteurs marocains<\/strong><\/a><\/p>\n<div class=\"c10\"\/>\n<p>\u00ab\u00a0Ce projet de d\u00e9cret inclut \u00e9galement des mesures exceptionnelles qui pr\u00e9voient notamment de reporter les \u00e9ch\u00e9ances de cotisation dues \u00e0 la Caisse nationale de s\u00e9curit\u00e9 sociale par les op\u00e9rateurs concern\u00e9s par la redevance pour la p\u00e9riode pr\u00e9cit\u00e9e, le non-calcul des indemnit\u00e9s et aides familiales, qui sont accord\u00e9es aux salari\u00e9s et stagiaires en formation pour insertion, dans l\u2019assiette des charges des cotisations de la Caisse nationale de s\u00e9curit\u00e9 sociale si le total de ces indemnit\u00e9s et aides ainsi que la compensation qui seront vers\u00e9es lors de la p\u00e9riode susmentionn\u00e9e exc\u00e8dent 50% du salaire net moyen, apr\u00e8s d\u00e9duction des imp\u00f4ts, per\u00e7u pour les mois de janvier et f\u00e9vrier 2020\u00a0\u00bb a fait savoir le ministre.<\/p>\n<p><strong>Lire aussi|<\/strong> <a href=\"https:\/\/www.challenge.ma\/impulse-16-startupeurs-primes-155856\/\"><strong>Programme Impulse de l\u2019UM6P : 16 Startuppers prim\u00e9s<\/strong><\/a><\/p>\n<p>Notons que le projet de loi pr\u00e9voit \u00e9galement d\u2019obliger l\u2019employeur, ainsi que le travailleur ind\u00e9pendant et le non salari\u00e9 \u00e0 restituer \u00e0 la Caisse nationale de s\u00e9curit\u00e9 sociale toute indemnit\u00e9 ou montant d\u00e9bours\u00e9 sur la base d\u2019une fausse d\u00e9claration de leur part, sous peine d\u2019application des sanctions pr\u00e9vues par la l\u00e9gislation en vigueur. De m\u00eame, il renvoie \u00e0 un texte r\u00e9glementaire d\u00e9finissant les cat\u00e9gories d\u2019employeurs, de travailleurs ind\u00e9pendants et de non salari\u00e9s concern\u00e9s, ainsi que les crit\u00e8res, conditions et modalit\u00e9s pour b\u00e9n\u00e9ficier de l\u2019indemnit\u00e9 susmentionn\u00e9e.<\/p>\n<p>Auteur: challenge<br \/>\n<a href=\"https:\/\/www.challenge.ma\/conseil-de-gouvernement-de-nouvelles-mesures-exceptionnelles-au-profit-de-certains-employeurs-et-employes-adherents-a-la-cnss-155988\/\">Cliquez ici pour lire l&rsquo;article depuis sa source.<\/a><\/p>\n","protected":false},"excerpt":{"rendered":"<p>Le Conseil du gouvernement, r\u00e9uni le 9 septembre \u00e0 Rabat, a approuv\u00e9 le projet de d\u00e9cret-loi n\u00b0 2.20.605 portant promulgation de mesures exceptionnelles au profit de certains employeurs adh\u00e9rents \u00e0 la Caisse nationale de la s\u00e9curit\u00e9 sociale (CNSS), et de leurs employ\u00e9s d\u00e9clar\u00e9s assur\u00e9s aupr\u00e8s de la caisse, touch\u00e9s par les r\u00e9percussions de l\u2019\u00e9pid\u00e9mie du [&hellip;]<\/p>\n","protected":false},"author":1787,"featured_media":0,"comment_status":"closed","ping_status":"closed","sticky":false,"template":"","format":"standard","meta":{"fifu_image_url":"","fifu_image_alt":"","footnotes":""},"categories":[78,54],"tags":[],"class_list":["post-98380","post","type-post","status-publish","format-standard","hentry","category-economie","category-maroc"],"_links":{"self":[{"href":"https:\/\/linitiative.ca\/International\/wp-json\/wp\/v2\/posts\/98380","targetHints":{"allow":["GET"]}}],"collection":[{"href":"https:\/\/linitiative.ca\/International\/wp-json\/wp\/v2\/posts"}],"about":[{"href":"https:\/\/linitiative.ca\/International\/wp-json\/wp\/v2\/types\/post"}],"author":[{"embeddable":true,"href":"https:\/\/linitiative.ca\/International\/wp-json\/wp\/v2\/users\/1787"}],"replies":[{"embeddable":true,"href":"https:\/\/linitiative.ca\/International\/wp-json\/wp\/v2\/comments?post=98380"}],"version-history":[{"count":0,"href":"https:\/\/linitiative.ca\/International\/wp-json\/wp\/v2\/posts\/98380\/revisions"}],"wp:attachment":[{"href":"https:\/\/linitiative.ca\/International\/wp-json\/wp\/v2\/media?parent=98380"}],"wp:term":[{"taxonomy":"category","embeddable":true,"href":"https:\/\/linitiative.ca\/International\/wp-json\/wp\/v2\/categories?post=98380"},{"taxonomy":"post_tag","embeddable":true,"href":"https:\/\/linitiative.ca\/International\/wp-json\/wp\/v2\/tags?post=98380"}],"curies":[{"name":"wp","href":"https:\/\/api.w.org\/{rel}","templated":true}]}}