{"id":98381,"date":"2020-09-09T15:43:10","date_gmt":"2020-09-09T19:43:10","guid":{"rendered":"https:\/\/linitiative.ca\/International\/le-groupe-menara-renforce-son-activite-de-distribution\/"},"modified":"2020-09-09T15:43:10","modified_gmt":"2020-09-09T19:43:10","slug":"le-groupe-menara-renforce-son-activite-de-distribution","status":"publish","type":"post","link":"https:\/\/linitiative.ca\/International\/le-groupe-menara-renforce-son-activite-de-distribution\/","title":{"rendered":"Le groupe M\u00e9nara renforce son activit\u00e9 de distribution"},"content":{"rendered":"<p>Le groupe familial M\u00e9nara poursuit ses investissements. En effet, apr\u00e8s avoir consolid\u00e9, il y a quelques mois, son p\u00f4le de BTP \u00e0 travers la cr\u00e9ation d\u2019une nouvelle filiale d\u00e9di\u00e9e dans la production de blocs pr\u00e9fabriqu\u00e9s \u00e0 base de pierre ponce (une pierre volcanique reconnue pour ses vertus isolantes, son extr\u00eame l\u00e9g\u00e8ret\u00e9 et sa r\u00e9sistance), le groupe fond\u00e9 par Feu Abderrahmane Zahid, une figure de proue du monde des affaires \u00e0 Marrakech o\u00f9 le groupe est install\u00e9 depuis les ann\u00e9es 1970, se tourne vers son p\u00f4le de distribution et en l\u2019occurrence M\u00e9nara Fashion, une filiale cr\u00e9\u00e9e en 2007. Aussi, M\u00e9nara Holding, la structure de t\u00eate du groupe M\u00e9nara vient-elle d\u2019injecter quelques 7,2 millions de dirhams dans cette entit\u00e9 connue pour op\u00e9rer une activit\u00e9 de franchise de pr\u00eat-\u00e0-porter \u00e0 Marrakech, en l\u2019occurrence celle de la marque am\u00e9ricaine de v\u00eatement pour homme Mc Gregor. Un choix qui s\u2019explique par la passion de la famille Zahid pour les courses automobiles (d\u2019ailleurs, c\u2019est \u00e0 Feu Abderrahmane Zahid que l\u2019on doit la tenue et l\u2019organisation de la seule \u00e9tape africaine de la WTCC FIA \u00e0 Marrakech), alors que la marque fond\u00e9e \u00e0 New York en janvier 1921 est le partenaire officiel de l\u2019\u00e9curie ATT Williams F1 et habille, depuis 2011, les \u00e9quipes et les responsables du Grand Prix de Monaco et du rallye de Monte Carlo.<\/p>\n<div class=\"c10\"\/>\n<p><strong>Lire aussi |<a href=\"https:\/\/www.challenge.ma\/report-de-laccord-commercial-ue-mercosur-une-aubaine-pour-les-agriculteurs-marocains-155887\/\">Report de l\u2019accord commercial UE-Mercosur : une aubaine pour les agriculteurs marocains<\/a><\/strong><\/p>\n<p>Selon des sources proches de la maison m\u00e8re, M\u00e9nara Fashion envisage d\u2019\u00e9tendre son activit\u00e9 et d\u2019\u00e9toffer son portefeuille de marques commercialis\u00e9es au Maroc. Ce projet fait partie du programme d\u2019investissement ambitieux d\u00e9voil\u00e9 en 2019 par le management du groupe Menara et qui totalise 1 milliard de DH \u00e0 horizon 2024.<\/p>\n<p><strong>Lire aussi | <a href=\"https:\/\/www.challenge.ma\/plf-2021-les-attentes-de-la-cgem-155929\/\">PLF 2021 : les attentes de la CGEM<\/a><\/strong><\/p>\n<p>Rappelons que le groupe M\u00e9nara revendique un chiffre d\u2019affaires consolid\u00e9 de pr\u00e8s de 1,5 milliard de DH dont plus de la moiti\u00e9 r\u00e9alis\u00e9e par M\u00e9nara Pr\u00e9fa, leader marocain incontest\u00e9 des mat\u00e9riaux pr\u00e9fabriqu\u00e9s avec plus de 50 % de parts de march\u00e9 au Maroc. En 2019, le groupe qui envisage de s\u2019introduire en bourse l\u2019ann\u00e9e prochaine, a m\u00eame entam\u00e9 son internationalisation \u00e0 travers la cr\u00e9ation de deux filiales en C\u00f4te d\u2019Ivoire, avec pour ambition de construire d\u00e8s 2020 une usine de mat\u00e9riaux de construction, pour une enveloppe d\u2019investissement de plus de 300 millions de DH.<\/p>\n<p>Auteur: challenge<br \/>\n<a href=\"https:\/\/www.challenge.ma\/le-groupe-menara-renforce-son-activite-de-distribution-155326\/\">Cliquez ici pour lire l&rsquo;article depuis sa source.<\/a><\/p>\n","protected":false},"excerpt":{"rendered":"<p>Le groupe familial M\u00e9nara poursuit ses investissements. En effet, apr\u00e8s avoir consolid\u00e9, il y a quelques mois, son p\u00f4le de BTP \u00e0 travers la cr\u00e9ation d\u2019une nouvelle filiale d\u00e9di\u00e9e dans la production de blocs pr\u00e9fabriqu\u00e9s \u00e0 base de pierre ponce (une pierre volcanique reconnue pour ses vertus isolantes, son extr\u00eame l\u00e9g\u00e8ret\u00e9 et sa r\u00e9sistance), le [&hellip;]<\/p>\n","protected":false},"author":1787,"featured_media":0,"comment_status":"closed","ping_status":"closed","sticky":false,"template":"","format":"standard","meta":{"fifu_image_url":"","fifu_image_alt":"","footnotes":""},"categories":[78,54],"tags":[],"class_list":["post-98381","post","type-post","status-publish","format-standard","hentry","category-economie","category-maroc"],"_links":{"self":[{"href":"https:\/\/linitiative.ca\/International\/wp-json\/wp\/v2\/posts\/98381","targetHints":{"allow":["GET"]}}],"collection":[{"href":"https:\/\/linitiative.ca\/International\/wp-json\/wp\/v2\/posts"}],"about":[{"href":"https:\/\/linitiative.ca\/International\/wp-json\/wp\/v2\/types\/post"}],"author":[{"embeddable":true,"href":"https:\/\/linitiative.ca\/International\/wp-json\/wp\/v2\/users\/1787"}],"replies":[{"embeddable":true,"href":"https:\/\/linitiative.ca\/International\/wp-json\/wp\/v2\/comments?post=98381"}],"version-history":[{"count":0,"href":"https:\/\/linitiative.ca\/International\/wp-json\/wp\/v2\/posts\/98381\/revisions"}],"wp:attachment":[{"href":"https:\/\/linitiative.ca\/International\/wp-json\/wp\/v2\/media?parent=98381"}],"wp:term":[{"taxonomy":"category","embeddable":true,"href":"https:\/\/linitiative.ca\/International\/wp-json\/wp\/v2\/categories?post=98381"},{"taxonomy":"post_tag","embeddable":true,"href":"https:\/\/linitiative.ca\/International\/wp-json\/wp\/v2\/tags?post=98381"}],"curies":[{"name":"wp","href":"https:\/\/api.w.org\/{rel}","templated":true}]}}