{"id":98382,"date":"2020-09-09T14:52:43","date_gmt":"2020-09-09T18:52:43","guid":{"rendered":"https:\/\/linitiative.ca\/International\/reaction-de-macron-au-3e-mandat-dado\/"},"modified":"2020-09-09T14:52:43","modified_gmt":"2020-09-09T18:52:43","slug":"reaction-de-macron-au-3e-mandat-dado","status":"publish","type":"post","link":"https:\/\/linitiative.ca\/International\/reaction-de-macron-au-3e-mandat-dado\/","title":{"rendered":"REACTION DE MACRON AU 3e MANDAT D\u2019ADO"},"content":{"rendered":"<div class=\"stream-item stream-item-above-post-content\">\n<p><noscript><\/p>\n<p><a href=\"\/\/www3.smartadserver.com\/ac?jump=1&amp;nwid=2136&amp;siteid=240610&amp;pgname=rg&amp;fmtid=49046&amp;visit=m&amp;tmstp=[timestamp]&amp;out=nonrich\" target=\"_blank\" rel=\"noopener noreferrer\"><img decoding=\"async\" src=\"http:\/\/www3.smartadserver.com\/ac?out=nonrich&amp;nwid=2136&amp;siteid=240610&amp;pgname=rg&amp;fmtid=49046&amp;visit=m&amp;tmstp=[timestamp]\" border=\"0\" alt=\"\"\/><\/a><\/p>\n<p><\/noscript><\/div>\n<p class=\"c3\"><em>De sources m\u00e9diatiques cr\u00e9dibles, il aura su\u00e9 sang et eau pour se voir entrouvrir les portes de l\u2019Elys\u00e9e. Rien de surprenant \u00e0 cela, d\u2019autant que son actuel locataire n\u2019y \u00e9tait pas vraiment favorable. Apr\u00e8s deux reports et quelques atermoiements du pr\u00e9sident fran\u00e7ais, il finit par obtenir gain de cause le 4 septembre dernier, m\u00eame s\u2019il est re\u00e7u avec le strict minimum protocolaire. Pas de tapis rouge, pas d\u2019officiels, aucune d\u00e9claration \u00e0 la sortie, aucun communiqu\u00e9 final.\u00a0 Reste que, pour Alassane Dramane Ouattara (ADO), car c\u2019est de lui qu\u2019il s\u2019agit, le jeu en valait la chandelle\u00a0:\u00a0 recevoir l\u2019approbation de l\u2019Elys\u00e9e dans son projet p\u00e9rilleux de 3<sup>e<\/sup> mandat \u00e0 la t\u00eate de la C\u00f4te d\u2019Ivoire. Et, pour ainsi dire, rallier Emmanuel Macron \u00e0 sa cause. Mais voil\u00e0\u00a0: les choses ne se sont pas pass\u00e9es comme le dirigeant ivoirien l\u2019esp\u00e9rait.\u00a0 Car, Paris ne semble pas du tout favorable \u00e0 ce projet de 3<sup>e<\/sup> mandat et se garde donc de cautionner cette ambition. Avec le tranchant qu\u2019on lui conna\u00eet, Emmanuel Macron qui n\u2019entend pas fl\u00e9chir, r\u00e9it\u00e8re clairement ses positions lors de l\u2019audience avec son pair ivoirien. Et c\u2019est finalement sur un constat de grave d\u00e9saccord voire d\u2019\u00e9chec, que les deux chefs d\u2019Etat se s\u00e9parent. Le fait que l\u2019audience n\u2019ait \u00e9t\u00e9 sanctionn\u00e9e ni par un communiqu\u00e9, ni par une d\u00e9claration finale, encore moins par une photo officielle, en dit long sur le climat qui a pr\u00e9valu lors de ce t\u00eate-\u00e0-t\u00eate. C\u2019est dire si ADO sait d\u00e9sormais qu\u2019il ne devra pas compter sur l\u2019engagement de Paris \u00e0 ses c\u00f4t\u00e9s dans son projet de se relancer dans la course \u00e0 la pr\u00e9sidentielle de fin octobre prochain. On ne pourra pas reprocher au pr\u00e9sident Macron, de rouler pour son homologue ivoirien et mieux, de ne l\u2019avoir pas pr\u00e9venu, par ses conseils, si\u00a0l\u2019aventure venait \u00e0 tourner court.<\/em><\/p>\n<p class=\"c3\"><em>\u00a0<\/em><\/p>\n<p class=\"c4\"><strong><em>Paris semble vouloir s\u2019inscrire dans une logique d\u2019anticipation et de pr\u00e9vention<\/em><\/strong><\/p>\n<p class=\"c3\"><em>\u00a0<\/em><\/p>\n<p class=\"c3\"><em>Contrairement \u00e0 un communiqu\u00e9 publi\u00e9 unilat\u00e9ralement sur la rencontre de Paris, qui voudrait laisser croire aux Ivoiriens, qu\u2019ADO a eu l\u2019aval de la France pour sa candidature, l\u2019op\u00e9ration de charme de ce dernier \u00e0 l\u2019Elys\u00e9e, aura plut\u00f4t \u00e9t\u00e9 un fiasco ! Ce qui, soit dit en passant, n\u2019est pas pour d\u00e9plaire \u00e0 l\u2019opposition ivoirienne qui avait, du reste, appel\u00e9 le pr\u00e9sident fran\u00e7ais \u00e0 clarifier sa position sur cette 3<sup>e<\/sup> candidature contest\u00e9e. En tout cas, sur la base de ce que rapportent ces m\u00e9dias jug\u00e9s globalement cr\u00e9dibles, on peut se f\u00e9liciter de la position du pr\u00e9sident Macron dont on peut comprendre la g\u00eane aujourd\u2019hui, apr\u00e8s le parjure d\u2019ADO qui s\u2019\u00e9tait, on s\u2019en souvient, engag\u00e9 publiquement \u00e0 ne pas briguer un mandat suppl\u00e9mentaire. On peut d\u2019autant plus s\u2019en r\u00e9jouir, que Paris semble vouloir s\u2019inscrire dans une logique d\u2019anticipation et de pr\u00e9vention face au caract\u00e8re conflictog\u00e8ne que pr\u00e9sente cette 3<sup>e<\/sup> candidature.\u00a0 Pas besoin, en effet, de disposer du 3<sup>e<\/sup> \u0153il du sorcier en pays akan, pour percevoir les gros p\u00e9rils qui guettent la C\u00f4te d\u2019Ivoire depuis que le pr\u00e9sident ADO a annonc\u00e9 son intention de se remettre dans la course. Comment pr\u00e9munir la C\u00f4te d\u2019Ivoire contre ces graves dangers\u00a0?\u00a0 Pour lui et pour son pays, ADO gagnerait \u00e0 se pencher s\u00e9rieusement sur l\u2019id\u00e9e que lui aurait sugg\u00e9r\u00e9e Paris, \u00e0 savoir obtenir le report du scrutin, le temps pour lui de se trouver un nouveau poulain. Puisque son renoncement \u00e0 passer la main, avait \u00e9t\u00e9 dict\u00e9 par \u00ab\u00a0un cas de force majeure\u00a0\u00bb, et le temps qui jouait contre lui, il pourrait conditionner le retrait de sa candidature, \u00e0 ce report, le temps pour lui de se trouver un autre candidat.\u00a0 \u00a0Ce qui pourrait \u00eatre un compromis acceptable par l\u2019opposition toujours vent debout contre son projet de 3<sup>e<\/sup> bail. Gbagbo sous le coup de poursuites judiciaires, reste \u00e0 obtenir l\u2019accord de Henri Konan B\u00e9di\u00e9 de s\u2019\u00e9clipser lui aussi en faveur de la jeune g\u00e9n\u00e9ration. Or, on voit mal ce dernier renoncer \u00e0 son r\u00eave de pr\u00e9sider \u00e0 nouveau aux destin\u00e9es de la C\u00f4te d\u2019Ivoire. S\u2019il acceptait de reconsid\u00e9rer les propositions de l\u2019Elys\u00e9e, ADO donnerait la preuve qu\u2019il n\u2019est pas un assoiff\u00e9 du pouvoir. Cet homme est sans doute habit\u00e9 par la crainte de ne pas se laisser flouer par les vieux briscards de la politique ivoirienne,\u00a0qui pour certains d\u2019entre eux, tiennent \u00e0 prendre leur revanche. Peut-\u00eatre lui faut-il des gages.\u00a0 Une chose est s\u00fbre\u00a0: tant qu\u2019il nourrira des craintes pour son propre avenir et celui de sa famille politique, ADO ne s\u2019arr\u00eatera pas dans sa course effr\u00e9n\u00e9e vers ce 3<sup>e<\/sup> mandat qu\u2019une bonne partie des Ivoiriens lui contestent avec hargne et v\u00e9h\u00e9mence.<\/em><\/p>\n<p class=\"c3\"><em>\u00a0<\/em><\/p>\n<p class=\"c4\"><strong><em>CBS<\/em><\/strong><\/p>\n<p class=\"c3\"><em>\u00a0<\/em><\/p>\n<p class=\"c3\"><em>\u00a0<\/em><\/p>\n<p class=\"c3\"><em>\u00a0<\/em><\/p>\n<p class=\"c3\"><em>\u00a0<\/em><\/p>\n<p class=\"c3\"><em>\u00a0<\/em><\/p>\n<p><strong><em>\u00a0<\/em><\/strong><\/p>\n<p>Auteur: Le Pays<br \/>\n<a href=\"http:\/\/lepays.bf\/reaction-de-macron-au-3e-mandat-dado\/\">Cliquez ici pour lire l&rsquo;article depuis sa source.<\/a><\/p>\n","protected":false},"excerpt":{"rendered":"<p>De sources m\u00e9diatiques cr\u00e9dibles, il aura su\u00e9 sang et eau pour se voir entrouvrir les portes de l\u2019Elys\u00e9e. Rien de surprenant \u00e0 cela, d\u2019autant que son actuel locataire n\u2019y \u00e9tait pas vraiment favorable. Apr\u00e8s deux reports et quelques atermoiements du pr\u00e9sident fran\u00e7ais, il finit par obtenir gain de cause le 4 septembre dernier, m\u00eame s\u2019il [&hellip;]<\/p>\n","protected":false},"author":1813,"featured_media":0,"comment_status":"closed","ping_status":"closed","sticky":false,"template":"","format":"standard","meta":{"fifu_image_url":"","fifu_image_alt":"","footnotes":""},"categories":[73,81],"tags":[],"class_list":["post-98382","post","type-post","status-publish","format-standard","hentry","category-actualite","category-burkina-faso"],"_links":{"self":[{"href":"https:\/\/linitiative.ca\/International\/wp-json\/wp\/v2\/posts\/98382","targetHints":{"allow":["GET"]}}],"collection":[{"href":"https:\/\/linitiative.ca\/International\/wp-json\/wp\/v2\/posts"}],"about":[{"href":"https:\/\/linitiative.ca\/International\/wp-json\/wp\/v2\/types\/post"}],"author":[{"embeddable":true,"href":"https:\/\/linitiative.ca\/International\/wp-json\/wp\/v2\/users\/1813"}],"replies":[{"embeddable":true,"href":"https:\/\/linitiative.ca\/International\/wp-json\/wp\/v2\/comments?post=98382"}],"version-history":[{"count":0,"href":"https:\/\/linitiative.ca\/International\/wp-json\/wp\/v2\/posts\/98382\/revisions"}],"wp:attachment":[{"href":"https:\/\/linitiative.ca\/International\/wp-json\/wp\/v2\/media?parent=98382"}],"wp:term":[{"taxonomy":"category","embeddable":true,"href":"https:\/\/linitiative.ca\/International\/wp-json\/wp\/v2\/categories?post=98382"},{"taxonomy":"post_tag","embeddable":true,"href":"https:\/\/linitiative.ca\/International\/wp-json\/wp\/v2\/tags?post=98382"}],"curies":[{"name":"wp","href":"https:\/\/api.w.org\/{rel}","templated":true}]}}