{"id":98383,"date":"2020-09-09T14:57:19","date_gmt":"2020-09-09T18:57:19","guid":{"rendered":"https:\/\/linitiative.ca\/International\/dissensions-au-sein-du-fndc\/"},"modified":"2020-09-09T14:57:19","modified_gmt":"2020-09-09T18:57:19","slug":"dissensions-au-sein-du-fndc","status":"publish","type":"post","link":"https:\/\/linitiative.ca\/International\/dissensions-au-sein-du-fndc\/","title":{"rendered":"DISSENSIONS AU SEIN DU FNDC"},"content":{"rendered":"<div class=\"stream-item stream-item-above-post-content\">\n<p><noscript><\/p>\n<p><a href=\"\/\/www3.smartadserver.com\/ac?jump=1&amp;nwid=2136&amp;siteid=240610&amp;pgname=rg&amp;fmtid=49046&amp;visit=m&amp;tmstp=[timestamp]&amp;out=nonrich\" target=\"_blank\" rel=\"noopener noreferrer\"><img decoding=\"async\" src=\"http:\/\/www3.smartadserver.com\/ac?out=nonrich&amp;nwid=2136&amp;siteid=240610&amp;pgname=rg&amp;fmtid=49046&amp;visit=m&amp;tmstp=[timestamp]\" border=\"0\" alt=\"\"\/><\/a><\/p>\n<p><\/noscript><\/div>\n<p class=\"c3\"><em>A\u00a0 moins de deux mois de l\u2019\u00e9lection pr\u00e9sidentielle en Guin\u00e9e, le Front national pour la d\u00e9fense de la Constitution (FNDC) conna\u00eet de graves divergences en son sein. En effet, apr\u00e8s la volont\u00e9 clairement affich\u00e9e de Cellou Dalein Diallo de prendre part \u00e0 la prochaine pr\u00e9sidentielle, ce dernier a \u00e9t\u00e9 \u00e9vinc\u00e9 du FNDC qu\u2019il a contribu\u00e9 \u00e0 porter sur les fonts baptismaux. Le moins qu\u2019on puisse dire, c\u2019est qu\u2019en termes de bilan, c\u2019est \u00e9chec et mat pour le FNDC, d\u2019autant qu\u2019il n\u2019a pas pu emp\u00eacher l\u2019organisation de ces deux votes qui ont ouvert, pour ainsi dire, le boulevard\u00a0 au pr\u00e9sident Cond\u00e9 pour un pouvoir \u00e0 vie. Depuis, les lignes n\u2019ont pas boug\u00e9 dans ce conglom\u00e9rat d\u2019opposants qui se consid\u00e8rent comme les cabots et cerb\u00e8res d\u00e9fenseurs du peuple de Guin\u00e9e, et deux d\u2019entre eux en ont pris leurs distances pour ne pas dire le large d\u00e8s le lendemain de l\u2019adoption de la nouvelle Constitution. Aujourd\u2019hui, c\u2019est la suspicion et la f\u00e9brilit\u00e9 chez ceux qui sont toujours dans le FNDC. Cellou Dalein Diallo briguera, pour la troisi\u00e8me et peut-\u00eatre pour la derni\u00e8re fois, la magistrature supr\u00eame. Le natif de Lab\u00e9 qui a travers\u00e9 le temps sans perdre son talent oratoire est, en effet, convaincu que pour neutraliser un candidat aussi redoutable qu\u2019Alpha Cond\u00e9, il ne suffit pas de faire pleurer dans les chaumi\u00e8res, mais plut\u00f4t faire bloc autour d\u2019un id\u00e9al commun, celui de la Guin\u00e9e d\u00e9barrass\u00e9e de l\u2019esbroufe et de la mal gouvernance. Alors, \u00a0que reste-t-il du FNDC apr\u00e8s la d\u00e9mission de Elie Kamano, de Ali Badra Kon\u00e9, en juin dernier et l\u2019\u00e9viction act\u00e9e de \u00a0Cellou Dalein Diallo? Une coquille vide comme qui dirait, avec des opposants sans relief et sans militants qui finiront par ranger leurs trompettes et leurs pancartes, au grand bonheur de la coalition RPG-Arc-en-ciel au pouvoir.<\/em><\/p>\n<p class=\"c3\"><em>\u00a0<\/em><\/p>\n<p class=\"c4\"><strong><em>La CEDEAO et l\u2019UA doivent d\u00e9j\u00e0 mettre leurs diff\u00e9rents m\u00e9canismes de pr\u00e9vention, de gestion et de r\u00e8glement des conflits en \u00e9tat d\u2019alerte<\/em><\/strong><\/p>\n<p class=\"c3\"><em>\u00a0<\/em><\/p>\n<p class=\"c3\"><em>Alpha Cond\u00e9, qui n\u2019a jamais fait myst\u00e8re de son r\u00eave de rempiler \u00e0 la t\u00eate de la Guin\u00e9e pour les cinq, voire les dix prochaines ann\u00e9es, va se frotter les mains, car il aura r\u00e9ussi \u00e0 l\u00e9zarder le bloc jusqu\u2019ici compact de l\u2019opposition et \u00e0 sauver, pour ainsi dire, sa peau, en \u00e9vitant le sort, oh combien triste, de son voisin malien r\u00e9cemment sorti de l\u2019histoire de son pays par la lucarne. Comme en C\u00f4te d\u2019Ivoire, \u00a0on reverra sans doute dans l\u2019ar\u00e8ne, des candidats \u00e0 la peau ratatin\u00e9e par l\u2019\u00e2ge, et comme en C\u00f4te d\u2019Ivoire, le risque est grand de voir des militants fanatis\u00e9s sortir les machettes pour r\u00e9gler les contentieux \u00e9lectoraux, sur fond de rivalit\u00e9 ethnique. Heureusement pour Alpha Cond\u00e9, \u00a0que l\u2019arm\u00e9e guin\u00e9enne qui \u00e9tait l\u2019une des plus putschistes de la sous-r\u00e9gion, serait aujourd\u2019hui dirig\u00e9e par des officiers affairistes et f\u00eatards davantage obnubil\u00e9s par la pr\u00e9servation de leurs acquis que par la conqu\u00eate et la gestion du pouvoir d\u2019Etat. Pour autant, et m\u00eame s\u2019il y a peu de risque de \u00ab\u00a0syndrome malien\u00a0\u00bb en Guin\u00e9e, la CEDEAO et l\u2019Union africaine (UA) doivent d\u00e9j\u00e0 mettre leurs diff\u00e9rents m\u00e9canismes de pr\u00e9vention, de gestion et de r\u00e8glement des conflits en \u00e9tat d\u2019alerte, car les d\u00e9saccords au sein du FNDC \u00e0 propos de l\u2019\u00e9lection \u00e0 venir, peuvent malheureusement \u00eatre un pr\u00e9lude aux d\u00e9saccords entre les fils \u00a0du pays au lendemain de celle-ci, avec des facteurs hautement aggravants comme la banalisation de la violence et de la vie humaine et le communautarisme qui continuent de tirer inexorablement la Guin\u00e9e-Conakry vers le bas.<\/em><\/p>\n<p class=\"c3\"><em>\u00a0<\/em><\/p>\n<p class=\"c4\"><strong><em>\u00ab\u00a0Le Pays\u00a0\u00bb<\/em><\/strong><\/p>\n<p>Auteur: Le Pays<br \/>\n<a href=\"http:\/\/lepays.bf\/dissensions-au-sein-du-fndc-2\/\">Cliquez ici pour lire l&rsquo;article depuis sa source.<\/a><\/p>\n","protected":false},"excerpt":{"rendered":"<p>A\u00a0 moins de deux mois de l\u2019\u00e9lection pr\u00e9sidentielle en Guin\u00e9e, le Front national pour la d\u00e9fense de la Constitution (FNDC) conna\u00eet de graves divergences en son sein. En effet, apr\u00e8s la volont\u00e9 clairement affich\u00e9e de Cellou Dalein Diallo de prendre part \u00e0 la prochaine pr\u00e9sidentielle, ce dernier a \u00e9t\u00e9 \u00e9vinc\u00e9 du FNDC qu\u2019il a contribu\u00e9 [&hellip;]<\/p>\n","protected":false},"author":1813,"featured_media":0,"comment_status":"closed","ping_status":"closed","sticky":false,"template":"","format":"standard","meta":{"fifu_image_url":"","fifu_image_alt":"","footnotes":""},"categories":[73,81],"tags":[],"class_list":["post-98383","post","type-post","status-publish","format-standard","hentry","category-actualite","category-burkina-faso"],"_links":{"self":[{"href":"https:\/\/linitiative.ca\/International\/wp-json\/wp\/v2\/posts\/98383","targetHints":{"allow":["GET"]}}],"collection":[{"href":"https:\/\/linitiative.ca\/International\/wp-json\/wp\/v2\/posts"}],"about":[{"href":"https:\/\/linitiative.ca\/International\/wp-json\/wp\/v2\/types\/post"}],"author":[{"embeddable":true,"href":"https:\/\/linitiative.ca\/International\/wp-json\/wp\/v2\/users\/1813"}],"replies":[{"embeddable":true,"href":"https:\/\/linitiative.ca\/International\/wp-json\/wp\/v2\/comments?post=98383"}],"version-history":[{"count":0,"href":"https:\/\/linitiative.ca\/International\/wp-json\/wp\/v2\/posts\/98383\/revisions"}],"wp:attachment":[{"href":"https:\/\/linitiative.ca\/International\/wp-json\/wp\/v2\/media?parent=98383"}],"wp:term":[{"taxonomy":"category","embeddable":true,"href":"https:\/\/linitiative.ca\/International\/wp-json\/wp\/v2\/categories?post=98383"},{"taxonomy":"post_tag","embeddable":true,"href":"https:\/\/linitiative.ca\/International\/wp-json\/wp\/v2\/tags?post=98383"}],"curies":[{"name":"wp","href":"https:\/\/api.w.org\/{rel}","templated":true}]}}