{"id":98384,"date":"2020-09-09T16:44:48","date_gmt":"2020-09-09T20:44:48","guid":{"rendered":"https:\/\/linitiative.ca\/International\/course-cycliste-feminine-fin-de-poussiere-a-karpala-mamounata-bande-enleve-la-2e-edition\/"},"modified":"2020-09-09T16:44:48","modified_gmt":"2020-09-09T20:44:48","slug":"course-cycliste-feminine-fin-de-poussiere-a-karpala-mamounata-bande-enleve-la-2e-edition","status":"publish","type":"post","link":"https:\/\/linitiative.ca\/International\/course-cycliste-feminine-fin-de-poussiere-a-karpala-mamounata-bande-enleve-la-2e-edition\/","title":{"rendered":"Course cycliste f\u00e9minine : \u00ab\u00a0Fin de poussi\u00e8re \u00e0 Karpala\u00a0\u00bb Mamounata Band\u00e9 enl\u00e8ve  la 2e \u00e9dition"},"content":{"rendered":"<div class=\"td-post-featured-image\" readability=\"33\"><a href=\"https:\/\/www.sidwaya.info\/wp-content\/uploads\/2020\/09\/poussiere.jpg\" data-caption=\"120 femmes ont pris part &#xE0; la 2e &#xE9;dition de la course cycliste f&#xE9;minine &#xAB;&#xA0;Fin de poussi&#xE8;re &#xE0; Karpala&#xA0;&#xBB;.\"><img loading=\"lazy\" decoding=\"async\" width=\"696\" height=\"472\" class=\"entry-thumb td-modal-image\" src=\"https:\/\/www.sidwaya.info\/wp-content\/uploads\/2020\/09\/poussiere-696x472.jpg\" srcset=\"https:\/\/www.sidwaya.info\/wp-content\/uploads\/2020\/09\/poussiere-696x472.jpg 696w, https:\/\/www.sidwaya.info\/wp-content\/uploads\/2020\/09\/poussiere-300x203.jpg 300w, https:\/\/www.sidwaya.info\/wp-content\/uploads\/2020\/09\/poussiere-768x521.jpg 768w, https:\/\/www.sidwaya.info\/wp-content\/uploads\/2020\/09\/poussiere-620x420.jpg 620w, https:\/\/www.sidwaya.info\/wp-content\/uploads\/2020\/09\/poussiere.jpg 782w\" sizes=\"auto, (max-width: 696px) 100vw, 696px\" alt=\"\" title=\"poussiere\"\/><\/a>120 femmes ont pris part \u00e0 la 2e \u00e9dition de la course cycliste f\u00e9minine \u00ab\u00a0Fin de poussi\u00e8re \u00e0 Karpala\u00a0\u00bb.<\/div>\n<p><strong>Mamounata Band\u00e9 a remport\u00e9 le dimanche 6 septembre 2020 \u00e0 Ouagadougou, la 2e \u00e9dition de la course cycliste f\u00e9minine \u00ab\u00a0Fin de poussi\u00e8re \u00e0 Karpala\u00a0\u00bb.<\/strong><\/p>\n<p>Voici deux ans que de jeunes r\u00e9sidents de Karpala, quartier p\u00e9riph\u00e9rique de la ville de Ouagadougou, avec \u00e0 leur t\u00eate Omar Adama Nabaloum, r\u00e9unissent les femmes du secteur autour d\u2019une course cycliste. D\u00e9nomm\u00e9e \u00ab\u00a0Fin de poussi\u00e8re \u00e0 Karpala\u00a0\u00bb, l\u2019\u00e9dition de 2020 a sacr\u00e9 Mamounata Band\u00e9. 120 femmes \u00e9taient au d\u00e9part pour boucler un circuit de 3km100 \u00e0 parcourir 4 fois, soit une distance totale de 12km400.<\/p>\n<p>D\u00e9j\u00e0 au 1er tour, la course a enregistr\u00e9 quatre abandons. Les concurrentes restent group\u00e9es jusqu\u2019au 2e tour. Avant d\u2019aborder l\u2019avant-dernier tour, Mamounata Band\u00e9 se d\u00e9tache du groupe. Elle se lance en solitaire. Malgr\u00e9 la pression du groupe des poursuivantes, elle ne l\u00e2che pas prise jusqu\u2019\u00e0 franchir la premi\u00e8re, la ligne d\u2019arriv\u00e9e. Ainsi, elle remporte la 2e \u00e9dition de la course cycliste f\u00e9minine \u00ab\u00a0Fin de poussi\u00e8re \u00e0 Karpala\u00a0\u00bb.<\/p>\n<div class=\"td-a-rec td-a-rec-id-content_inline tdi_30_776 td_block_template_1\"><img loading=\"lazy\" decoding=\"async\" class=\"aligncenter size-full wp-image-21314\" src=\"https:\/\/www.sidwaya.info\/wp-content\/uploads\/2020\/04\/Bandeau-Covid-19-Sidwaya-1.jpg\" alt=\"\" width=\"790\" height=\"98\"\/><\/div>\n<p>Au sortir de cette \u00e9dition, le promoteur, Omar Adama Nabaloum, a tenu \u00e0 rappeler le contexte de la course cycliste\u00a0: \u00ab\u00a0Depuis longtemps, Karpala avait \u00e9t\u00e9 trait\u00e9 de quartier o\u00f9 les filles prenaient la poussi\u00e8re pour en faire un fond de teint (maquillage). Franchement \u00e7a nous g\u00eanait. Nous avons fait un appel au pr\u00e9sident du Faso qui n\u2019a pas h\u00e9sit\u00e9 un instant \u00e0 nous inonder de goudrons. Donc plus de poussi\u00e8re \u00e0 Karpala.<\/p>\n<p>Comment dire merci au chef de l\u2019Etat\u00a0? Voil\u00e0 pourquoi nous avons initi\u00e9 cette course cycliste f\u00e9minine\u00a0\u00bb. Avant d\u2019ajouter\u00a0: \u00ab\u00a0Nous sommes tr\u00e8s satisfait de la forte mobilisation. Elles ont marqu\u00e9 leur adh\u00e9sion malgr\u00e9 la pluie qui s\u2019est abattue juste \u00e0 la fin de la course\u00a0\u00bb. Pour son sacre, Mamounata Band\u00e9 repart avec une moto. Les femmes class\u00e9es de la 2e \u00e0 10 e place, ont re\u00e7u chacune un v\u00e9lo. Il faut rappeler que chacune des 120 participants a re\u00e7u 2000 FCFA et des vivres. La plus \u00e2g\u00e9e (66 ans) a re\u00e7u un prix sp\u00e9cial dot\u00e9 d\u2019une enveloppe de 95\u00a0000 FCFA.<\/p>\n<p class=\"c1\"><strong>Ollo Aim\u00e9 C\u00e9saire HIEN<\/strong><\/p>\n<div class=\"td-a-rec td-a-rec-id-content_bottom tdi_31_fff td_block_template_1\"><img loading=\"lazy\" decoding=\"async\" class=\"aligncenter size-full wp-image-22415\" src=\"https:\/\/www.sidwaya.info\/wp-content\/uploads\/2020\/05\/Bandeau-paiement-mobile-site.png\" alt=\"\" width=\"728\" height=\"90\"\/><\/div>\n<p>Auteur: JK. Sidwaya<br \/>\n<a href=\"https:\/\/www.sidwaya.info\/blog\/2020\/09\/09\/course-cycliste-feminine-fin-de-poussiere-a-karpala-mamounata-bande-enleve-la-2e-edition\/\">Cliquez ici pour lire l&rsquo;article depuis sa source.<\/a><\/p>\n","protected":false},"excerpt":{"rendered":"<p>120 femmes ont pris part \u00e0 la 2e \u00e9dition de la course cycliste f\u00e9minine \u00ab\u00a0Fin de poussi\u00e8re \u00e0 Karpala\u00a0\u00bb. Mamounata Band\u00e9 a remport\u00e9 le dimanche 6 septembre 2020 \u00e0 Ouagadougou, la 2e \u00e9dition de la course cycliste f\u00e9minine \u00ab\u00a0Fin de poussi\u00e8re \u00e0 Karpala\u00a0\u00bb. Voici deux ans que de jeunes r\u00e9sidents de Karpala, quartier p\u00e9riph\u00e9rique de [&hellip;]<\/p>\n","protected":false},"author":1816,"featured_media":98385,"comment_status":"closed","ping_status":"closed","sticky":false,"template":"","format":"standard","meta":{"fifu_image_url":"","fifu_image_alt":"","footnotes":""},"categories":[73,81],"tags":[],"class_list":["post-98384","post","type-post","status-publish","format-standard","has-post-thumbnail","hentry","category-actualite","category-burkina-faso"],"_links":{"self":[{"href":"https:\/\/linitiative.ca\/International\/wp-json\/wp\/v2\/posts\/98384","targetHints":{"allow":["GET"]}}],"collection":[{"href":"https:\/\/linitiative.ca\/International\/wp-json\/wp\/v2\/posts"}],"about":[{"href":"https:\/\/linitiative.ca\/International\/wp-json\/wp\/v2\/types\/post"}],"author":[{"embeddable":true,"href":"https:\/\/linitiative.ca\/International\/wp-json\/wp\/v2\/users\/1816"}],"replies":[{"embeddable":true,"href":"https:\/\/linitiative.ca\/International\/wp-json\/wp\/v2\/comments?post=98384"}],"version-history":[{"count":0,"href":"https:\/\/linitiative.ca\/International\/wp-json\/wp\/v2\/posts\/98384\/revisions"}],"wp:featuredmedia":[{"embeddable":true,"href":"https:\/\/linitiative.ca\/International\/wp-json\/"}],"wp:attachment":[{"href":"https:\/\/linitiative.ca\/International\/wp-json\/wp\/v2\/media?parent=98384"}],"wp:term":[{"taxonomy":"category","embeddable":true,"href":"https:\/\/linitiative.ca\/International\/wp-json\/wp\/v2\/categories?post=98384"},{"taxonomy":"post_tag","embeddable":true,"href":"https:\/\/linitiative.ca\/International\/wp-json\/wp\/v2\/tags?post=98384"}],"curies":[{"name":"wp","href":"https:\/\/api.w.org\/{rel}","templated":true}]}}