{"id":98394,"date":"2020-09-09T12:54:46","date_gmt":"2020-09-09T16:54:46","guid":{"rendered":"https:\/\/linitiative.ca\/International\/cameroun-paul-biya-appelle-a-dautres-fonctions-le-sous-prefet-accuse-du-meurtre-de-sa-petite-amie\/"},"modified":"2020-09-09T12:54:46","modified_gmt":"2020-09-09T16:54:46","slug":"cameroun-paul-biya-appelle-a-dautres-fonctions-le-sous-prefet-accuse-du-meurtre-de-sa-petite-amie","status":"publish","type":"post","link":"https:\/\/linitiative.ca\/International\/cameroun-paul-biya-appelle-a-dautres-fonctions-le-sous-prefet-accuse-du-meurtre-de-sa-petite-amie\/","title":{"rendered":"Cameroun : Paul Biya appelle \u00ab \u00e0 d\u2019autres fonctions \u00bb le sous-pr\u00e9fet accus\u00e9 du meurtre de sa petite amie"},"content":{"rendered":"<div readability=\"32\">\n<p>Publi\u00e9 le 09.09.2020 \u00e0 17h54 par JournalduCameroun.com<\/p>\n<\/div>\n<div readability=\"60\">\n<h2 class=\"c6\">Franck Derlin Oyono Ebanga, au centre d\u2019un drame, a \u00e9t\u00e9 remplac\u00e9 \u00e0 la t\u00e8te de la sous-pr\u00e9fecture de Lokoundje, r\u00e9gion du Sud.<\/h2>\n<p class=\"c7\">Le feuilleton du drame de Lokoundje se poursuit. Quelques jours apr\u00e8s l\u2019inhumation de <strong>Lydienne Solange Teba<\/strong>, et alors que la famille crie justice, le pr\u00e9sident de la R\u00e9publique a pris ce 9 septembre, des textes de d\u00e9cret portant nominations au sein de la pr\u00e9fectorale.<\/p>\n<p class=\"c7\">Tr\u00e8s attendu le sort de <strong>Franck Derlin Oyono Ebanga<\/strong>, sous-pr\u00e9fet de Lokoundje, accus\u00e9 d\u2019avoir tu\u00e9 \u2013malencontreusement \u2013 sa petite amie avec son arme de service le 27 juillet dernier.<\/p>\n<p class=\"c7\">Ledit sous-pr\u00e9fet, que certaines indiscr\u00e9tions annoncent toujours libre de ses mouvements, vient d\u2019\u00eatre <em>\u00ab\u00a0appel\u00e9 \u00e0 d\u2019autres fonctions\u00a0\u00bb<\/em> par un d\u00e9cret du pr\u00e9sident de la R\u00e9publique.<\/p>\n<p class=\"c7\">Il est remplac\u00e9 \u00e0 sous-pr\u00e9fecture de Lokoundje par <strong>Christian Seraphin Manga Ongolo<\/strong> jusque l\u00e0, premier adjoint pr\u00e9fectoral dans le d\u00e9partement du Mbam et Inoubou.<\/p>\n<p class=\"c7\">Le 27 juillet 2020 le <strong>sous-pr\u00e9fet de Lokoundje<\/strong> informe la gendarmerie que sa petite amie vient d\u2019\u00eatre atteinte d\u2019une balle alors qu\u2019il nettoyait son arme de service. Des sources proches de l\u2019enqu\u00eate r\u00e9v\u00e8lent que Lydienne Solange Teba a \u00e9t\u00e9 atteinte entre l\u2019\u00e9paule et la t\u00eate.<\/p>\n<p class=\"c7\">Le sous-pr\u00e9fet est mis en d\u00e9tention, puis transf\u00e9r\u00e9 dans un h\u00f4pital o\u00f9 il plaide d\u2019abord des trous de m\u00e9moire. L\u2019opacit\u00e9 autour de l\u2019enqu\u00eate s\u2019illustre entres autres par la reconstitution des faits qui se fera le 30 juillet \u00e0 huis clos.<\/p>\n<\/div>\n<p>Auteur: Ludovic Amara<br \/>\n<a href=\"https:\/\/www.journalducameroun.com\/cameroun-paul-biya-appelle-a-dautres-fonctions-le-sous-prefet-accuse-du-meurtre-de-sa-petite-amie\/\">Cliquez ici pour lire l&rsquo;article depuis sa source.<\/a><\/p>\n","protected":false},"excerpt":{"rendered":"<p>Publi\u00e9 le 09.09.2020 \u00e0 17h54 par JournalduCameroun.com Franck Derlin Oyono Ebanga, au centre d\u2019un drame, a \u00e9t\u00e9 remplac\u00e9 \u00e0 la t\u00e8te de la sous-pr\u00e9fecture de Lokoundje, r\u00e9gion du Sud. Le feuilleton du drame de Lokoundje se poursuit. Quelques jours apr\u00e8s l\u2019inhumation de Lydienne Solange Teba, et alors que la famille crie justice, le pr\u00e9sident de [&hellip;]<\/p>\n","protected":false},"author":1965,"featured_media":0,"comment_status":"closed","ping_status":"closed","sticky":false,"template":"","format":"standard","meta":{"fifu_image_url":"","fifu_image_alt":"","footnotes":""},"categories":[73,82],"tags":[],"class_list":["post-98394","post","type-post","status-publish","format-standard","hentry","category-actualite","category-cameroun"],"_links":{"self":[{"href":"https:\/\/linitiative.ca\/International\/wp-json\/wp\/v2\/posts\/98394","targetHints":{"allow":["GET"]}}],"collection":[{"href":"https:\/\/linitiative.ca\/International\/wp-json\/wp\/v2\/posts"}],"about":[{"href":"https:\/\/linitiative.ca\/International\/wp-json\/wp\/v2\/types\/post"}],"author":[{"embeddable":true,"href":"https:\/\/linitiative.ca\/International\/wp-json\/wp\/v2\/users\/1965"}],"replies":[{"embeddable":true,"href":"https:\/\/linitiative.ca\/International\/wp-json\/wp\/v2\/comments?post=98394"}],"version-history":[{"count":0,"href":"https:\/\/linitiative.ca\/International\/wp-json\/wp\/v2\/posts\/98394\/revisions"}],"wp:attachment":[{"href":"https:\/\/linitiative.ca\/International\/wp-json\/wp\/v2\/media?parent=98394"}],"wp:term":[{"taxonomy":"category","embeddable":true,"href":"https:\/\/linitiative.ca\/International\/wp-json\/wp\/v2\/categories?post=98394"},{"taxonomy":"post_tag","embeddable":true,"href":"https:\/\/linitiative.ca\/International\/wp-json\/wp\/v2\/tags?post=98394"}],"curies":[{"name":"wp","href":"https:\/\/api.w.org\/{rel}","templated":true}]}}