{"id":98395,"date":"2020-09-09T13:39:05","date_gmt":"2020-09-09T17:39:05","guid":{"rendered":"https:\/\/linitiative.ca\/International\/cameroun-des-militants-temporairement-exclus-du-rdpc-pour-indiscipline\/"},"modified":"2020-09-09T13:39:05","modified_gmt":"2020-09-09T17:39:05","slug":"cameroun-des-militants-temporairement-exclus-du-rdpc-pour-indiscipline","status":"publish","type":"post","link":"https:\/\/linitiative.ca\/International\/cameroun-des-militants-temporairement-exclus-du-rdpc-pour-indiscipline\/","title":{"rendered":"Cameroun : des militants temporairement exclus du RDPC pour indiscipline"},"content":{"rendered":"<div readability=\"32\">\n<p>Publi\u00e9 le 09.09.2020 \u00e0 18h39 par JournalduCameroun.com<\/p>\n<\/div>\n<div readability=\"67\">\n<h2 class=\"c6\">L\u2019ancien ministre Patrice Amba Salla, les maires Emmanuel Nlend, Alex Mimbang ou encore Guy Emmanuel Sabikanda \u00a0et Saint Eloi Bidoung \u00e9copent d\u2019exclusions temporaires de six mois \u00e0 3 ans du parti au pouvoir. \u00a0Franck Hubert Ateba d\u00e9finitivement exclu.<\/h2>\n<p class=\"c7\">Paul Biya, pr\u00e9sident national du <strong>Rassemblement d\u00e9mocratique du peuple camerounais<\/strong> (Rdpc) a sign\u00e9 ce jour un texte portant approbation des d\u00e9cisions prises par la Commission ad hoc de discipline contre certains militants de son parti.<\/p>\n<p class=\"c7\">Les militants qui sont pass\u00e9s devant la commission pr\u00e9sid\u00e9e par l\u2019ancien Premier ministre Peter Mafany Musonge, ont \u00e9cop\u00e9 de sanctions diverses. Charles Atangana Manda et le s\u00e9nateur Gr\u00e9goire Mba Mba s\u2019en tirent avec un bl\u00e2me. Tout comme une vingtaine d\u2019autres militants.<\/p>\n<p class=\"c7\">L\u2019ancien ministre des Travaux publics, Patrice Amba Salla\u00a0; Alex Mimbang l\u2019actuel maire de Nguelemendouka ainsi qu\u2019une quinzaine de militants \u00e9copent d\u2019une exclusion temporaire de six mois.<\/p>\n<p class=\"c7\">Emmanuel Nlend, maire de la ville d\u2019Ed\u00e9a et Guy Emmanuel Sabikanda maire de la ville de Kribi prennent pour 18 mois d\u2019exclusion du parti au pouvoir.<\/p>\n<p class=\"c7\">3 ans d\u2019exclusion du parti pour le truculent Saint Eloi Bidoung, ancien adjoint au maire de Yaound\u00e9 6, qui a avait os\u00e9 pr\u00e9tendre \u00e0 la mairie de Yaound\u00e9 contre l\u2019avis du parti. La m\u00eame peine a \u00e9t\u00e9 prononc\u00e9e \u00e0 l\u2019encontre de Andr\u00e9 Tsala Messi, maire de Monatele.<\/p>\n<p class=\"c7\">Franck Hubert Ateba, transfuge du MRC de Maurice Kamto, a simplement \u00e9t\u00e9 exclu d\u00e9finitivement du parti de Paul Biya.<\/p>\n<p class=\"c7\">Les autres sanctions sont <em>\u00ab\u00a0d\u00e9ch\u00e9ance de fonction\u00a0\u00bb<\/em> ou encore une lettre d\u2019observation avec rappel \u00e0 l\u2019ordre.<\/p>\n<p class=\"c7\">La Commission Musonge a \u00e9t\u00e9 convoqu\u00e9 il y a quelques semaines, ceci pour examiner les cas d\u2019indiscipline constat\u00e9s \u00e0 la faveur des \u00e9lections municipales et l\u00e9gislatives de f\u00e9vrier 2020.<\/p>\n<\/div>\n<p>Auteur: Ludovic Amara<br \/>\n<a href=\"https:\/\/www.journalducameroun.com\/cameroun-des-militants-temporairement-exclus-du-rdpc-pour-indiscipline\/\">Cliquez ici pour lire l&rsquo;article depuis sa source.<\/a><\/p>\n","protected":false},"excerpt":{"rendered":"<p>Publi\u00e9 le 09.09.2020 \u00e0 18h39 par JournalduCameroun.com L\u2019ancien ministre Patrice Amba Salla, les maires Emmanuel Nlend, Alex Mimbang ou encore Guy Emmanuel Sabikanda \u00a0et Saint Eloi Bidoung \u00e9copent d\u2019exclusions temporaires de six mois \u00e0 3 ans du parti au pouvoir. \u00a0Franck Hubert Ateba d\u00e9finitivement exclu. Paul Biya, pr\u00e9sident national du Rassemblement d\u00e9mocratique du peuple camerounais [&hellip;]<\/p>\n","protected":false},"author":1965,"featured_media":0,"comment_status":"closed","ping_status":"closed","sticky":false,"template":"","format":"standard","meta":{"fifu_image_url":"","fifu_image_alt":"","footnotes":""},"categories":[73,82],"tags":[],"class_list":["post-98395","post","type-post","status-publish","format-standard","hentry","category-actualite","category-cameroun"],"_links":{"self":[{"href":"https:\/\/linitiative.ca\/International\/wp-json\/wp\/v2\/posts\/98395","targetHints":{"allow":["GET"]}}],"collection":[{"href":"https:\/\/linitiative.ca\/International\/wp-json\/wp\/v2\/posts"}],"about":[{"href":"https:\/\/linitiative.ca\/International\/wp-json\/wp\/v2\/types\/post"}],"author":[{"embeddable":true,"href":"https:\/\/linitiative.ca\/International\/wp-json\/wp\/v2\/users\/1965"}],"replies":[{"embeddable":true,"href":"https:\/\/linitiative.ca\/International\/wp-json\/wp\/v2\/comments?post=98395"}],"version-history":[{"count":0,"href":"https:\/\/linitiative.ca\/International\/wp-json\/wp\/v2\/posts\/98395\/revisions"}],"wp:attachment":[{"href":"https:\/\/linitiative.ca\/International\/wp-json\/wp\/v2\/media?parent=98395"}],"wp:term":[{"taxonomy":"category","embeddable":true,"href":"https:\/\/linitiative.ca\/International\/wp-json\/wp\/v2\/categories?post=98395"},{"taxonomy":"post_tag","embeddable":true,"href":"https:\/\/linitiative.ca\/International\/wp-json\/wp\/v2\/tags?post=98395"}],"curies":[{"name":"wp","href":"https:\/\/api.w.org\/{rel}","templated":true}]}}