{"id":98399,"date":"2020-09-09T13:23:18","date_gmt":"2020-09-09T17:23:18","guid":{"rendered":"https:\/\/linitiative.ca\/International\/camtel-va-fournir-9-333-megabits-s-aux-universites-detat-pour-un-montant-de-107-milliard\/"},"modified":"2020-09-09T13:23:18","modified_gmt":"2020-09-09T17:23:18","slug":"camtel-va-fournir-9-333-megabits-s-aux-universites-detat-pour-un-montant-de-107-milliard","status":"publish","type":"post","link":"https:\/\/linitiative.ca\/International\/camtel-va-fournir-9-333-megabits-s-aux-universites-detat-pour-un-montant-de-107-milliard\/","title":{"rendered":"Camtel va fournir 9 333 m\u00e9gabits\/s aux universit\u00e9s d\u2019Etat pour un montant de 1,07 milliard"},"content":{"rendered":"<div class=\"featured-area featured-area-inner\"><img loading=\"lazy\" decoding=\"async\" width=\"500\" height=\"333\" src=\"https:\/\/ecomatin.net\/wp-content\/uploads\/2020\/09\/accord-cadre.jpg\" class=\"attachment-full size-full wp-post-image\" alt=\"\" srcset=\"https:\/\/ecomatin.net\/wp-content\/uploads\/2020\/09\/accord-cadre.jpg 500w, https:\/\/ecomatin.net\/wp-content\/uploads\/2020\/09\/accord-cadre-300x200.jpg 300w\" sizes=\"auto, (max-width: 500px) 100vw, 500px\" data-attachment-id=\"18394\" data-permalink=\"https:\/\/ecomatin.net\/camtel-va-fournir-9-333-megabits-s-aux-universites-detat-pour-un-montant-de-107-milliard\/accord-cadre\/\" data-orig-file=\"https:\/\/ecomatin.net\/wp-content\/uploads\/2020\/09\/accord-cadre.jpg\" data-orig-size=\"500,333\" data-comments-opened=\"0\" data-image-meta=\"{&quot;aperture&quot;:&quot;0&quot;,&quot;credit&quot;:&quot;&quot;,&quot;camera&quot;:&quot;&quot;,&quot;caption&quot;:&quot;&quot;,&quot;created_timestamp&quot;:&quot;0&quot;,&quot;copyright&quot;:&quot;&quot;,&quot;focal_length&quot;:&quot;0&quot;,&quot;iso&quot;:&quot;0&quot;,&quot;shutter_speed&quot;:&quot;0&quot;,&quot;title&quot;:&quot;&quot;,&quot;orientation&quot;:&quot;0&quot;}\" data-image-title=\"accord-cadre\" data-image-description=\"\" data-medium-file=\"https:\/\/ecomatin.net\/wp-content\/uploads\/2020\/09\/accord-cadre-300x200.jpg\" data-large-file=\"https:\/\/ecomatin.net\/wp-content\/uploads\/2020\/09\/accord-cadre.jpg\"\/><\/div>\n<div class=\"entry-content entry clearfix\" readability=\"34.677993527508\">\n<p>Le ministre de l\u2019Enseignement sup\u00e9rieur (Minesup) Jacques Fame Ndongo, et Judith Yah Sunday Achidi, Directeur g\u00e9n\u00e9ral de l\u2019entreprise publique des t\u00e9l\u00e9coms, Camtel, ont sign\u00e9, le 8 septembre \u00e0 Yaound\u00e9, un accord-cadre pour la fourniture d\u2019une bande passante qui permettra d\u2019interconnecter les universit\u00e9s d\u2019\u00c9tat et l\u2019universit\u00e9 Inter-Etats Congo-Cameroun. La bande passante internet de l\u2019ensemble de ces universit\u00e9s d\u2019Etats passera d\u00e8s le 1<sup>er<\/sup>\u00a0janvier de 263\u00a0\u00a0m\u00e9gabits pour un co\u00fbt de 552 millions\u00a0\u00a0de FCFA \u00e0 9333 M\u00e9gabits par seconde, peut-on lire dans Cameroon tribune de ce 9 septembre. Le co\u00fbt\u00a0\u00a0de cette nouvelle offre internet est chiffr\u00e9 \u00e0 1,075 milliards de FCFA. Cet accord permettra \u00e9galement la mise en fonction des Centres de d\u00e9veloppement du num\u00e9rique dans les universit\u00e9s d\u2019\u00c9tat. Pour la soci\u00e9t\u00e9 de t\u00e9l\u00e9coms l\u2019accord porte \u00e9galement sur la mise en place d\u2019un r\u00e9seau de communication de 16 Gigabits qui tente de rallier la fibre optique aux services centraux du Minsup.<\/p>\n<p><strong>Lire aussi<\/strong> : <a href=\"https:\/\/ecomatin.net\/camtel-limprobable-mission-de-judith-achidi\/\">Camtel\u00a0: l\u2019improbable mission de Judith Achidi<\/a><\/p>\n<p>En effet, cet accord-cadre s\u2019inscrit dans le projet E-national Higher Education Network porte sur la fourniture des services de communications \u00e9lectroniques aux universit\u00e9s d\u2019Etats Congo-Cameroun et au centre national de supervision du r\u00e9seau d\u2019interconnexion. Pour le Minesup, c\u2019est donc un pas de plus pour le projet \u00ab\u2009E-National Higher Education\u2009\u00bb. En outre, gr\u00e2ce \u00e0 ce programme, chaque universit\u00e9 d\u2019\u00c9tat sera dot\u00e9e d\u2019un centre de d\u00e9veloppement du num\u00e9rique universitaire ultra moderne destin\u00e9 \u00e0 donner une impulsion d\u00e9cisive \u00e0 l\u2019enseignement \u00e0 distance, \u00e0 la num\u00e9risation de l\u2019administration universitaire, au travail collaboratif en r\u00e9seau et \u00e0 l\u2019interconnexion s\u00e9curis\u00e9e des universit\u00e9s publiques et priv\u00e9s du Cameroun.<\/p>\n<p><strong>Lire aussi<\/strong> : <a href=\"https:\/\/ecomatin.net\/camtel-certifie-a-la-norme-iso-9001\/\">Camtel\u00a0certifi\u00e9 \u00e0 la norme iso 9001<\/a><\/p>\n<div class=\"awac-wrapper awac widget posts-list-widget-11\">\n<h4 class=\"widget-title\">Le plus r\u00e9cent<\/h4>\n<\/div>\n<\/div>\n<p>Auteur: Eco Matin<br \/>\n<a href=\"https:\/\/ecomatin.net\/camtel-va-fournir-9-333-megabits-s-aux-universites-detat-pour-un-montant-de-107-milliard\/\">Cliquez ici pour lire l&rsquo;article depuis sa source.<\/a><\/p>\n","protected":false},"excerpt":{"rendered":"<p>Le ministre de l\u2019Enseignement sup\u00e9rieur (Minesup) Jacques Fame Ndongo, et Judith Yah Sunday Achidi, Directeur g\u00e9n\u00e9ral de l\u2019entreprise publique des t\u00e9l\u00e9coms, Camtel, ont sign\u00e9, le 8 septembre \u00e0 Yaound\u00e9, un accord-cadre pour la fourniture d\u2019une bande passante qui permettra d\u2019interconnecter les universit\u00e9s d\u2019\u00c9tat et l\u2019universit\u00e9 Inter-Etats Congo-Cameroun. La bande passante internet de l\u2019ensemble de ces [&hellip;]<\/p>\n","protected":false},"author":1969,"featured_media":98400,"comment_status":"closed","ping_status":"closed","sticky":false,"template":"","format":"standard","meta":{"fifu_image_url":"","fifu_image_alt":"","footnotes":""},"categories":[82,78],"tags":[],"class_list":["post-98399","post","type-post","status-publish","format-standard","has-post-thumbnail","hentry","category-cameroun","category-economie"],"_links":{"self":[{"href":"https:\/\/linitiative.ca\/International\/wp-json\/wp\/v2\/posts\/98399","targetHints":{"allow":["GET"]}}],"collection":[{"href":"https:\/\/linitiative.ca\/International\/wp-json\/wp\/v2\/posts"}],"about":[{"href":"https:\/\/linitiative.ca\/International\/wp-json\/wp\/v2\/types\/post"}],"author":[{"embeddable":true,"href":"https:\/\/linitiative.ca\/International\/wp-json\/wp\/v2\/users\/1969"}],"replies":[{"embeddable":true,"href":"https:\/\/linitiative.ca\/International\/wp-json\/wp\/v2\/comments?post=98399"}],"version-history":[{"count":0,"href":"https:\/\/linitiative.ca\/International\/wp-json\/wp\/v2\/posts\/98399\/revisions"}],"wp:featuredmedia":[{"embeddable":true,"href":"https:\/\/linitiative.ca\/International\/wp-json\/"}],"wp:attachment":[{"href":"https:\/\/linitiative.ca\/International\/wp-json\/wp\/v2\/media?parent=98399"}],"wp:term":[{"taxonomy":"category","embeddable":true,"href":"https:\/\/linitiative.ca\/International\/wp-json\/wp\/v2\/categories?post=98399"},{"taxonomy":"post_tag","embeddable":true,"href":"https:\/\/linitiative.ca\/International\/wp-json\/wp\/v2\/tags?post=98399"}],"curies":[{"name":"wp","href":"https:\/\/api.w.org\/{rel}","templated":true}]}}