{"id":98403,"date":"2020-09-09T16:17:21","date_gmt":"2020-09-09T20:17:21","guid":{"rendered":"https:\/\/linitiative.ca\/International\/la-banque-mondiale-debloque-111-milliards-pour-la-vallee-de-la-benoue\/"},"modified":"2020-09-09T16:17:21","modified_gmt":"2020-09-09T20:17:21","slug":"la-banque-mondiale-debloque-111-milliards-pour-la-vallee-de-la-benoue","status":"publish","type":"post","link":"https:\/\/linitiative.ca\/International\/la-banque-mondiale-debloque-111-milliards-pour-la-vallee-de-la-benoue\/","title":{"rendered":"La Banque Mondiale d\u00e9bloque 111 milliards pour la vall\u00e9e de la B\u00e9nou\u00e9"},"content":{"rendered":"<p>La Banque Mondiale veut aider le Cameroun \u00e0 augmenter la productivit\u00e9 hydrique et agricole dans la Vall\u00e9e de la B\u00e9nou\u00e9. Le Conseil des administrateurs de l\u2019institution financi\u00e8re a approuv\u00e9 le 08 septembre dernier, un financement de l\u2019Association internationale de d\u00e9veloppement, d\u2019un montant de 200 millions de dollars (soit environ 111,5 milliards de F CFA) destin\u00e9 au renforcement des services d\u2019irrigation dans ce d\u00e9partement situ\u00e9 dans la r\u00e9gion du Nord Cameroun. \u00a0<\/p>\n<p>Plus concr\u00e8tement, le projet pr\u00e9voit la construction et la r\u00e9habilitation d\u2019infrastructures d\u2019irrigation et de drainage, la mise sur pied d\u2019un syst\u00e8me d\u2019alerte pr\u00e9coce en cas d\u2019inondations, ainsi qu\u2019une assistance technique pour appuyer les institutions. Il soutiendra \u00e9galement la production agricole et l\u2019agro-industrie, y compris le nivellement et la pr\u00e9paration des terres, la riziculture m\u00e9canis\u00e9e, l\u2019acc\u00e8s aux intrants et le soutien aux petites et moyennes entreprises. Enfin, il s\u2019attachera \u00e0 renforcer les capacit\u00e9s de la Mission d\u2019\u00e9tudes pour l\u2019am\u00e9nagement et le d\u00e9veloppement de la province du Nord (MEADEN), la structure para\u00e9tatique en charge de la vall\u00e9e de la B\u00e9nou\u00e9.\u202f\u00a0<\/p>\n<p><strong>Lire aussi<\/strong> : <a href=\"https:\/\/ecomatin.net\/la-banque-mondiale-reporte-le-rapport-doing-business-2021\/\">La Banque Mondiale reporte le rapport Doing Business 2021<\/a><\/p>\n<p>\u00ab\u202fL\u2019irrigation est fondamentale pour assurer la s\u00e9curit\u00e9 alimentaire dans cette r\u00e9gion soudano-sah\u00e9lienne tr\u00e8s fragile et vuln\u00e9rable aux chocs climatiques\u202f\u00bb, souligne\u00a0Abdoulaye Seck, directeur des op\u00e9rations de la Banque mondiale pour le Cameroun.\u202f<\/p>\n<p>L\u2019augmentation de la productivit\u00e9 agricole et hydrique dans la Vall\u00e9e de la B\u00e9nou\u00e9 devrait profiter aux diff\u00e9rents groupes d\u2019agriculteurs de la r\u00e9gion enti\u00e8re.\u00a0\u00ab\u00a0Les femmes, en particulier, b\u00e9n\u00e9ficieront d\u2019un acc\u00e8s accru \u00e0 la terre, au cr\u00e9dit et \u00e0 des services de soutien, qui leur permettront de mieux faire face aux d\u00e9fis sp\u00e9cifiques auxquels elles sont confront\u00e9es\u00a0\u00bb indique l\u2019institution.<\/p>\n<p><strong>Lire aussi<\/strong> : <a href=\"https:\/\/ecomatin.net\/la-banque-mondiale-va-debloquer-71-milliards-de-f-pour-le-systeme-educatif-camerounais\/\">La Banque Mondiale va d\u00e9bloquer 71 milliards de F pour le syst\u00e8me \u00e9duc<\/a>atif camerounais<\/p>\n<p>En plus des agriculteurs, ce financement pourra impacter la vie des populations rurales et urbaines des populations de la r\u00e9gion du Nord Cameroun, notamment en mati\u00e8re de s\u00e9curit\u00e9 alimentaire, du fait de la baisse des prix des denr\u00e9es alimentaires que devrait entra\u00eener l\u2019augmentation de la productivit\u00e9 agricole.<\/p>\n<p><strong>Lire aussi<\/strong> : <a href=\"https:\/\/ecomatin.net\/banque-mondiale-le-cameroun-reste-parmi-les-pays-a-revenu-intermediaire\/\">Banque Mondiale\u00a0: le Cameroun reste parmi les pays \u00e0 revenu interm\u00e9diaire<\/a><\/p>\n<div class=\"awac-wrapper awac widget posts-list-widget-11\">\n<h4 class=\"widget-title\">Le plus r\u00e9cent<\/h4>\n<\/div>\n<p>Auteur: Eco Matin<br \/>\n<a href=\"https:\/\/ecomatin.net\/la-banque-mondiale-debloque-111-milliards-pour-la-vallee-de-la-benoue\/\">Cliquez ici pour lire l&rsquo;article depuis sa source.<\/a><\/p>\n","protected":false},"excerpt":{"rendered":"<p>La Banque Mondiale veut aider le Cameroun \u00e0 augmenter la productivit\u00e9 hydrique et agricole dans la Vall\u00e9e de la B\u00e9nou\u00e9. Le Conseil des administrateurs de l\u2019institution financi\u00e8re a approuv\u00e9 le 08 septembre dernier, un financement de l\u2019Association internationale de d\u00e9veloppement, d\u2019un montant de 200 millions de dollars (soit environ 111,5 milliards de F CFA) destin\u00e9 [&hellip;]<\/p>\n","protected":false},"author":1969,"featured_media":0,"comment_status":"closed","ping_status":"closed","sticky":false,"template":"","format":"standard","meta":{"fifu_image_url":"","fifu_image_alt":"","footnotes":""},"categories":[82,78],"tags":[],"class_list":["post-98403","post","type-post","status-publish","format-standard","hentry","category-cameroun","category-economie"],"_links":{"self":[{"href":"https:\/\/linitiative.ca\/International\/wp-json\/wp\/v2\/posts\/98403","targetHints":{"allow":["GET"]}}],"collection":[{"href":"https:\/\/linitiative.ca\/International\/wp-json\/wp\/v2\/posts"}],"about":[{"href":"https:\/\/linitiative.ca\/International\/wp-json\/wp\/v2\/types\/post"}],"author":[{"embeddable":true,"href":"https:\/\/linitiative.ca\/International\/wp-json\/wp\/v2\/users\/1969"}],"replies":[{"embeddable":true,"href":"https:\/\/linitiative.ca\/International\/wp-json\/wp\/v2\/comments?post=98403"}],"version-history":[{"count":0,"href":"https:\/\/linitiative.ca\/International\/wp-json\/wp\/v2\/posts\/98403\/revisions"}],"wp:attachment":[{"href":"https:\/\/linitiative.ca\/International\/wp-json\/wp\/v2\/media?parent=98403"}],"wp:term":[{"taxonomy":"category","embeddable":true,"href":"https:\/\/linitiative.ca\/International\/wp-json\/wp\/v2\/categories?post=98403"},{"taxonomy":"post_tag","embeddable":true,"href":"https:\/\/linitiative.ca\/International\/wp-json\/wp\/v2\/tags?post=98403"}],"curies":[{"name":"wp","href":"https:\/\/api.w.org\/{rel}","templated":true}]}}