{"id":98406,"date":"2020-09-10T10:00:43","date_gmt":"2020-09-10T14:00:43","guid":{"rendered":"https:\/\/linitiative.ca\/International\/cancer-du-col-de-luterus-la-profession-appelle-a-la-vaccination\/"},"modified":"2020-09-10T10:00:43","modified_gmt":"2020-09-10T14:00:43","slug":"cancer-du-col-de-luterus-la-profession-appelle-a-la-vaccination","status":"publish","type":"post","link":"https:\/\/linitiative.ca\/International\/cancer-du-col-de-luterus-la-profession-appelle-a-la-vaccination\/","title":{"rendered":"Cancer du col de l\u2019ut\u00e9rus : La profession appelle \u00e0 la vaccination"},"content":{"rendered":"<p><img decoding=\"async\" class=\"post_layout_5_img\" src=\"http:\/\/aujourdhui.ma\/wp-content\/uploads\/2020\/09\/gardasil-vaccin-hpv-papillomavirus-cancer-col-de-l-uterus-dffee4-0@1x.jpg\" alt=\"Cancer du col de l&#x2019;ut&#xE9;rus : La profession appelle &#xE0; la vaccination\"\/><\/p>\n<p><strong>Seconde affection maligne qui touche les femmes au Maroc, le cancer de l\u2019ut\u00e9rus pourrait \u00eatre \u00e9vit\u00e9, par le biais de la vaccination contre les infections aux papillomavirus (HPV). Ces derni\u00e8res repr\u00e9sentant la principale cause du d\u00e9veloppement des l\u00e9sions canc\u00e9reuses. Le Centre Mohammed VI se mobilise.<\/strong><br \/><span class=\"c5\"><strong>Explications<\/strong><\/span>.<span id=\"more-355081\"\/><\/p>\n<p>Le Centre Mohammed VI pour le traitement des cancers organise, aujourd\u2019hui, un webinaire destin\u00e9 aux professionnels de la sant\u00e9 traitant de la vaccination contre les infections aux papillomavirus humains (HPV). Soutenu par les laboratoires MSD, un tel \u00e9v\u00e9nement vise \u00e0 sensibiliser \u00e0 l\u2019importance de la vaccination contre les HPV, cause principale du d\u00e9veloppement des l\u00e9sions pr\u00e9canc\u00e9reuses et canc\u00e9reuses du col de l\u2019ut\u00e9rus. C\u2019est en 2006 que les vaccins contre les infections \u00e0 HPV ont \u00e9t\u00e9 introduits dans de nombreux pays dans le monde. Selon les donn\u00e9es datant de 2018 de l\u2019Institut national du cancer en France, \u00ab79 pays y ont recours et ont un programme de vaccination contre les HPV\u00bb. Des \u00e9tudes reposant sur des donn\u00e9es en vie r\u00e9elle d\u00e9montrent, par ailleurs, l\u2019efficacit\u00e9 clinique et l\u2019innocuit\u00e9 du vaccin contre les HPV.<\/p>\n<p><a href=\"https:http:\/\/aujourdhui.ma\/wp-content\/uploads\/2020\/09\/HPV_small.jpg\"><img loading=\"lazy\" decoding=\"async\" class=\"size-full wp-image-355083 alignleft\" src=\"http:\/\/aujourdhui.ma\/wp-content\/uploads\/2020\/09\/HPV_small.jpg\" alt=\"\" width=\"250\" height=\"182\"\/><\/a>Au Maroc, le cancer du col ut\u00e9rin, arrivant en deuxi\u00e8me position apr\u00e8s le cancer du sein, repr\u00e9sente un v\u00e9ritable probl\u00e8me de sant\u00e9 publique tant dans la fr\u00e9quence qu\u2019au niveau du taux de mortalit\u00e9. Selon, en effet, le registre des cancers de la r\u00e9gion du Grand Casablanca, \u00abson incidence est de 14 nouveaux cas pour 100.000 femmes, ce qui repr\u00e9sente un taux d\u2019incidence \u00e9lev\u00e9 compar\u00e9 aux pays occidentaux. La survie \u00e0 5 ans ne d\u00e9passant pas les 60%, tous stades confondus, compte tenu en grande partie du stade de diagnostic assez tardif\u00bb. Et c\u2019est bien \u00e0 ce titre que Pr Abdellatif Benider, directeur du Centre Mohammed VI pour le traitement des cancers, d\u00e9clare que \u00able deuxi\u00e8me plan de pr\u00e9vention et de contr\u00f4le des cancers, \u00e9labor\u00e9 r\u00e9cemment par la Fondation Lalla Salma en \u00e9troite collaboration avec le minist\u00e8re de la sant\u00e9, met la pr\u00e9vention du cancer du col ut\u00e9rin dans les actions prioritaires.<\/p>\n<p>La mise en place d\u2019un programme de vaccination contre les HPV fait partie des recommandations de ce plan pour le Maroc, comme il a \u00e9t\u00e9 le cas dans plusieurs pays d\u00e9velopp\u00e9s qui ont aujourd\u2019hui un programme d\u2019\u00e9radication du cancer du col ut\u00e9rin gr\u00e2ce \u00e0 la vaccination\u00bb.<\/p>\n<p>Bref, ce webinaire valorise l\u2019int\u00e9r\u00eat du d\u00e9pistage pour le diagnostic pr\u00e9coce et l\u2019importance de la vaccination pour pr\u00e9venir le cancer du col de l\u2019ut\u00e9rus. Le Maroc s\u2019y attelle \u00e0 travers la Fondation Lalla Salma.<\/p>\n<p>Auteur: Dounia Essabban<br \/>\n<a href=\"https:\/\/aujourdhui.ma\/societe\/cancer-du-col-de-luterus-la-profession-appelle-a-la-vaccination\">Cliquez ici pour lire l&rsquo;article depuis sa source.<\/a><\/p>\n","protected":false},"excerpt":{"rendered":"<p>Seconde affection maligne qui touche les femmes au Maroc, le cancer de l\u2019ut\u00e9rus pourrait \u00eatre \u00e9vit\u00e9, par le biais de la vaccination contre les infections aux papillomavirus (HPV). Ces derni\u00e8res repr\u00e9sentant la principale cause du d\u00e9veloppement des l\u00e9sions canc\u00e9reuses. Le Centre Mohammed VI se mobilise.Explications. Le Centre Mohammed VI pour le traitement des cancers organise, [&hellip;]<\/p>\n","protected":false},"author":1759,"featured_media":98407,"comment_status":"closed","ping_status":"closed","sticky":false,"template":"","format":"standard","meta":{"fifu_image_url":"","fifu_image_alt":"","footnotes":""},"categories":[73,54],"tags":[],"class_list":["post-98406","post","type-post","status-publish","format-standard","has-post-thumbnail","hentry","category-actualite","category-maroc"],"_links":{"self":[{"href":"https:\/\/linitiative.ca\/International\/wp-json\/wp\/v2\/posts\/98406","targetHints":{"allow":["GET"]}}],"collection":[{"href":"https:\/\/linitiative.ca\/International\/wp-json\/wp\/v2\/posts"}],"about":[{"href":"https:\/\/linitiative.ca\/International\/wp-json\/wp\/v2\/types\/post"}],"author":[{"embeddable":true,"href":"https:\/\/linitiative.ca\/International\/wp-json\/wp\/v2\/users\/1759"}],"replies":[{"embeddable":true,"href":"https:\/\/linitiative.ca\/International\/wp-json\/wp\/v2\/comments?post=98406"}],"version-history":[{"count":0,"href":"https:\/\/linitiative.ca\/International\/wp-json\/wp\/v2\/posts\/98406\/revisions"}],"wp:featuredmedia":[{"embeddable":true,"href":"https:\/\/linitiative.ca\/International\/wp-json\/"}],"wp:attachment":[{"href":"https:\/\/linitiative.ca\/International\/wp-json\/wp\/v2\/media?parent=98406"}],"wp:term":[{"taxonomy":"category","embeddable":true,"href":"https:\/\/linitiative.ca\/International\/wp-json\/wp\/v2\/categories?post=98406"},{"taxonomy":"post_tag","embeddable":true,"href":"https:\/\/linitiative.ca\/International\/wp-json\/wp\/v2\/tags?post=98406"}],"curies":[{"name":"wp","href":"https:\/\/api.w.org\/{rel}","templated":true}]}}