{"id":98410,"date":"2020-09-10T11:00:55","date_gmt":"2020-09-10T15:00:55","guid":{"rendered":"https:\/\/linitiative.ca\/International\/participez-jusquau-20-septembre-au-young-moroccan-architecture-awards\/"},"modified":"2020-09-10T11:00:55","modified_gmt":"2020-09-10T15:00:55","slug":"participez-jusquau-20-septembre-au-young-moroccan-architecture-awards","status":"publish","type":"post","link":"https:\/\/linitiative.ca\/International\/participez-jusquau-20-septembre-au-young-moroccan-architecture-awards\/","title":{"rendered":"Participez jusqu\u2019au 20 septembre au Young Moroccan Architecture Awards"},"content":{"rendered":"<p><img decoding=\"async\" class=\"post_layout_5_img\" src=\"http:\/\/aujourdhui.ma\/wp-content\/uploads\/2020\/09\/Participez-jusquau-20-septembre-au-Young-Moroccan-Architecture-Awards.jpg\" alt=\"Participez jusqu&#x2019;au 20 septembre au Young Moroccan Architecture Awards\"\/><\/p>\n<p><strong>Jeunes architectes marocains de moins de 45 ans<\/strong><span id=\"more-355088\"\/><\/p>\n<p>Les jeunes architectes marocains de moins de 45 ans ont jusqu\u2019au 20 septembre 2020 comme date limite d\u2019inscription finale au<br \/>Young Moroccan Architecture Awards (YMAA). Cette comp\u00e9tition initi\u00e9e par le Groupe Archimedia, 1er groupe des m\u00e9dias de l\u2019architecture et du BTP au Maroc, vise \u00e0 \u00abmettre en valeur les r\u00e9alisations architecturales majeures des jeunes architectes du Maroc\u00bb.<\/p>\n<p>Cet \u00e9v\u00e9nement, qui est \u00abune premi\u00e8re en Afrique\u00bb, se veut \u00e9galement de propulser la jeune sc\u00e8ne architecturale marocaine dans le concert mondial de la cr\u00e9ativit\u00e9.<br \/>Et c\u2019est un jury international, compos\u00e9 d\u2019architectes de renom, qui r\u00e9compensera, selon le Groupe initiateur, ces jeunes praticiens dans \u00ab32 cat\u00e9gories couvrant l\u2019ensemble des disciplines architecturales\u00bb. Ainsi, les architectes les plus m\u00e9ritants recevront, entre autres, des distinctions en \u00abB\u00e2timent culturel\u00bb et \u00abRestauration du patrimoine\u00bb.<br \/>Pr\u00e9sid\u00e9 par l\u2019architecte de renom, Taoufik El Oufir, le jury sera compos\u00e9 d\u2019\u00e9minents autres professionnels aussi bien du Maroc que d\u2019Italie ou de France. \u00abChristian de Portzamparc, architecte du grand th\u00e9\u00e2tre de Casablanca, sera l\u2019invit\u00e9 d\u2019honneur du jury\u00bb, annonce le Groupe.<\/p>\n<p>Au-del\u00e0 de ce concours, la typologie de la population des architectes conna\u00eet, comme le rappelle la m\u00eame source, un changement important avec une diminution de l\u2019\u00e2ge moyen des praticiens. Chaque ann\u00e9e, des centaines de jeunes laur\u00e9ats issus principalement des \u00e9coles nationales int\u00e8grent le march\u00e9 du travail et l\u2019int\u00e9r\u00eat pour le patrimoine architectural conna\u00eet un engouement perceptible. \u00abAujourd\u2019hui plus que jamais, il est n\u00e9cessaire d\u2019honorer ces praticiens, de stimuler leur cr\u00e9ativit\u00e9, de reconna\u00eetre les particularit\u00e9s et centres d\u2019int\u00e9r\u00eat de chacun, mais \u00e9galement de donner aux plus talentueux la reconnaissance qu\u2019ils m\u00e9ritent.<\/p>\n<p>C\u2019est pourquoi le groupe Archimedia, fort de ses vingt ans d\u2019exp\u00e9rience et d\u2019engagement permanent envers les architectes, a d\u00e9cid\u00e9 d\u2019organiser les Young Moroccan Architecture Awards, afin de reconna\u00eetre l\u2019excellence des pratiques architecturales au Maroc\u00bb, encha\u00eene le Groupe. Cette f\u00eate de la cr\u00e9ativit\u00e9 permettra \u00e0 des centaines de jeunes architectes de faire conna\u00eetre \u00e0 un large public, via les m\u00e9dias, leurs projets d\u2019architecture qui forment le patrimoine de demain.<\/p>\n<p>Pour rappel, l\u2019\u00e9v\u00e9nement se poursuivra jusqu\u2019\u00e0 d\u00e9cembre 2020. Quant \u00e0 la soir\u00e9e de remise des Awards, elle aura lieu \u00e0 Casablanca. Cependant, les dates sont susceptibles d\u2019\u00eatre sujettes \u00e0 des modifications en fonction de l\u2019\u00e9tat d\u2019urgence sanitaire au Maroc. Bonne chance aux candidats.<\/p>\n<p>Auteur: ALM<br \/>\n<a href=\"https:\/\/aujourdhui.ma\/culture\/participez-jusquau-20-septembre-au-young-moroccan-architecture-awards\">Cliquez ici pour lire l&rsquo;article depuis sa source.<\/a><\/p>\n","protected":false},"excerpt":{"rendered":"<p>Jeunes architectes marocains de moins de 45 ans Les jeunes architectes marocains de moins de 45 ans ont jusqu\u2019au 20 septembre 2020 comme date limite d\u2019inscription finale auYoung Moroccan Architecture Awards (YMAA). Cette comp\u00e9tition initi\u00e9e par le Groupe Archimedia, 1er groupe des m\u00e9dias de l\u2019architecture et du BTP au Maroc, vise \u00e0 \u00abmettre en valeur [&hellip;]<\/p>\n","protected":false},"author":1759,"featured_media":98411,"comment_status":"closed","ping_status":"closed","sticky":false,"template":"","format":"standard","meta":{"fifu_image_url":"","fifu_image_alt":"","footnotes":""},"categories":[73,54],"tags":[],"class_list":["post-98410","post","type-post","status-publish","format-standard","has-post-thumbnail","hentry","category-actualite","category-maroc"],"_links":{"self":[{"href":"https:\/\/linitiative.ca\/International\/wp-json\/wp\/v2\/posts\/98410","targetHints":{"allow":["GET"]}}],"collection":[{"href":"https:\/\/linitiative.ca\/International\/wp-json\/wp\/v2\/posts"}],"about":[{"href":"https:\/\/linitiative.ca\/International\/wp-json\/wp\/v2\/types\/post"}],"author":[{"embeddable":true,"href":"https:\/\/linitiative.ca\/International\/wp-json\/wp\/v2\/users\/1759"}],"replies":[{"embeddable":true,"href":"https:\/\/linitiative.ca\/International\/wp-json\/wp\/v2\/comments?post=98410"}],"version-history":[{"count":0,"href":"https:\/\/linitiative.ca\/International\/wp-json\/wp\/v2\/posts\/98410\/revisions"}],"wp:featuredmedia":[{"embeddable":true,"href":"https:\/\/linitiative.ca\/International\/wp-json\/"}],"wp:attachment":[{"href":"https:\/\/linitiative.ca\/International\/wp-json\/wp\/v2\/media?parent=98410"}],"wp:term":[{"taxonomy":"category","embeddable":true,"href":"https:\/\/linitiative.ca\/International\/wp-json\/wp\/v2\/categories?post=98410"},{"taxonomy":"post_tag","embeddable":true,"href":"https:\/\/linitiative.ca\/International\/wp-json\/wp\/v2\/tags?post=98410"}],"curies":[{"name":"wp","href":"https:\/\/api.w.org\/{rel}","templated":true}]}}