{"id":98414,"date":"2020-09-10T09:33:01","date_gmt":"2020-09-10T13:33:01","guid":{"rendered":"https:\/\/linitiative.ca\/International\/loms-ne-sattend-pas-a-une-vaccination-generalisee-avant-mi-2021\/"},"modified":"2020-09-10T09:33:01","modified_gmt":"2020-09-10T13:33:01","slug":"loms-ne-sattend-pas-a-une-vaccination-generalisee-avant-mi-2021","status":"publish","type":"post","link":"https:\/\/linitiative.ca\/International\/loms-ne-sattend-pas-a-une-vaccination-generalisee-avant-mi-2021\/","title":{"rendered":"L\u2019OMS ne s\u2019attend pas \u00e0 une vaccination g\u00e9n\u00e9ralis\u00e9e avant mi-2021"},"content":{"rendered":"<p class=\"has-text-color has-vivid-red-color c2\"><strong>M<\/strong><strong>auvaise nouvelle sur le front de la lutte contre Covid19<\/strong><\/p>\n<p class=\"has-text-color c3\"><strong>Le seuil des 900.000 morts du Covid-19 a \u00e9t\u00e9 franchi mercredi, s\u2019ajoutant \u00e0 une mauvaise nouvelle venue de Londres: l\u2019arr\u00eat de l\u2019un des essais cliniques de vaccin les plus avanc\u00e9s.<\/strong><\/p>\n<div class=\"wp-block-image\"><img loading=\"lazy\" decoding=\"async\" src=\"http:\/\/albayane.press.ma\/wp-content\/uploads\/rdc-2-13.jpg\" alt=\"\" class=\"wp-image-95344\" width=\"572\" height=\"285\"\/><\/div>\n<p>Au total, 900.052 d\u00e9c\u00e8s ont \u00e9t\u00e9 recens\u00e9s dans le monde depuis l\u2019apparition des premiers cas en Chine en d\u00e9cembre, selon un comptage r\u00e9alis\u00e9 par l\u2019AFP \u00e0 partir de sources officielles.<\/p>\n<p>Plus t\u00f4t le m\u00eame jour, le groupe pharmaceutique anglo-su\u00e9dois AstraZeneca, partenaire industriel de la prestigieuse universit\u00e9 britannique Oxford, a d\u00e9tect\u00e9 un \u00e9ventuel effet ind\u00e9sirable grave chez un participant aux essais cliniques de son vaccin exp\u00e9rimental.<\/p>\n<p>Il s\u2019agit de l\u2019apparition d\u2019une maladie non-expliqu\u00e9e chez un volontaire. \u00abNous avons volontairement fait une pause dans les vaccinations pour permettre une \u00e9valuation de s\u00e9curit\u00e9 par un comit\u00e9 ind\u00e9pendant\u00bb, a d\u00e9clar\u00e9 la soci\u00e9t\u00e9.<\/p>\n<p>Selon le site sp\u00e9cialis\u00e9 Statnews, les essais ont \u00e9t\u00e9 interrompus en raison \u00abd\u2019une suspicion d\u2019un effet ind\u00e9sirable grave chez un participant au Royaume-Uni\u00bb.<\/p>\n<p>Pour David Lo, professeur \u00e0 l\u2019Universit\u00e9 de California Riverside, \u00abd\u2019autres effets ind\u00e9sirables\u00bb ont d\u00e9j\u00e0 \u00e9t\u00e9 signal\u00e9s, \u00abcomme de la fi\u00e8vre, des douleurs (\u2026) donc cela pourrait \u00eatre quelque chose de plus grave\u00bb, a-t-il affirm\u00e9 \u00e0 l\u2019AFP.<\/p>\n<p>Interrog\u00e9e par l\u2019AFP, l\u2019Organisation mondiale de la sant\u00e9 (OMS) a soulign\u00e9 que \u00ables suspensions temporaires d\u2019essais cliniques de vaccins ne sont pas rares\u00bb. \u00abNous sommes satisfaits de voir que l\u2019int\u00e9grit\u00e9 scientifique des essais est garantie, et que sont respect\u00e9es les directives et les r\u00e8gles standards pour le d\u00e9veloppement des vaccins\u00bb, a-t-elle ajout\u00e9.<\/p>\n<p>Cette pause dans les essais pourrait retarder l\u2019un des projets occidentaux parmi les plus avanc\u00e9s, avec ceux des soci\u00e9t\u00e9s am\u00e9ricaines Moderna et Pfizer, chacun \u00e9tant en train de recruter des dizaines de milliers de volontaires afin de v\u00e9rifier que les doses sont s\u00fbres, et emp\u00eachent les personnes vaccin\u00e9es de tomber malades du Covid-19.<br \/>Les trois soci\u00e9t\u00e9s disaient jusqu\u2019\u00e0 pr\u00e9sent esp\u00e9rer des r\u00e9sultats avant la fin de l\u2019ann\u00e9e ou le d\u00e9but de 2021, et ont commenc\u00e9 \u00e0 fabriquer des millions de doses en avance au cas o\u00f9 ils seraient probants.<\/p>\n<p>AstraZeneca a pr\u00e9-vendu des centaines de millions de doses \u00e0 de multiples pays dans le monde, plus qu\u2019aucun de ses concurrents.<\/p>\n<p>Cette annonce, la premi\u00e8re d\u2019une telle nature parmi les dizaines d\u2019essais cliniques en cours dans le monde, est intervenue quelques heures avant que l\u2019Union europ\u00e9enne n\u2019annonce avoir pass\u00e9 un autre accord pr\u00e9liminaire pour obtenir 200 millions de doses d\u2019un potentiel vaccin d\u00e9velopp\u00e9 par l\u2019alliance germano-am\u00e9ricaine Biontech\/Pfizer.<\/p>\n<p>L\u2019UE a d\u00e9j\u00e0 conclu des accords pour s\u2019assurer l\u2019acc\u00e8s aux \u00e9ventuels vaccins des groupes Sanofi-GSK, Johnson &amp; Johnson, CureVac, Moderna et AstraZeneca.<\/p>\n<p>En Russie, les autorit\u00e9s de Moscou ont annonc\u00e9 avoir commenc\u00e9 \u00e0 tester le vaccin russe sur 40.000 habitants de la capitale, derni\u00e8re \u00e9tape des essais de ce vaccin annonc\u00e9 en grande pompe en ao\u00fbt.<\/p>\n<p>\u00abLes premiers participants se sont fait vacciner aujourd\u2019hui dans les \u00e9tablissements m\u00e9dicaux de la capitale\u00bb, s\u2019est f\u00e9licit\u00e9e l\u2019adjointe au maire de Moscou, Anastasia Rakova.<\/p>\n<p>La Russie a annonc\u00e9 d\u00e9but ao\u00fbt avoir d\u00e9velopp\u00e9 le \u00abpremier\u00bb vaccin contre le Covid-19, baptis\u00e9 Spoutnik V, mis au point par le centre de recherches Nikola\u00ef-Gamale\u00efa.<\/p>\n<p>Il a toutefois \u00e9t\u00e9 accueilli avec scepticisme dans le monde, notamment \u00e0 cause notamment de l\u2019absence de phase finale des essais au moment de son annonce. Sauf au Venezuela o\u00f9 le pr\u00e9sident Nicolas Maduro a annonc\u00e9 qu\u2019un premier lot devait arriver ce mois-ci pour des essais cliniques.<\/p>\n<p>Dans la perspective de vaccinations massives dans le monde, il faut, en plus d\u2019un vaccin efficace et s\u00fbr, le moyen de l\u2019administrer.<\/p>\n<p>Pour cela, le principal producteur de seringues indien, Hindustan Syringes, l\u2019un des grands producteurs mondiaux de dispositifs d\u2019injection, se pr\u00e9pare et augmente sa production.<\/p>\n<p>Il fabrique d\u00e9j\u00e0 chaque ann\u00e9e 700 millions de seringues autobloquantes -pour pr\u00e9venir toute r\u00e9utilisation- et table sur un milliard d\u2019ici 2021.<br \/>Prashant Yadav, sp\u00e9cialiste de l\u2019approvisionnement en mati\u00e8re de sant\u00e9 \u00e0 la Harvard Medical School, assure \u00e0 l\u2019AFP que le monde devrait \u00abavoir une capacit\u00e9 suffisante pour la premi\u00e8re vague de vaccinations qui concernera des groupes prioritaires\u00bb.<\/p>\n<p>Mais \u00ablorsque nous parviendrons \u00e0 une vaccination \u00e0 grande \u00e9chelle \u00e0 la fin 2021 ou en 2022 et que les estimations pour la demande de doses d\u00e9passeront les dix milliards, l\u2019approvisionnement en seringues deviendra une contrainte\u00bb, ajoute-t-il.<\/p>\n<p>L\u2019OMS ne s\u2019attend pas \u00e0 une vaccination g\u00e9n\u00e9ralis\u00e9e avant mi-2021.<\/p>\n<p>Les Etats-Unis sont le pays le plus touch\u00e9 tant en nombre de morts que de cas, avec plus de 190.000 d\u00e9c\u00e8s, selon le comptage de l\u2019universit\u00e9 Johns Hopkins.<\/p>\n<p>Suivent le Br\u00e9sil avec plus de 128.000 morts, l\u2019Inde avec plus de 73.000 morts et le Mexique avec plus de 68.000 morts.<\/p>\n<p>Au Royaume-Uni, qui conna\u00eet une inqui\u00e9tante r\u00e9surgence de la pand\u00e9mie, le Premier ministre Boris Johnson a annonc\u00e9 des \u00abmesures d\u00e9cisives\u00bb, dont l\u2019interdiction des rassemblements de plus de six personnes, contre trente jusqu\u2019\u00e0 pr\u00e9sent.<\/p>\n<p>Ailleurs en Europe, la hausse des contaminations se poursuit \u00e9galement. En R\u00e9publique tch\u00e8que, le port obligatoire du masque s\u2019\u00e9tend d\u00e9sormais aux espaces publics clos, comme les \u00e9coles, les commerces et les restaurants.<\/p>\n<p>L\u2019Allemagne a elle d\u00e9cid\u00e9 de placer trois nouvelles r\u00e9gions fran\u00e7aises en zones \u00e0 risque, ainsi que les cantons suisses de Gen\u00e8ve, de Vaux, la r\u00e9gion croate de Dubrovnik ou encore Prague. Les touristes en revenant doivent \u00eatre test\u00e9s.<\/p>\n<p class=\"c4\">(AFP)<\/p>\n<p>Auteur: M&rsquo;hammed rahal<br \/>\n<a href=\"http:\/\/albayane.press.ma\/loms-ne-sattend-pas-a-une-vaccination-generalisee-avant-mi-2021.html\">Cliquez ici pour lire l&rsquo;article depuis sa source.<\/a><\/p>\n","protected":false},"excerpt":{"rendered":"<p>Mauvaise nouvelle sur le front de la lutte contre Covid19 Le seuil des 900.000 morts du Covid-19 a \u00e9t\u00e9 franchi mercredi, s\u2019ajoutant \u00e0 une mauvaise nouvelle venue de Londres: l\u2019arr\u00eat de l\u2019un des essais cliniques de vaccin les plus avanc\u00e9s. Au total, 900.052 d\u00e9c\u00e8s ont \u00e9t\u00e9 recens\u00e9s dans le monde depuis l\u2019apparition des premiers cas [&hellip;]<\/p>\n","protected":false},"author":1760,"featured_media":98415,"comment_status":"closed","ping_status":"closed","sticky":false,"template":"","format":"standard","meta":{"fifu_image_url":"","fifu_image_alt":"","footnotes":""},"categories":[73,54],"tags":[],"class_list":["post-98414","post","type-post","status-publish","format-standard","has-post-thumbnail","hentry","category-actualite","category-maroc"],"_links":{"self":[{"href":"https:\/\/linitiative.ca\/International\/wp-json\/wp\/v2\/posts\/98414","targetHints":{"allow":["GET"]}}],"collection":[{"href":"https:\/\/linitiative.ca\/International\/wp-json\/wp\/v2\/posts"}],"about":[{"href":"https:\/\/linitiative.ca\/International\/wp-json\/wp\/v2\/types\/post"}],"author":[{"embeddable":true,"href":"https:\/\/linitiative.ca\/International\/wp-json\/wp\/v2\/users\/1760"}],"replies":[{"embeddable":true,"href":"https:\/\/linitiative.ca\/International\/wp-json\/wp\/v2\/comments?post=98414"}],"version-history":[{"count":0,"href":"https:\/\/linitiative.ca\/International\/wp-json\/wp\/v2\/posts\/98414\/revisions"}],"wp:featuredmedia":[{"embeddable":true,"href":"https:\/\/linitiative.ca\/International\/wp-json\/"}],"wp:attachment":[{"href":"https:\/\/linitiative.ca\/International\/wp-json\/wp\/v2\/media?parent=98414"}],"wp:term":[{"taxonomy":"category","embeddable":true,"href":"https:\/\/linitiative.ca\/International\/wp-json\/wp\/v2\/categories?post=98414"},{"taxonomy":"post_tag","embeddable":true,"href":"https:\/\/linitiative.ca\/International\/wp-json\/wp\/v2\/tags?post=98414"}],"curies":[{"name":"wp","href":"https:\/\/api.w.org\/{rel}","templated":true}]}}