{"id":98420,"date":"2020-09-10T10:32:29","date_gmt":"2020-09-10T14:32:29","guid":{"rendered":"https:\/\/linitiative.ca\/International\/%ef%bb%bfdemantelement-par-le-bcij-dune-cellule-terroriste-liee-a-lei\/"},"modified":"2020-09-10T10:32:29","modified_gmt":"2020-09-10T14:32:29","slug":"%ef%bb%bfdemantelement-par-le-bcij-dune-cellule-terroriste-liee-a-lei","status":"publish","type":"post","link":"https:\/\/linitiative.ca\/International\/%ef%bb%bfdemantelement-par-le-bcij-dune-cellule-terroriste-liee-a-lei\/","title":{"rendered":"\ufeffD\u00e9mant\u00e8lement par le BCIJ d\u2019une cellule terroriste li\u00e9e \u00e0 l\u2019EI"},"content":{"rendered":"<p class=\"has-text-color c2\"><strong>Avortement d\u2019attaques imminentes dans plusieurs villes marocaines<\/strong><\/p>\n<p class=\"has-text-color has-vivid-red-color\"><strong>Dans le cadre des efforts inlassables visant \u00e0 neutraliser les menaces terroristes et pr\u00e9server le Royaume contre les plans destructeurs sur lesquels misent les organisations terroristes, le Bureau central d\u2019investigation judiciaires (BCIJ), relevant de la Direction g\u00e9n\u00e9rale de la surveillance du territoire (DGST) a r\u00e9ussi, sur la base de renseignements pr\u00e9cis, \u00e0 d\u00e9manteler une cellule terroriste affili\u00e9e \u00e0 l\u2019organisation dite \u00ab\u00a0Etat islamique\u00a0\u00bb, mettant en \u00e9chec ses plans imminents et extr\u00eamement complexes ayant des liens dans plusieurs villes marocaines.<\/strong><\/p>\n<p>Ces op\u00e9rations de s\u00e9curit\u00e9, ex\u00e9cut\u00e9es simultan\u00e9ment dans les villes de Tanger, Tiflet, T\u00e9mara et Skhirat, aux premi\u00e8res heures de jeudi, ont abouti \u00e0 l\u2019arrestation de cinq extr\u00e9mistes \u00e2g\u00e9s entre 29 et 43 ans, indique un communiqu\u00e9 du BCIJ, ajoutant que l\u2019un des suspects interpell\u00e9 \u00e0 Tiflet a oppos\u00e9 une r\u00e9sistance farouche. Tentant d\u2019exposer des \u00e9l\u00e9ments de l\u2019Intervention rapide \u00e0 une agression terroriste, il a gri\u00e8vement bless\u00e9 l\u2019un d\u2019eux au niveau de l\u2019avant-bras \u00e0 l\u2019aide d\u2019un outil tranchant, avant d\u2019\u00eatre interpell\u00e9 apr\u00e8s des tirs de balles de sommation et des bombes sonores. Un autre suspect interpell\u00e9 dans la ville de T\u00e9mara, poursuit la m\u00eame source, a tent\u00e9 de se faire exploser \u00e0 l\u2019aide d\u2019une grande bonbonne \u00e0 gaz, affichant \u00e0 son tour une r\u00e9sistance farouche, ce qui a oblig\u00e9 les \u00e9l\u00e9ments d\u2019Intervention rapide \u00e0 tirer quatre balles, des bombes sonores et des bombes fumig\u00e8nes afin de brouiller la vision du suspect, permettant ainsi de neutraliser le danger et de mettre en \u00e9chec ses menaces terroristes.<\/p>\n<p>Les perquisitions et les op\u00e9rations de ratissage men\u00e9es dans des locaux et appartements exploit\u00e9s par les mis en cause comme lieux s\u00e9curis\u00e9s et base-arri\u00e8re de soutien logistique ont permis de saisir 3 ceintures explosives contenant des tubes pour charger des objets explosifs, 15 bouteilles contenant des mati\u00e8res chimiques suspectes, 2 d\u00e9tonateurs \u00e9lectriques, du mat\u00e9riel \u00e9lectronique, des poudres chimiques et des c\u00e2bles \u00e9lectriques, pr\u00e9cise le BCIJ.<\/p>\n<p>Il s\u2019agit aussi de 3 cagoules, 2 paires de jumelles, du mat\u00e9riel \u00e9lectronique et \u00e9lectrique de soudure, une cam\u00e9ra num\u00e9rique sophistiqu\u00e9e, 2 bombes lacrymog\u00e8nes, un grand lot d\u2019armes blanches de diff\u00e9rentes tailles, des petites bonbonnes \u00e0 gaz, 2 cocottes-minutes charg\u00e9es de clous et de c\u00e2bles et une autre contenant un liquide chimique suspect, outre des sacs en plastiques contenant des \u00e9crous en fer et des substances suspectes, 5 batteries et 25 torches, selon la m\u00eame source.<\/p>\n<p>Les perquisitions ont aussi permis de saisir une maquette en carton portant le signe de Daesh, 3 gilets explosifs en cours de pr\u00e9paration, plusieurs tuyaux en plastiques entrant dans la fabrication et la pr\u00e9paration de ceintures explosives, outre environ 3 kg de nitrate d\u2019ammonium qui ont \u00e9t\u00e9 mis, avec les autres substances chimiques saisies, \u00e0 la disposition de l\u2019expertise technique qui sera men\u00e9e par le laboratoire de la police scientifique et technique, ajoute le communiqu\u00e9.<\/p>\n<p>Les recherches et investigations men\u00e9es r\u00e9v\u00e8lent, poursuit-on, que le chef de cette cellule, aux ant\u00e9c\u00e9dents judiciaires dans les crimes violents et consid\u00e9r\u00e9 comme un suspect dangereux, avait planifi\u00e9, en compagnie de ses complices, de mener des op\u00e9rations terroristes visant plusieurs installations et sites sensibles, en utilisant des engins et des ceintures explosifs et ce, pour d\u00e9stabiliser la s\u00e9curit\u00e9 et la stabilit\u00e9 du Royaume.<\/p>\n<p>L\u2019enqu\u00eate a \u00e9galement r\u00e9v\u00e9l\u00e9 que tous les suspects, qui ont atteint des stades avanc\u00e9s de planification et de pr\u00e9paration de leurs projets terroristes, avaient effectu\u00e9 des missions de reconnaissance afin d\u2019identifier leurs cibles qu\u2019ils projetaient d\u2019attaquer par des attentats suicides en utilisant des gilets explosifs, leur objectif \u00e9tant de causer de lourds d\u00e9g\u00e2ts et donner de l\u2019impact \u00e0 ces op\u00e9rations criminelles, au service de l\u2019agenda destructeur de Daech, ajoute le BCIJ.<\/p>\n<p>Les mis en cause ont \u00e9t\u00e9 plac\u00e9s en garde \u00e0 vue \u00e0 la disposition de l\u2019enqu\u00eate judiciaire men\u00e9e sous la supervision du parquet comp\u00e9tent pour d\u00e9terminer l\u2019ensemble de ramifications et liens \u00e9ventuels de ce r\u00e9seau terroriste et interpeller tous les complices dans ces plans destructeurs, en plus de neutraliser tous les dangers et les menaces qui en d\u00e9coulent, rel\u00e8ve la m\u00eame source. Cette op\u00e9ration qualitative intervient dans un contexte marqu\u00e9 par la hausse des menaces terroristes visant le Royaume, notamment avec la recrudescence des activit\u00e9s terroristes dans la r\u00e9gion sahelo-saharienne et dans des zones en Afrique du Nord, conclut le communiqu\u00e9.<\/p>\n<p>Auteur: M&rsquo;hammed rahal<br \/>\n<a href=\"http:\/\/albayane.press.ma\/%EF%BB%BFdemantelement-par-le-bcij-dune-cellule-terroriste-liee-a-lei.html\">Cliquez ici pour lire l&rsquo;article depuis sa source.<\/a><\/p>\n","protected":false},"excerpt":{"rendered":"<p>Avortement d\u2019attaques imminentes dans plusieurs villes marocaines Dans le cadre des efforts inlassables visant \u00e0 neutraliser les menaces terroristes et pr\u00e9server le Royaume contre les plans destructeurs sur lesquels misent les organisations terroristes, le Bureau central d\u2019investigation judiciaires (BCIJ), relevant de la Direction g\u00e9n\u00e9rale de la surveillance du territoire (DGST) a r\u00e9ussi, sur la base [&hellip;]<\/p>\n","protected":false},"author":1760,"featured_media":0,"comment_status":"closed","ping_status":"closed","sticky":false,"template":"","format":"standard","meta":{"fifu_image_url":"","fifu_image_alt":"","footnotes":""},"categories":[73,54],"tags":[],"class_list":["post-98420","post","type-post","status-publish","format-standard","hentry","category-actualite","category-maroc"],"_links":{"self":[{"href":"https:\/\/linitiative.ca\/International\/wp-json\/wp\/v2\/posts\/98420","targetHints":{"allow":["GET"]}}],"collection":[{"href":"https:\/\/linitiative.ca\/International\/wp-json\/wp\/v2\/posts"}],"about":[{"href":"https:\/\/linitiative.ca\/International\/wp-json\/wp\/v2\/types\/post"}],"author":[{"embeddable":true,"href":"https:\/\/linitiative.ca\/International\/wp-json\/wp\/v2\/users\/1760"}],"replies":[{"embeddable":true,"href":"https:\/\/linitiative.ca\/International\/wp-json\/wp\/v2\/comments?post=98420"}],"version-history":[{"count":0,"href":"https:\/\/linitiative.ca\/International\/wp-json\/wp\/v2\/posts\/98420\/revisions"}],"wp:attachment":[{"href":"https:\/\/linitiative.ca\/International\/wp-json\/wp\/v2\/media?parent=98420"}],"wp:term":[{"taxonomy":"category","embeddable":true,"href":"https:\/\/linitiative.ca\/International\/wp-json\/wp\/v2\/categories?post=98420"},{"taxonomy":"post_tag","embeddable":true,"href":"https:\/\/linitiative.ca\/International\/wp-json\/wp\/v2\/tags?post=98420"}],"curies":[{"name":"wp","href":"https:\/\/api.w.org\/{rel}","templated":true}]}}